{"id":36510,"date":"2020-01-01T10:11:00","date_gmt":"2020-01-01T09:11:00","guid":{"rendered":"http:\/\/miradordeatarfe.es\/?p=36510"},"modified":"2020-01-07T13:52:42","modified_gmt":"2020-01-07T12:52:42","slug":"la-tele-de-ahora-y-las-series-espanolas-del-2020","status":"publish","type":"post","link":"https:\/\/miradordeatarfe.es\/?p=36510","title":{"rendered":"La tele de ahora y las series espa\u00f1olas del 2020"},"content":{"rendered":"\n<h4 class=\"wp-block-heading\">Reunimos a los responsables de programaci\u00f3n \nde las tres cadenas generalistas y repasamos con Emma Su\u00e1rez, \nprotagonista de \u00abN\u00e9boa\u00bb, la nueva serie de TVE, algunas de las series \nespa\u00f1olas del 2020<\/h4>\n\n\n\n<p>Mucho se habla del buen estado de la ficci\u00f3n espa\u00f1ola pero \u00bf qu\u00e9 pasa\n con las televisiones generalistas?, \u00bf c\u00f3mo trabajan los responsables de\n programaci\u00f3n?, \u00bf son enemigos o rivales? Hemos reunido a <strong>Gema S\u00e1nchez Pareja<\/strong>, directora de programaci\u00f3n y antena de TVE, <strong>Mario L\u00f3pez<\/strong>, director de antena de la Sexta y <strong>Patricia Marco,<\/strong>\n directora de antena de Mediaset que tienen visiones muy distintas de \ncomo adaptarse al nuevo momento televisivo. Mientras&nbsp; Mediaset, como \ndice <strong>Patricia Marco<\/strong>, tiene clara su l\u00ednea y apuesta por \u00ab<em>el entretenimiento, por llenar la televisi\u00f3n de emociones porque la tele tiene que entretener por encima de otras cosas\u00bb,<\/em> <strong>Mario L\u00f3pez<\/strong>&nbsp;defiende el directo, la actualidad y la responsabilidad social de los medios. <em>\u00abHay\n que dar a los espectadores un producto que tenga enjundia y que aporte \nunos valores y ense\u00f1anzas que hoy m\u00e1s que nunca son necesarios\u00bb.&nbsp;<\/em>Y por su parte Televisi\u00f3n Espa\u00f1ola, y en su nombre <strong>Gema S\u00e1nchez Pareja,<\/strong> defiende que hay que estar cerca del espectador \u00ab<em>con\n un entretenimiento para algunas minor\u00edas junto a una programaci\u00f3n en \ndirecto, unos informativos de calidad y una ficci\u00f3n que se apoye en las \nhistorias\u00bb&nbsp;<\/em><\/p>\n\n\n\n<h3 class=\"wp-block-heading\">N\u00e9boa<\/h3>\n\n\n\n<p><strong>Emma Su\u00e1rez<\/strong> es la protagonista de<strong>&nbsp;&#8216;N\u00e9boa&#8217;,<\/strong> el nuevo thriller de <strong>TVE<\/strong> ambientada en Galicia y que arranca en la primera\n noche de carnaval en la isla de N\u00e9boa, cuando aparece el cad\u00e1ver de una\n adolescente en O Burato do Inferno, un lugar rodeado de leyendas donde ya hab\u00edan aparecido cuerpos asesinados de la misma forma en 1919 y en 1989. \u00ab<em>Ha sido un rodaje duro pero para mi ha sido el descubrimiento de Galicia y una experiencia muy importante en mi vida\u00bb,<\/em>nos dice <strong>Emma Su\u00e1rez<\/strong>.&nbsp;<\/p>\n\n\n\n<h3 class=\"wp-block-heading\">Perdida<\/h3>\n\n\n\n<p><strong>Antena 3<\/strong> estrenar\u00e1 <strong>&#8216;Perdida\u00bb,<\/strong> otro thrillercreado por <strong>Natxo L\u00f3pez<\/strong> ycon <strong>Daniel Grao<\/strong> como protagonista.La serie narra&nbsp;el viaje de unos padres que har\u00e1n lo indecible para descubrir lo que ha pasado con su hija, en una trama que se desarrollar\u00e1 entre Espa\u00f1a y Colombia. <em>\u00abPara\n mi la serie ha cumplido las expectativas. El viaje que me ha tocado con\n este personaje ha sido de los m\u00e1s maravillosos de mi carrera porque la \nhistoria me tocaba por distintas partes\u00bb, nos dice<\/em> <strong>Daniel Grao&nbsp;&nbsp;<\/strong><\/p>\n\n\n\n<h3 class=\"wp-block-heading\">Nasdrovia<\/h3>\n\n\n\n<p><strong>Movistar +<\/strong> estrenar\u00e1 <strong>&#8216;Nasdrovia\u00bb<\/strong> con <strong>Leonor Watling y Hugo Silvia<\/strong>.\n Basada en la novela de Sergio Sarria &#8216;El hombre que odiaba a Paulo \nCoelho&#8217; la serie est\u00e1 dirigida por Marc Vigil. El director est\u00e1 \nemocionado y asegura que \u00ab<em>es la mejor serie que he hecho. Adem\u00e1s es una vuelta a la comedia, una comedia muy distinta a lo que vemos aqu\u00ed\u00bb.&nbsp;<\/em> Y <strong>T<\/strong><strong>elecinco<\/strong> va a estrenar &#8216;<strong>El pueblo&#8217;,<\/strong> una comedia de Alberto Caballero que ya se ha visto en Amazon.<\/p>\n\n\n\n<h3 class=\"wp-block-heading\">Patria<\/h3>\n\n\n\n<p>Pero la serie que todo el mundo espera en este 2020 es &#8216;<strong>Patria&#8217;<\/strong> adaptaci\u00f3n de la novela de Fernando Aramburu. Detr\u00e1s de la serie de <strong>HBO<\/strong> est\u00e1 <strong>Aitor Gabilondo<\/strong> al que la\u00a0serie le ha removido por dentro y que est\u00e1 seguro que <em>\u00abla serie va a emocionar, impactar y sorprender por la verdad que transmite, por donde se ha grabado y por los actores\u00bb.<\/em><\/p>\n\n\n\n<p> <a href=\"https:\/\/cadenaser.com\/autor\/marta_estevez_bureo\/a\/\">Marta Est\u00e9vez<\/a> Madrid  <\/p>\n\n\n\n<p>FOTO:  Mikel Labastida, Mariola Cubells y Emma Su\u00e1rez \/  Cadena Ser <\/p>\n\n\n\n<p><a href=\"https:\/\/cadenaser.com\/programa\/2019\/12\/28\/_y_tu__que_miras\/1577553002_265727.html\">https:\/\/cadenaser.com\/programa\/2019\/12\/28\/_y_tu__que_miras\/1577553002_265727.html<\/a><\/p>\n","protected":false},"excerpt":{"rendered":"<p>Reunimos a los responsables de programaci\u00f3n de las tres cadenas generalistas y repasamos con Emma&#8230;<\/p>\n","protected":false},"author":1,"featured_media":36511,"comment_status":"closed","ping_status":"closed","sticky":false,"template":"","format":"standard","meta":{"_coblocks_attr":"","_coblocks_dimensions":"","_coblocks_responsive_height":"","_coblocks_accordion_ie_support":"","jetpack_post_was_ever_published":false,"_jetpack_newsletter_access":"","_jetpack_dont_email_post_to_subs":false,"_jetpack_newsletter_tier_id":0,"_jetpack_memberships_contains_paywalled_content":false,"_jetpack_memberships_contains_paid_content":false,"footnotes":"","jetpack_publicize_message":"","jetpack_publicize_feature_enabled":true,"jetpack_social_post_already_shared":false,"jetpack_social_options":{"image_generator_settings":{"template":"highway","default_image_id":0,"enabled":false},"version":2}},"categories":[1161,44,6920,15],"tags":[4072,2406,2066],"class_list":["post-36510","post","type-post","status-publish","format-standard","has-post-thumbnail","hentry","category-ciudadania","category-noticias-de-hoy","category-tecnologia","category-ultimas-noticias","tag-cadenas","tag-series","tag-television"],"jetpack_publicize_connections":[],"jetpack_featured_media_url":"https:\/\/i0.wp.com\/miradordeatarfe.es\/wp-content\/uploads\/2019\/12\/1576853929_242986_1576858332_noticia_normal_recorte1.jpg?fit=1300%2C817&ssl=1","jetpack_likes_enabled":true,"jetpack_sharing_enabled":true,"_links":{"self":[{"href":"https:\/\/miradordeatarfe.es\/index.php?rest_route=\/wp\/v2\/posts\/36510","targetHints":{"allow":["GET"]}}],"collection":[{"href":"https:\/\/miradordeatarfe.es\/index.php?rest_route=\/wp\/v2\/posts"}],"about":[{"href":"https:\/\/miradordeatarfe.es\/index.php?rest_route=\/wp\/v2\/types\/post"}],"author":[{"embeddable":true,"href":"https:\/\/miradordeatarfe.es\/index.php?rest_route=\/wp\/v2\/users\/1"}],"replies":[{"embeddable":true,"href":"https:\/\/miradordeatarfe.es\/index.php?rest_route=%2Fwp%2Fv2%2Fcomments&post=36510"}],"version-history":[{"count":1,"href":"https:\/\/miradordeatarfe.es\/index.php?rest_route=\/wp\/v2\/posts\/36510\/revisions"}],"predecessor-version":[{"id":36512,"href":"https:\/\/miradordeatarfe.es\/index.php?rest_route=\/wp\/v2\/posts\/36510\/revisions\/36512"}],"wp:featuredmedia":[{"embeddable":true,"href":"https:\/\/miradordeatarfe.es\/index.php?rest_route=\/wp\/v2\/media\/36511"}],"wp:attachment":[{"href":"https:\/\/miradordeatarfe.es\/index.php?rest_route=%2Fwp%2Fv2%2Fmedia&parent=36510"}],"wp:term":[{"taxonomy":"category","embeddable":true,"href":"https:\/\/miradordeatarfe.es\/index.php?rest_route=%2Fwp%2Fv2%2Fcategories&post=36510"},{"taxonomy":"post_tag","embeddable":true,"href":"https:\/\/miradordeatarfe.es\/index.php?rest_route=%2Fwp%2Fv2%2Ftags&post=36510"}],"curies":[{"name":"wp","href":"https:\/\/api.w.org\/{rel}","templated":true}]}}