{"id":36513,"date":"2020-01-01T08:19:00","date_gmt":"2020-01-01T07:19:00","guid":{"rendered":"http:\/\/miradordeatarfe.es\/?p=36513"},"modified":"2019-12-29T23:26:28","modified_gmt":"2019-12-29T22:26:28","slug":"el-ultimo-domingo-en-el-que-los-mayores-podran-ser-atendidos-en-los-centros-de-dia-en-andalucia","status":"publish","type":"post","link":"https:\/\/miradordeatarfe.es\/?p=36513","title":{"rendered":"El \u00faltimo domingo en el que los mayores podr\u00e1n ser atendidos en los centros de d\u00eda en Andaluc\u00eda"},"content":{"rendered":"\n<h4 class=\"wp-block-heading\">Un total de 81 personas mayores y discapacitados, as\u00ed como sus  familiares, se ver\u00e1n afectadas por esta medida de recorte que ha  establecido el gobierno andaluz para el nuevo a\u00f1o                 <\/h4>\n\n\n\n<p>La<strong> Consejer\u00eda de Igualdad, Asuntos Sociales y Conciliaci\u00f3n<\/strong> comunic\u00f3 a finales de noviembre que no iba a renovar los convenios con los <strong>centros de d\u00eda<\/strong>\n de mayores con dependencia y personas discapacitadas. De este modo, \nse&nbsp;cesa&nbsp;el servicio de atenci\u00f3n en fin de semana y festivos en un total \nde 31 centros de d\u00eda de <a href=\"https:\/\/www.elplural.com\/tag\/andalucia\">Andaluc\u00eda<\/a>&nbsp;y se&nbsp;eliminan&nbsp;todas las plazas este<strong> 31 de diciembre<\/strong>.<\/p>\n\n\n\n<p>Los convenios se llevaron a cabo en 2009 como<strong> programas piloto<\/strong>\n que, debido a la buena acogida que tuvieron, fueron prorrogados \nsucesivamente hasta la actualidad. Seg\u00fan los datos de la Junta, un total\n de<strong> 81 personas <\/strong>se ver\u00e1n afectadas directamente, entre los que se encuentran 59 mayores y 22 personas con discapacidad. &nbsp;En la carta que la <strong>Agencia de Servicios Sociales y Dependencia de Andaluc\u00eda <\/strong>envi\u00f3\n a los 31 centros que contaban con estos convenios, se explica que \n\u201cpertenece a un programa piloto que nunca lleg\u00f3 a desarrollarse y que, \npor tanto, no cuenta con ning\u00fan fundamento normativo que lo sustente\u201d.<\/p>\n\n\n\n<p>El Gobierno andaluz asegur\u00f3 que \u201cse trata de un programa que fue \npiloto y que carec\u00eda de sustento legal. Es una prestaci\u00f3n que no est\u00e1 \nrecogida en la Ley de Dependencia. La demanda ha sido escasa, ha ido \nperdiendo solicitantes a lo largo de los a\u00f1os y no se adaptaba a la \nfinalidad del centro de d\u00eda\u201d, seg\u00fan adelant\u00f3 <em>diario P\u00fablico<\/em>.<\/p>\n\n\n\n<p>Muchos de los centros afectados han pedido explicaciones a ra\u00edz de \nesta abrupta decisi\u00f3n, pero les han dado cita para despu\u00e9s del d\u00eda 1 de \nenero, cuando ya habr\u00e1 cesado el convenio. Por parte de los \nbeneficiarios del servicio de d\u00eda, as\u00ed como sus <strong>familiares<\/strong>, este hecho les ha causado una gran <strong>alarma y preocupaci\u00f3n<\/strong>. Adem\u00e1s, se quejan de que no se les ha ofrecido una alternativa adecuada.<\/p>\n\n\n\n<p>En estos convenios que llevaban en pie desde 2009 se establec\u00eda un <strong>modelo de copago<\/strong>,\n en el que en el caso de las personas mayores, la Junta aportaba 37 \neuros diarios y el particular 11,8 euros, de acuerdo con el acuerdo \nfirmado con <strong>AFA Conil<\/strong>. En el caso de las personas con discapacidad, la Administraci\u00f3n p\u00fablica asum\u00eda el pago de 80 euros.<\/p>\n\n\n\n<p> <a href=\"https:\/\/www.elplural.com\/natalia-cabo_9683115\">Natalia Cabo                                 <\/a> <\/p>\n\n\n\n<p>FOTO:  Varios ancianos toman el sol                                      <\/p>\n\n\n\n<p><a href=\"https:\/\/www.elplural.com\/sociedad\/convenio-eliminado-centros-dia-mayores-andalucia_230178102\">https:\/\/www.elplural.com\/sociedad\/convenio-eliminado-centros-dia-mayores-andalucia_230178102<\/a><\/p>\n","protected":false},"excerpt":{"rendered":"<p>Un total de 81 personas mayores y discapacitados, as\u00ed como sus familiares, se ver\u00e1n afectadas&#8230;<\/p>\n","protected":false},"author":1,"featured_media":36514,"comment_status":"closed","ping_status":"closed","sticky":false,"template":"","format":"standard","meta":{"_coblocks_attr":"","_coblocks_dimensions":"","_coblocks_responsive_height":"","_coblocks_accordion_ie_support":"","jetpack_post_was_ever_published":false,"_jetpack_newsletter_access":"","_jetpack_dont_email_post_to_subs":false,"_jetpack_newsletter_tier_id":0,"_jetpack_memberships_contains_paywalled_content":false,"_jetpack_memberships_contains_paid_content":false,"footnotes":"","jetpack_publicize_message":"","jetpack_publicize_feature_enabled":true,"jetpack_social_post_already_shared":false,"jetpack_social_options":{"image_generator_settings":{"template":"highway","default_image_id":0,"enabled":false},"version":2}},"categories":[1161,186,9,44,15],"tags":[6890,1370,1382],"class_list":["post-36513","post","type-post","status-publish","format-standard","has-post-thumbnail","hentry","category-ciudadania","category-instituciones","category-medio-ambiente","category-noticias-de-hoy","category-ultimas-noticias","tag-centros-de-dia","tag-dependencia","tag-mayores"],"jetpack_publicize_connections":[],"jetpack_featured_media_url":"https:\/\/i0.wp.com\/miradordeatarfe.es\/wp-content\/uploads\/2019\/12\/11710075_4_800x450.jpeg?fit=800%2C450&ssl=1","jetpack_likes_enabled":true,"jetpack_sharing_enabled":true,"_links":{"self":[{"href":"https:\/\/miradordeatarfe.es\/index.php?rest_route=\/wp\/v2\/posts\/36513","targetHints":{"allow":["GET"]}}],"collection":[{"href":"https:\/\/miradordeatarfe.es\/index.php?rest_route=\/wp\/v2\/posts"}],"about":[{"href":"https:\/\/miradordeatarfe.es\/index.php?rest_route=\/wp\/v2\/types\/post"}],"author":[{"embeddable":true,"href":"https:\/\/miradordeatarfe.es\/index.php?rest_route=\/wp\/v2\/users\/1"}],"replies":[{"embeddable":true,"href":"https:\/\/miradordeatarfe.es\/index.php?rest_route=%2Fwp%2Fv2%2Fcomments&post=36513"}],"version-history":[{"count":1,"href":"https:\/\/miradordeatarfe.es\/index.php?rest_route=\/wp\/v2\/posts\/36513\/revisions"}],"predecessor-version":[{"id":36515,"href":"https:\/\/miradordeatarfe.es\/index.php?rest_route=\/wp\/v2\/posts\/36513\/revisions\/36515"}],"wp:featuredmedia":[{"embeddable":true,"href":"https:\/\/miradordeatarfe.es\/index.php?rest_route=\/wp\/v2\/media\/36514"}],"wp:attachment":[{"href":"https:\/\/miradordeatarfe.es\/index.php?rest_route=%2Fwp%2Fv2%2Fmedia&parent=36513"}],"wp:term":[{"taxonomy":"category","embeddable":true,"href":"https:\/\/miradordeatarfe.es\/index.php?rest_route=%2Fwp%2Fv2%2Fcategories&post=36513"},{"taxonomy":"post_tag","embeddable":true,"href":"https:\/\/miradordeatarfe.es\/index.php?rest_route=%2Fwp%2Fv2%2Ftags&post=36513"}],"curies":[{"name":"wp","href":"https:\/\/api.w.org\/{rel}","templated":true}]}}