{"id":36528,"date":"2019-12-31T11:16:00","date_gmt":"2019-12-31T10:16:00","guid":{"rendered":"http:\/\/miradordeatarfe.es\/?p=36528"},"modified":"2020-06-26T13:42:03","modified_gmt":"2020-06-26T11:42:03","slug":"montero-versus-montero-por-remedios-sanchez","status":"publish","type":"post","link":"https:\/\/miradordeatarfe.es\/?p=36528","title":{"rendered":"MONTERO VERSUS MONTERO por Remedios S\u00e1nchez"},"content":{"rendered":"\n<h4 class=\"wp-block-heading\">Tengo\npara m\u00ed que ejercer la pol\u00edtica en este pa\u00eds es como fumar: que acaba por\nperjudicar seriamente la salud provocado trastornos que debieran ser objeto de estudio,\nbien de especialistas en psiquiatr\u00eda, o bien del Gran Wyoming (a veces resultan\nlas dos caras de la misma moneda), que se ha venido a convertir en un\npsiquiatra atinado de ciertos aspectos de la kafkiana realidad patria.<\/h4>\n\n\n\n<p>&nbsp;Lo digo esta semana a prop\u00f3sito del bloqueo\nque el Gobierno en funciones de Pedro S\u00e1nchez ha hecho de los presupuestos de\nla Junta de Andaluc\u00eda por no haber cumplido el d\u00e9ficit en 2018 (debi\u00f3 ser del\n0,4 y ha sido del 0,5, una d\u00e9cima). Es decir, que la ministra Mar\u00eda Jes\u00fas\nMontero, aspirante soterrada a eliminar a Susana D\u00edaz del liderazgo del PSOE\nandaluz (\u00bftu quoque Brute fili mi?), penaliza la gesti\u00f3n de la Mar\u00eda Jes\u00fas\nMontero consejera de Econom\u00eda de esta Junta en aquel tiempo no tan lejano y\nresponsable del incumplimiento. Una cuesti\u00f3n de doble personalidad &nbsp;al estilo doctor Jekyll y Mr. Hyde, el famoso\nrelato de Stevenson.<\/p>\n\n\n\n<p>Ya comprendo yo que no suena muy razonable lo que explico, que es una suerte de desdoble pseudometaf\u00edsico con tintes maquiav\u00e9licos (de \u2018El Pr\u00edncipe\u2019 de Maquiavelo) porque uno no puede enmendarse la plana a s\u00ed mismo peg\u00e1ndole un tiro en la pierna al de enfrente, pero en pol\u00edtica todo es posible. No significa nada que ni en la Comunidad Valenciana (donde la desviaci\u00f3n era mayor), ni en Murcia, ni en Catalu\u00f1a se haya aplicado esta medida. Es una vendetta, digamos, verdiblanca. Que hay una guerra silente entre los fieles andaluces a S\u00e1nchez y los leales a Susana es evidente. Tanto como que desde el PSOE granad\u00ed, con buen tino, han conseguido mantenerse en un precario equilibrio entre ambos posicionamientos frente a otras provincias. Pero sucede que hace mucho fr\u00edo fuera del poder, hay mucha gente que no se hab\u00eda bajado del coche oficial en treinta a\u00f1os y, desde Madrid, aprovechando este caldo de cultivo, les ha dado por plantear que la culpa es toda del susanato y de que Andaluc\u00eda se acost\u00f3 socialista y se levant\u00f3 de derechas por culpa de la lideresa. Una lideresa que, nadie lo olvide, tuvo el atrevimiento de presentarse a la Secretar\u00eda General del PSOE. Y digo que nadie lo olvide porque Pedro no lo ha olvidado. La experiencia me dice que los ganadores y sus equipos (sobre todo estos hooligans tan proclives al machaque) suelen tener poca voluntad de integraci\u00f3n de quien pierde \u00a0aceptando las reglas del juego democr\u00e1tico. Seguramente sean cosas del poder.<\/p>\n\n\n\n<p>Lo\nque pasa es que, aqu\u00ed, la bofetada a Moreno Bonilla, que ha tenido la habilidad\nde consensuar nuevos presupuestos, se la est\u00e1n dando en la cara de Susana (no\nse puede argumentar contra la gesti\u00f3n propia) dej\u00e1ndola en una situaci\u00f3n de\nindefensi\u00f3n que lo \u00fanico que propicia es cabrear a la ciudadan\u00eda con recortes\nque dificulten inversiones en sectores estrat\u00e9gicos (es decir, sanidad, cultura\ny educaci\u00f3n). Por eso parece un error estrat\u00e9gico de Ferraz este quemar la\ntierra, como hac\u00eda Atila, para convertirla en un inmenso erial en el que no\ncrezca la hierba en una larga temporada.&nbsp;\nSusana se antoja a estas alturas una v\u00edctima del propio S\u00e1nchez, la\nm\u00e1rtir de una ambici\u00f3n a la que ten\u00eda leg\u00edtimo derecho, igual que Pedro. S\u00f3lo\nque a ella no se lo perdonan.<\/p>\n\n\n\n<p> <\/p>\n","protected":false},"excerpt":{"rendered":"<p>Tengo para m\u00ed que ejercer la pol\u00edtica en este pa\u00eds es como fumar: que acaba&#8230;<\/p>\n","protected":false},"author":1,"featured_media":36529,"comment_status":"closed","ping_status":"closed","sticky":false,"template":"","format":"standard","meta":{"_coblocks_attr":"","_coblocks_dimensions":"","_coblocks_responsive_height":"","_coblocks_accordion_ie_support":"","jetpack_post_was_ever_published":false,"_jetpack_newsletter_access":"","_jetpack_dont_email_post_to_subs":false,"_jetpack_newsletter_tier_id":0,"_jetpack_memberships_contains_paywalled_content":false,"_jetpack_memberships_contains_paid_content":false,"footnotes":"","jetpack_publicize_message":"","jetpack_publicize_feature_enabled":true,"jetpack_social_post_already_shared":false,"jetpack_social_options":{"image_generator_settings":{"template":"highway","default_image_id":0,"enabled":false},"version":2}},"categories":[1161,186,9,44,6914,15],"tags":[6892,3020,308],"class_list":["post-36528","post","type-post","status-publish","format-standard","has-post-thumbnail","hentry","category-ciudadania","category-instituciones","category-medio-ambiente","category-noticias-de-hoy","category-opinion-de-reme-sanchez","category-ultimas-noticias","tag-irene-montero","tag-pedro-sanchez","tag-susana-diaz"],"jetpack_publicize_connections":[],"jetpack_featured_media_url":"https:\/\/i0.wp.com\/miradordeatarfe.es\/wp-content\/uploads\/2019\/12\/JB5FKWVP2JB4JNCIWERTZLZ7OA.jpg?fit=2000%2C1600&ssl=1","jetpack_likes_enabled":true,"jetpack_sharing_enabled":true,"_links":{"self":[{"href":"https:\/\/miradordeatarfe.es\/index.php?rest_route=\/wp\/v2\/posts\/36528","targetHints":{"allow":["GET"]}}],"collection":[{"href":"https:\/\/miradordeatarfe.es\/index.php?rest_route=\/wp\/v2\/posts"}],"about":[{"href":"https:\/\/miradordeatarfe.es\/index.php?rest_route=\/wp\/v2\/types\/post"}],"author":[{"embeddable":true,"href":"https:\/\/miradordeatarfe.es\/index.php?rest_route=\/wp\/v2\/users\/1"}],"replies":[{"embeddable":true,"href":"https:\/\/miradordeatarfe.es\/index.php?rest_route=%2Fwp%2Fv2%2Fcomments&post=36528"}],"version-history":[{"count":1,"href":"https:\/\/miradordeatarfe.es\/index.php?rest_route=\/wp\/v2\/posts\/36528\/revisions"}],"predecessor-version":[{"id":36530,"href":"https:\/\/miradordeatarfe.es\/index.php?rest_route=\/wp\/v2\/posts\/36528\/revisions\/36530"}],"wp:featuredmedia":[{"embeddable":true,"href":"https:\/\/miradordeatarfe.es\/index.php?rest_route=\/wp\/v2\/media\/36529"}],"wp:attachment":[{"href":"https:\/\/miradordeatarfe.es\/index.php?rest_route=%2Fwp%2Fv2%2Fmedia&parent=36528"}],"wp:term":[{"taxonomy":"category","embeddable":true,"href":"https:\/\/miradordeatarfe.es\/index.php?rest_route=%2Fwp%2Fv2%2Fcategories&post=36528"},{"taxonomy":"post_tag","embeddable":true,"href":"https:\/\/miradordeatarfe.es\/index.php?rest_route=%2Fwp%2Fv2%2Ftags&post=36528"}],"curies":[{"name":"wp","href":"https:\/\/api.w.org\/{rel}","templated":true}]}}