{"id":3665,"date":"2015-09-29T07:00:46","date_gmt":"2015-09-29T07:00:46","guid":{"rendered":"http:\/\/miradordeatarfe.es\/?p=3665"},"modified":"2015-09-30T08:12:47","modified_gmt":"2015-09-30T08:12:47","slug":"la-violencia-machista-no-es-inevitable-7-medidas-que-pueden-ponerse-en-marcha","status":"publish","type":"post","link":"https:\/\/miradordeatarfe.es\/?p=3665","title":{"rendered":"La violencia machista no es inevitable: 7 medidas que pueden ponerse en marcha"},"content":{"rendered":"<div class=\"subtitle bkn mce sk2\">\n<p style=\"text-align: justify;\">Voces expertas\u00a0subrayan que el sistema de prevenci\u00f3n no funciona y apuntan\u00a0medidas concretas para combatir la\u00a0violencia de g\u00e9nero. Te lo resumimos en 7 puntos.<\/p>\n<\/div>\n<p style=\"text-align: justify;\"><!--more--><\/p>\n<div id=\"edi-body\" class=\"mce-body mce no-sticky-adv-socios\">\n<p class=\"mce\" style=\"text-align: justify;\">En los \u00faltimos doce a\u00f1os, al menos 789 mujeres han sido asesinadas por sus parejas o exparejas, una cifra que podr\u00eda aumentar con los ocho casos que actualmente se investigan. El aluvi\u00f3n de cr\u00edmenes machistas de las \u00faltimas semanas -en lo que va de a\u00f1o al menos veintitr\u00e9s mujeres han sido asesinadas- se presenta, a veces, como una fatalidad inevitable. Nada m\u00e1s lejos seg\u00fan las voces expertas, que inciden en que la violencia de g\u00e9nero es un fen\u00f3meno con causas que pueden ser abordadas y que hay medidas concretas para atajarla que necesitan, eso s\u00ed, de presupuesto y voluntad pol\u00edtica.<\/p>\n<h3 style=\"text-align: justify;\">1. Que no se dependa de\u00a0la denuncia<\/h3>\n<div class=\"no-adv-socios\" style=\"text-align: justify;\">\u00a0Cada vez m\u00e1s organizaciones reivindican que los servicios y la atenci\u00f3n a las v\u00edctimas no est\u00e9n vinculadas a la denuncia, como puede suceder en algunos casos. Las mujeres que necesiten asistencia, atenci\u00f3n psicol\u00f3gica, tratamiento o acompa\u00f1amiento deben tener acceso garantizado a servicios p\u00fablicos especializados,\u00a0haya juicio o no. Aunque muchos recursos s\u00ed se ofrecen independientemente de la denuncia, la mayor\u00eda de mujeres que llegan a ellos han denunciado, mientras que las que no lo han hecho acceden a ellos en menor medida.<\/div>\n<p class=\"mce\" style=\"text-align: justify;\">Independientemente de que haya proceso judicial, la maquinaria de atenci\u00f3n social a las\u00a0mujeres debe hacerse cargo de la complejidad del problema para \u00abtrabajar, proteger y recuperar a la v\u00edctima\u00bb, insiste el exdelegado del Gobierno para la Violencia de G\u00e9nero, Miguel Lorente.<\/p>\n<p class=\"mce\" style=\"text-align: justify;\">Para que el proceso de denuncia sea fruct\u00edfero hay que asegurar el <strong class=\"mce\"> acompa\u00f1amiento y la atenci\u00f3n integral de las mujeres<\/strong>. Como dice B\u00e1rbara Tard\u00f3n, de la Fundaci\u00f3n Aspacia, el momento en que se denuncia es clave \u00aby debe haber alguien que previamente explique a la mujer todo lo que puede suceder\u00bb. \u00abSon procesos muy costosos en t\u00e9rminos psicol\u00f3gicos, por eso hay muchas renuncias. Hay que asegurar que siempre haya un acompa\u00f1amiento durante el proceso y que no se les juzgue si no denuncian. Ese acompa\u00f1amiento puede darse desde el m\u00e9dico de cabecera, desde un centro de la mujer o desde centros de d\u00eda a los que, por ejemplo, llegan muchas mujeres que no se sienten identificadas como v\u00edctimas o que tienen miedo del estigma. Tiene que haber una red de referencia\u00bb, explica Tard\u00f3n, que no sea solo policial o judicial.<\/p>\n<p class=\"mce\" style=\"text-align: justify;\">Una red de referencia que en parte existe, pero que los recortes han mermado en los \u00faltimos a\u00f1os. En muchas comunidades aut\u00f3nomas, por ejemplo, centros que antes abr\u00edan sus puertas a jornada completa ahora lo hacen solo a media jornada.<\/p>\n<h3 style=\"text-align: justify;\">2. Detectar mejor, hacer caso a quien sabe preverlo<\/h3>\n<p class=\"mce\" style=\"text-align: justify;\">Miguel Lorente cree que se puede ser m\u00e1s eficaz en la detecci\u00f3n de la violencia de g\u00e9nero: \u00abNo esperar a que sean ellas las que se acercan, ir a donde sabemos que est\u00e1n, en los centros de salud, por ejemplo, a donde llegan con muchas frecuencia, en los servicios sociales o incluso en los colegios, donde pueden detectarse comportamientos en los ni\u00f1os\u00bb.<\/p>\n<p class=\"mce\" style=\"text-align: justify;\">La evaluaci\u00f3n del riesgo resulta tambi\u00e9n clave a la hora de tomar medidas de protecci\u00f3n. En algunos casos sonados, tras el asesinato de una mujer se ha conocido que su caso se consideraba de bajo riesgo. \u00abLlega a haber una gran diferencia entre la evaluaci\u00f3n que hace la polic\u00eda y la que pueda hacer una psicol\u00f3ga o educadora, que conoce de forma m\u00e1s precisa el caso y conoce a la mujer personalmente\u00bb, dice B\u00e1rbara Tard\u00f3n.<\/p>\n<p class=\"mce\" style=\"text-align: justify;\">Esta evaluaci\u00f3n del riesgo sirve puede servir, adem\u00e1s, para <strong class=\"mce\"> tomar las medidas de protecci\u00f3n m\u00e1s adecuadas<\/strong> para cada v\u00edctima. En ese sentido, la profesora de Derecho Civil y directora del m\u00e1ster de la UNED sobre violencia de g\u00e9nero, Teresa San Segundo, se pregunta por qu\u00e9 no se usan los recursos de los que ya se disponen, como las \u00f3rdenes de protecci\u00f3n y las pulseras electr\u00f3nicas de control de maltratadores. \u00abSon recursos que est\u00e1n y que a veces no se est\u00e1n usando adecuadamente\u00bb, apunta.<\/p>\n<h3 style=\"text-align: justify;\">3. M\u00e1s formaci\u00f3n a todos los profesionales que\u00a0intervienen<\/h3>\n<p class=\"mce\" style=\"text-align: justify;\">La Ley Integral de Violencia de G\u00e9nero incluy\u00f3 la especializaci\u00f3n de los juzgados de violencia de g\u00e9nero e introdujo formaci\u00f3n para el personal de la administraci\u00f3n de justicia. Todas las expertas coinciden, sin embargo, en que esta formaci\u00f3n es ahora mismo insuficiente. \u00abEl sistema judicial llega a veces a revictimizar a las mujeres\u00bb, subraya Tard\u00f3n. El exdelegado del Gobierno para la Violencia de G\u00e9nero insiste en que la formaci\u00f3n debe llegar a todos los agentes que intervienen en el proceso, desde forenses, hasta fiscales, abogados, equipos psicosociales y tambi\u00e9n polic\u00eda y guardia civil. \u00abEl trato y el enfoque no debe depender de la sensibilidad de cada profesional, debe ser parte de una buena atenci\u00f3n. Hay tambi\u00e9n que exigir responsabilidades. Ha habidos casos con errores claros que han quedado sin consecuencias\u00bb, relata Lorente.<\/p>\n<p class=\"mce\" style=\"text-align: justify;\">La formaci\u00f3n evitar\u00eda un fen\u00f3neo frecuente: el cuestionamiento permanente de la v\u00edctima incluso desde la justicia. \u00abEs el \u00fanico delito en el que se cuestiona a la v\u00edctima. Esto no sucede en otros delitos, si vas a denunciar un robo de entrada te creen, no te ponen en tela de juicio ni te cuestionan por lo sucedido\u00bb, afirma la experta en Derecho Civil, Teresa San Segundo.<\/p>\n<h3 style=\"text-align: justify;\">4. Cambios legales<\/h3>\n<p class=\"mce\" style=\"text-align: justify;\">Son ya varias las voces que piden un cambio en el art\u00edculo 416 de la Ley de Enjuiciamiento Civil, que dispensa de la obligaci\u00f3n de declarar a los parientes cercanos. Es decir, la justificaci\u00f3n que permite que los padres o hijos del maltratador puedan no declarar contra \u00e9l. O incluso la propia mujer. \u00abNo est\u00e1 pensando para los casos de violencia de g\u00e9nero. Una mujer llega al juzgado y lo primero que oye del juez, porque es su obligaci\u00f3n, es el aviso de que no tiene por qu\u00e9 declarar contra su pareja. Eso hace que muchas, que llegan tocadas y con pocas fuerzas, se callen\u00bb, explica San Segundo.<\/p>\n<p class=\"mce\" style=\"text-align: justify;\">Lo que s\u00ed puede hacerse ya, explica, es continuar los procesos aunque las denuncias se retiren: \u00abSiempre que se tenga conocimiento de un delito deber\u00eda investigarse. Es dif\u00edcil, porque ellas son muchas veces la prueba pero puede hacerse\u00bb.<\/p>\n<h3 style=\"text-align: justify;\">5. M\u00e1s contundencia social\u00a0en la vida diaria<\/h3>\n<p class=\"mce\" style=\"text-align: justify;\">Lorente, San Segundo y Tard\u00f3n coinciden: hace falta m\u00e1s contundencia social. \u00abM\u00e1s contundencia en el posicionamiento, muchas veces se sigue justificando al agresor o culpando a las mujeres. Hace falta tambi\u00e9n contundencia contra la violencia simb\u00f3lica, contra los gestos del d\u00eda a d\u00eda que sostienen la violencia directa\u00bb, sostiene B\u00e1rbara Tard\u00f3n. Que los gestos machistas sean tan reprobados en la vida diaria como puedan serlo los\u00a0racistas o los que justifiquen el terrorismo.<\/p>\n<h3 style=\"text-align: justify;\">6. Concienciaci\u00f3n para hombres<\/h3>\n<p class=\"mce\" style=\"text-align: justify;\">Las campa\u00f1as no deben ser puntuales sino constantes, dice Lorente. \u00bb Hay que dirigirse especialmente a los hombres porque en la violencia de g\u00e9nero, de diez agresores, diez son hombres. Los hombres tenemos que entender que los maltratadores nos est\u00e1n utilizando para ejecutar su violencia en nombre de la masculinidad. Tenemos que se\u00f1alar a los maltratadores, se\u00f1alar el machismo y plantear nuevas formas de ser hombres y de ejercer la masculinidad. No podemos minimizar ni justificar esta violencia\u00bb, reclama el experto.<\/p>\n<h3 style=\"text-align: justify;\">7.\u00a0Que se abran las puertas del colegio<\/h3>\n<p class=\"mce\" style=\"text-align: justify;\">El sistema educativo debe incorporar con urgencia el trato de las relaciones afectivas, sexuales, la gesti\u00f3n de las emociones, la igualdad, o los roles de hombres y mujeres, dice Tard\u00f3n: \u00abEso es prevenci\u00f3n, no podemos destinar recursos solo a cuando ya se ha producido la violencia, hay que actuar para evitarla\u00bb.<\/p>\n<p class=\"mce\" style=\"text-align: justify;\">PUBLICADO EN : <a href=\"http:\/\/www.eldiario.es\/sociedad\/violencia-machista-inevitable-medidas-tomarse_0_419608401.html\">http:\/\/www.eldiario.es\/sociedad\/violencia-machista-inevitable-medidas-tomarse_0_419608401.html<\/a><\/p>\n<\/div>\n","protected":false},"excerpt":{"rendered":"<p>Voces expertas\u00a0subrayan que el sistema de prevenci\u00f3n no funciona y apuntan\u00a0medidas concretas para combatir la\u00a0violencia&#8230;<\/p>\n","protected":false},"author":1,"featured_media":3666,"comment_status":"closed","ping_status":"closed","sticky":false,"template":"","format":"standard","meta":{"_coblocks_attr":"","_coblocks_dimensions":"","_coblocks_responsive_height":"","_coblocks_accordion_ie_support":"","jetpack_post_was_ever_published":false,"_jetpack_newsletter_access":"","_jetpack_dont_email_post_to_subs":false,"_jetpack_newsletter_tier_id":0,"_jetpack_memberships_contains_paywalled_content":false,"_jetpack_memberships_contains_paid_content":false,"footnotes":"","jetpack_publicize_message":"","jetpack_publicize_feature_enabled":true,"jetpack_social_post_already_shared":false,"jetpack_social_options":{"image_generator_settings":{"template":"highway","default_image_id":0,"enabled":false},"version":2}},"categories":[14,15],"tags":[1325,1324,77],"class_list":["post-3665","post","type-post","status-publish","format-standard","has-post-thumbnail","hentry","category-feminismo","category-ultimas-noticias","tag-concienciacion","tag-denuncias","tag-violencia"],"jetpack_publicize_connections":[],"jetpack_featured_media_url":"https:\/\/i0.wp.com\/miradordeatarfe.es\/wp-content\/uploads\/2015\/09\/Protesta-violencia-machista-Eje-Feminista_EDIIMA20121022_0338_19.jpg?fit=643%2C362&ssl=1","jetpack_likes_enabled":true,"jetpack_sharing_enabled":true,"_links":{"self":[{"href":"https:\/\/miradordeatarfe.es\/index.php?rest_route=\/wp\/v2\/posts\/3665","targetHints":{"allow":["GET"]}}],"collection":[{"href":"https:\/\/miradordeatarfe.es\/index.php?rest_route=\/wp\/v2\/posts"}],"about":[{"href":"https:\/\/miradordeatarfe.es\/index.php?rest_route=\/wp\/v2\/types\/post"}],"author":[{"embeddable":true,"href":"https:\/\/miradordeatarfe.es\/index.php?rest_route=\/wp\/v2\/users\/1"}],"replies":[{"embeddable":true,"href":"https:\/\/miradordeatarfe.es\/index.php?rest_route=%2Fwp%2Fv2%2Fcomments&post=3665"}],"version-history":[{"count":1,"href":"https:\/\/miradordeatarfe.es\/index.php?rest_route=\/wp\/v2\/posts\/3665\/revisions"}],"predecessor-version":[{"id":3667,"href":"https:\/\/miradordeatarfe.es\/index.php?rest_route=\/wp\/v2\/posts\/3665\/revisions\/3667"}],"wp:featuredmedia":[{"embeddable":true,"href":"https:\/\/miradordeatarfe.es\/index.php?rest_route=\/wp\/v2\/media\/3666"}],"wp:attachment":[{"href":"https:\/\/miradordeatarfe.es\/index.php?rest_route=%2Fwp%2Fv2%2Fmedia&parent=3665"}],"wp:term":[{"taxonomy":"category","embeddable":true,"href":"https:\/\/miradordeatarfe.es\/index.php?rest_route=%2Fwp%2Fv2%2Fcategories&post=3665"},{"taxonomy":"post_tag","embeddable":true,"href":"https:\/\/miradordeatarfe.es\/index.php?rest_route=%2Fwp%2Fv2%2Ftags&post=3665"}],"curies":[{"name":"wp","href":"https:\/\/api.w.org\/{rel}","templated":true}]}}