{"id":3676,"date":"2015-10-13T09:23:04","date_gmt":"2015-10-13T09:23:04","guid":{"rendered":"http:\/\/miradordeatarfe.es\/?p=3676"},"modified":"2015-10-08T15:30:30","modified_gmt":"2015-10-08T15:30:30","slug":"3676","status":"publish","type":"post","link":"https:\/\/miradordeatarfe.es\/?p=3676","title":{"rendered":"LA ERMITA DE LOS TRES JUANES (2) por Jos\u00e9 Enrique Granados"},"content":{"rendered":"<div id=\"contentArea\">\n<div id=\"stream_pagelet\" data-referrer=\"stream_pagelet\">\n<div class=\"_5pcb\">\n<div id=\"u_0_n\" class=\"_4-u2 mbm _5jmm _5pat _5v3q _5uun _4-u8\" data-ft=\"{&quot;fbfeed_location&quot;:5}\">\n<div id=\"u_0_o\" class=\"_3ccb\" data-gt=\"{&quot;type&quot;:&quot;click2canvas&quot;,&quot;fbsource&quot;:703,&quot;ref&quot;:&quot;nf_generic&quot;}\">\n<div class=\"userContentWrapper _5pcr\">\n<div class=\"_1dwg\">\n<div id=\"js_2\" class=\"_5pbx userContent\" data-ft=\"{&quot;tn&quot;:&quot;K&quot;}\">\n<p style=\"text-align: justify;\">Continuamos con la Memoria y fundamentos del proyecto de construcci\u00f3n de una ermita en el cerro El Castillejo, de Atarfe, abordando hoy las razones que aconsejan su construcci\u00f3n, seg\u00fan el promotor de la obra.<\/p>\n<p style=\"text-align: justify;\"><!--more--><\/p>\n<p style=\"text-align: justify;\">Grandes son los beneficios que de la creaci\u00f3n de este templo se han de derivar, tanto en el orden espiritual como en el material, ya que ello habr\u00e1 de originar las consiguientes peregrinaciones, romer\u00edas, fiestas religiosas y aumento constante y fruct\u00edfero de la fe, sin que por otra parte con ello se ocasionen ni produzcan da\u00f1os y perjuicios de ninguna \u00edndole, por tratarse de un cerro rocoso, inh\u00f3spito, sin arbolado, vegetaci\u00f3n, pastos ni aprovechamiento alguno en cuanto se refiere a su imposibilidad absoluta de explotaci\u00f3n, sin que afecte directa ni indirectamente tampoco a ning\u00fan inter\u00e9s oficial o particular ni lesione o pueda lesionar lo m\u00e1s m\u00ednimo, en el presente ni en el futuro, al vecindario en general. S\u00f3lo, pues, cabe cosechar de esta obra beneficios incalculables, fama y honor para el creyente y virtuoso vecindario de Atarfe, que ver\u00eda en su ejecuci\u00f3n su gran anhelo satisfecho y una satisfacci\u00f3n a su tradicional religiosidad.<\/p>\n<p style=\"text-align: justify;\">Siendo preciso proveer a las atenciones del culto y a sus necesidades materiales indispensables, no han faltado tampoco almas caritativas deseosas de contribuir a su sostenimiento con largueza y desprendimiento, muy loables, que el caso requiere, como la magn\u00edfica donaci\u00f3n hecha a tal fin de la finca r\u00fastica llamada La Joya de San Felipe, situada en sus proximidades, de 15 hect\u00e1reas de tierra de secano laborable, debida a la filantrop\u00eda y generosidad de don Enrique Jim\u00e9nez Molinero, que ya en este aspecto llena cumplidamente dichas necesidades materiales de que hacemos menci\u00f3n. Y as\u00ed y, por no hacer interminables estas consideraciones, renunciamos a rese\u00f1ar todas las aunadas voluntades dispuestas a colaborar, apoyar y prestar su concurso a esta magna empresa de llevar a buen fin lo que hoy constituye ya un verdadero estado de opini\u00f3n en pos de su realizaci\u00f3n, viendo as\u00ed satisfechos y cumplidos con ansia y fervor sus m\u00e1s caros y ardientes anhelos.<\/p>\n<p style=\"text-align: justify;\">Estimamos conveniente una superficie m\u00ednima de 20.000 metros cuadrados, adoptando la forma de un rect\u00e1ngulo de 100 metros de lado por 200 de profundidad o de 110 por 182, pues, dado lo irregular del terreno, resulta un espacio poco aprovechable para grandes aglomeraciones de fieles, siendo por tanto dicha extensi\u00f3n la cantidad m\u00ednima necesaria, a cuyo efecto ser\u00e1 preciso llevar a cabo algunas obras de relleno y urbanizaci\u00f3n y plantaciones de arbolado donde sea posible y la conformaci\u00f3n del terreno lo permita, practicando las necesarias excavaciones y barrenado para los hoyos que hayan de ir provistos de tierra destinados al arbolado.<\/p>\n<p style=\"text-align: justify;\">El edificio cuya construcci\u00f3n se proyecta es de estructura completamente regular; ir\u00e1 aislado y se compondr\u00e1 de cuatro fachadas. El solar donde habr\u00e1 de construirse este edificio se encuentra a la izquierda del camino que, bordeando el cerro de El Castillejo, lugar de su emplazamiento, conduce al cortijo de Marug\u00e1n y al pueblo de Caparacena en el t\u00e9rmino distante unos dos kil\u00f3metros, aproximadamente de la villa de Atarfe. Ofrece este lugar, entre otras ventajas dignas de menci\u00f3n, ya se\u00f1aladas y descritas, por su proximidad a la capital, de r\u00e1pidas, f\u00e1ciles y c\u00f3modas v\u00edas de comunicaci\u00f3n, pues, adem\u00e1s de la carretera general de Granada a Alcaudete y que permite el acceso a ella con cualquier medio de locomoci\u00f3n, cuenta con la l\u00ednea de ferrocarril de Granada a Bobadilla y con la del tranv\u00eda el\u00e9ctrico, con servicio regular entre la capital y Pinos Puente.<\/p>\n<p style=\"text-align: justify;\">La extensi\u00f3n superficial del edificio de referencia es de 226,50 metros cuadrados de planta cubierta, de los cuales 84,00 metros cuadrados corresponden al atrio, 4,00 a la sacrist\u00eda y otros 4,00 metros cuadrados para el departamento ornamental; correspondiendo al templo propiamente dicho 134,50 metros cuadrados, o sea, una superficie \u00fatil para la instalaci\u00f3n de altares y fieles de 101,05 metros cuadrados, deducidos los gruesos del muro.<\/p>\n<p style=\"text-align: justify;\">El emplazamiento de esta Ermita ser\u00e1 en el punto m\u00e1s elevado y extremo del cerro de El Castillejo, dando frente por su fachada principal a la villa de Atarfe o parte sur, por la fachada posterior, al norte, y por sus laterales, derecha e izquierda, al este y oeste respectivamente, qued\u00e1ndole una extensi\u00f3n de terreno libre para paseos y lugares de reuni\u00f3n o aglomeraci\u00f3n de fieles, actos religiosos, romer\u00edas, peregrinaciones, etc., de 10.775,50 metros cuadrados.<\/p>\n<p style=\"text-align: justify;\">El terreno ofrece por su situaci\u00f3n y altura excelentes perspectivas y gran visualidad que, unida a su buena orientaci\u00f3n y a los bellos panoramas que, desde cualquiera de sus fachadas ofrece al observador en todas direcciones, concluye por reunir condiciones envidiables desde el punto de vista pintoresco y salubridad moderna.<\/p>\n<p style=\"text-align: justify;\">En la fotograf\u00eda se puede observar sentado en las escalinatas de la derecha, al promotor de la construcci\u00f3n, as\u00ed como el andamiaje utilizado para el levantamiento de la ermita.<\/p>\n<p style=\"text-align: justify;\">Curiosidades elvirenses.<\/p>\n<div class=\"\" style=\"text-align: justify;\"><\/div>\n<\/div>\n<div class=\"_3x-2\" style=\"text-align: justify;\">\n<div data-ft=\"{&quot;tn&quot;:&quot;H&quot;}\">\n<div class=\"mtm\">\n<div class=\"_5cq3\" data-ft=\"{&quot;tn&quot;:&quot;E&quot;}\">\n<div id=\"u_0_r\" class=\"uiScaledImageContainer _4-ep\">PUBLICADO EN :<a href=\"https:\/\/www.facebook.com\/permalink.php?story_fbid=893087360777280&amp;id=732817910137560&amp;substory_index=0\"> https:\/\/www.facebook.com\/permalink.php?story_fbid=893087360777280&amp;id=732817910137560&amp;substory_index=0<\/a><\/div>\n<\/div>\n<\/div>\n<\/div>\n<\/div>\n<\/div>\n<div id=\"u_0_w\">\n<form id=\"u_0_s\" class=\"commentable_item\" action=\"\/ajax\/ufi\/modify.php\" method=\"post\" data-ft=\"{&quot;tn&quot;:&quot;]&quot;}\">\n<div class=\"_5pcp _5vsi _52i6 _1tsu _4l4\">\n<div class=\"clearfix _3p_o\">\n<div id=\"u_0_x\" class=\"_mq0 _5n68 rfloat _ohf\" style=\"text-align: justify;\"><a href=\"https:\/\/www.facebook.com\/permalink.php?story_fbid=893087360777280&amp;id=732817910137560&amp;substory_index=0\">\u00a0<\/a><\/div>\n<\/div>\n<\/div>\n<\/form>\n<\/div>\n<\/div>\n<\/div>\n<\/div>\n<\/div>\n<\/div>\n<\/div>\n","protected":false},"excerpt":{"rendered":"<p>Continuamos con la Memoria y fundamentos del proyecto de construcci\u00f3n de una ermita en el&#8230;<\/p>\n","protected":false},"author":1,"featured_media":3677,"comment_status":"closed","ping_status":"closed","sticky":false,"template":"","format":"standard","meta":{"_coblocks_attr":"","_coblocks_dimensions":"","_coblocks_responsive_height":"","_coblocks_accordion_ie_support":"","jetpack_post_was_ever_published":false,"_jetpack_newsletter_access":"","_jetpack_dont_email_post_to_subs":false,"_jetpack_newsletter_tier_id":0,"_jetpack_memberships_contains_paywalled_content":false,"_jetpack_memberships_contains_paid_content":false,"footnotes":"","jetpack_publicize_message":"","jetpack_publicize_feature_enabled":true,"jetpack_social_post_already_shared":false,"jetpack_social_options":{"image_generator_settings":{"template":"highway","default_image_id":0,"enabled":false},"version":2}},"categories":[2,1225,38,15],"tags":[81,719,1331],"class_list":["post-3676","post","type-post","status-publish","format-standard","has-post-thumbnail","hentry","category-atarfe","category-ha-de-atarfe","category-opinion-de-jose-enrique-granados","category-ultimas-noticias","tag-atarfe","tag-ermita","tag-ha-de-atarfe"],"jetpack_publicize_connections":[],"jetpack_featured_media_url":"https:\/\/i0.wp.com\/miradordeatarfe.es\/wp-content\/uploads\/2015\/09\/12063382_893087360777280_1274734699328729598_n.jpg?fit=480%2C378&ssl=1","jetpack_likes_enabled":true,"jetpack_sharing_enabled":true,"_links":{"self":[{"href":"https:\/\/miradordeatarfe.es\/index.php?rest_route=\/wp\/v2\/posts\/3676","targetHints":{"allow":["GET"]}}],"collection":[{"href":"https:\/\/miradordeatarfe.es\/index.php?rest_route=\/wp\/v2\/posts"}],"about":[{"href":"https:\/\/miradordeatarfe.es\/index.php?rest_route=\/wp\/v2\/types\/post"}],"author":[{"embeddable":true,"href":"https:\/\/miradordeatarfe.es\/index.php?rest_route=\/wp\/v2\/users\/1"}],"replies":[{"embeddable":true,"href":"https:\/\/miradordeatarfe.es\/index.php?rest_route=%2Fwp%2Fv2%2Fcomments&post=3676"}],"version-history":[{"count":3,"href":"https:\/\/miradordeatarfe.es\/index.php?rest_route=\/wp\/v2\/posts\/3676\/revisions"}],"predecessor-version":[{"id":3680,"href":"https:\/\/miradordeatarfe.es\/index.php?rest_route=\/wp\/v2\/posts\/3676\/revisions\/3680"}],"wp:featuredmedia":[{"embeddable":true,"href":"https:\/\/miradordeatarfe.es\/index.php?rest_route=\/wp\/v2\/media\/3677"}],"wp:attachment":[{"href":"https:\/\/miradordeatarfe.es\/index.php?rest_route=%2Fwp%2Fv2%2Fmedia&parent=3676"}],"wp:term":[{"taxonomy":"category","embeddable":true,"href":"https:\/\/miradordeatarfe.es\/index.php?rest_route=%2Fwp%2Fv2%2Fcategories&post=3676"},{"taxonomy":"post_tag","embeddable":true,"href":"https:\/\/miradordeatarfe.es\/index.php?rest_route=%2Fwp%2Fv2%2Ftags&post=3676"}],"curies":[{"name":"wp","href":"https:\/\/api.w.org\/{rel}","templated":true}]}}