{"id":3681,"date":"2015-10-12T08:28:44","date_gmt":"2015-10-12T08:28:44","guid":{"rendered":"http:\/\/miradordeatarfe.es\/?p=3681"},"modified":"2015-10-09T07:42:11","modified_gmt":"2015-10-09T07:42:11","slug":"la-ermita-de-los-tres-juanes-1-por-jose-enrique-granados","status":"publish","type":"post","link":"https:\/\/miradordeatarfe.es\/?p=3681","title":{"rendered":"LA ERMITA DE LOS TRES JUANES (1) por Jos\u00e9 Enrique Granados"},"content":{"rendered":"<p style=\"text-align: justify;\">Aunque ya hemos abordado el tema de los Tres Juanes en esta Gacetilla, todav\u00eda la gente sigue preguntando el por qu\u00e9 del nombre, porque su construcci\u00f3n, cual es su significado, etc. En esta y pr\u00f3ximas gacetillas transcribiremos el proyecto original presentado en el ayuntamiento all\u00e1 por la d\u00e9cada de los cuarenta del siglo pasado, para la construcci\u00f3n de una ermita en el cerro de El Castillejo. Queremos dar a conocer la idea tal como fue concebida por Juan de Dios S\u00e1nchez Pozo, hace ahora 70 a\u00f1os. El proyecto fue publicado en el especial de las fiestas de IDEAL del a\u00f1o 1993.<!--more--><\/p>\n<p style=\"text-align: justify;\">Memoria y fundamentos del proyecto de construcci\u00f3n de una ermita en el cerro El Castillejo, de Atarfe<\/p>\n<p style=\"text-align: justify;\">Consideraciones generales<\/p>\n<p style=\"text-align: justify;\">La rocosa c\u00faspide del cerro conocida por El Castillejo del monte de propios de Sierra Elvira, que, cual ingente mole, se eleva a 861 metros sobre el nivel del mar, y 263 sobre su base, a los pies mismos de la pintoresca y progresiva Villa de Atarfe, ha sido el lugar designado para la erecci\u00f3n del Templo destinado al culto permanente de San Juan Bautista, cuya imagen se apareci\u00f3 o fue hallada, en circunstancias extraordinarias, por el que va a ser su fundador, don Juan de Dios S\u00e1nchez Pozo, vecino de dicha villa, a cuya iniciativa y expensas ser\u00e1n levantadas las obras que perpet\u00faen en la posteridad suceso tan singular.<\/p>\n<p style=\"text-align: justify;\">Creemos de inter\u00e9s exponer, aunque muy someramente, algunas ligeras consideraciones que el caso nos sugiere, sobre los principales fundamentos que motivan este proyecto, sin cuyo conocimiento previo, m\u00e1s parecer\u00eda la obra de un alucinado que la de un ser normal, todo sencillez, modestia y coraz\u00f3n.<\/p>\n<p style=\"text-align: justify;\">S\u00f3lo como un milagro es admisible concebir la ejecuci\u00f3n de este empe\u00f1o; pues dada su semejanza con el prodigioso suceso de La Bernardita en Lourdes, en este caso tambi\u00e9n la famosa aparici\u00f3n parece como si impulsara al elegido con fuerza obsesionante para cumplir no sabemos qu\u00e9 altos y misteriosos designios, sirviendo de instrumento inteligente de la Voluntad Divina, al acometer por s\u00ed solo obra tan desproporcionada a sus medios, dadas las dificultades que ofrece y que para otro que no fuera \u00e9l ser\u00eda inabordable y de absoluta e imposible realizaci\u00f3n. Las posibilidades econ\u00f3micas del fundador, indispensables para llevar a buen fin su proyecto, no existen en realidad, y por ser ya de todos conocidas y humild\u00edsimas en extremo, no son del caso determinar, sin que tampoco busque la notoriedad que, por otra parte, no cuadra a su modestia ni a su modo de ser. De ah\u00ed que estimemos este caso como absolutamente excepcional y por eso, y para que todo resulte extraordinario y parad\u00f3jico, no cabe suponer otra cosa sino que el hecho en s\u00ed llena y cumple Alt\u00edsimos y providenciales fines, que el prodigio tome estado y llegue a ser viable lo que parec\u00eda imposible, convirtiendo el ensue\u00f1o en fecunda y portentosa realidad. Y por si todo ello a\u00fan no fuese bastante, hasta la elecci\u00f3n del paraje para el singular emplazamiento del sencillo templo, no puede en verdad ser m\u00e1s acertado ni m\u00e1s bello de lo que es, pues al resultar, por otra parte, tambi\u00e9n normalmente practicable y de f\u00e1cil acceso, merced a su gran elevaci\u00f3n, el gigantesco basamento que va a servirle de sost\u00e9n, lo aproxima m\u00e1s a los cielos y lo acerca m\u00e1s a Dios.<\/p>\n<p style=\"text-align: justify;\">Parece como si con ello, esa Grande y Suprema Voluntad, quisiera premiar con largueza y generosidad lo pr\u00f3digo y acertado del lugar, y vali\u00e9ndose de esa maravillosa ley de las compensaciones, a la fatiga y el esfuerzo del escalamiento de la ingente mole, el majestuoso pedestal nos ofrece all\u00ed, desde su c\u00faspide, perspectivas maravillosas, de todo punto, por su grandeza imposible de describir.<\/p>\n<p style=\"text-align: justify;\">En torno al observador, 56 pueblos, lugares y aldeas se contemplan, despleg\u00e1ndose radiante un panorama inmenso, un conjunto de variados paisajes, un amplio y gigantesco cuadro c\u00f3smico que se extiende con mil tonos diversos en insondables t\u00e9rminos, dilat\u00e1ndose en fant\u00e1sticas distancias y describiendo interminables horizontes en lontananza.<\/p>\n<p style=\"text-align: justify;\">A sus pies los profundos abismos, las r\u00e1pidas vertientes, los oscuros barrancos, las quebradas gargantas, las tortuosas ca\u00f1adas, los solitarios bosques, las f\u00e9rtiles praderas y los lejanos valles.<\/p>\n<p style=\"text-align: justify;\">La hist\u00f3rica y perfumada vega de Granada, surcada por el Genil como una serpiente de cristal. A la derecha las monta\u00f1as de Sierra Elvira; al frente las de la Sierra de Alhama, y m\u00e1s all\u00e1, al otro lado, sobre nosotros, en la altura, se levantan los escarpados picos de Sierra Nevada, y mucho m\u00e1s altos, con sus altivas crestas coronada de perpetua nieve, como el Himalaya, los gigantes famosos y elevados picos del Veleta y Mulhac\u00e9n, como eternas pir\u00e1mides de granito que tienen por pedestal la tierra y por fanal el cielo. Y m\u00e1s all\u00e1 todav\u00eda, oculto entre los pliegues de los agrestes montes, como entre un pabell\u00f3n inmenso de granito invisible; pero presinti\u00e9ndolo, como flotante velo prendido de las nubes, el mar inmenso cual un cristal opaco que cubre el infinito, dibujando en el dilatado horizonte los confines de la Patria, los l\u00edmites de Espa\u00f1a y la l\u00ednea divisoria, circular y misteriosa de la tierra y el cielo.<\/p>\n<p style=\"text-align: justify;\">El estado salvaje y natural, la sinuosa masa toda llena de hondas porosidades y anchas grietas, con la Ermita por pir\u00e1mide, han de dar al cerro El Castillejo una alta visualidad de fortaleza sirviendo de elevado pedestal para sustentar las obras del hombre donde las funciones lit\u00fargicas del culto habr\u00e1n de inspirar el mayor recogimiento y espiritual encanto. \u00a1Cu\u00e1nta severa majestad ofrecer\u00e1 una misa rezada en este recinto!<\/p>\n<p style=\"text-align: justify;\">El solemne silencio que reina en sus \u00e1mbitos, interrumpido tan s\u00f3lo por el murmullo m\u00edstico del sacerdote y, a veces, por la sonora campanilla del monaguillo, la tibia claridad crepuscular o los rayos del sol penetrando por los h\u00famedos y policromados cristales de las altas y arqueadas ventanas buscando las rojizas llamas de los cirios, dando un tono de misterio a aquel ambiente aromatizado de incienso y religiosidad, teniendo por escenario los r\u00edgidos y enhiestos montes y selv\u00e1ticos contornos.<\/p>\n<p style=\"text-align: justify;\">He aqu\u00ed somera y humildemente descrito el bell\u00edsimo lugar que habr\u00e1 de servir de emplazamiento al sencillo templo que, en medio de tanta grandeza y majestad, va a ser erigido por don Juan de Dios S\u00e1nchez Pozo, para legar a la posteridad, en la lejana soledad de este coloso pedestal, la nueva mansi\u00f3n, el singular recinto en donde es posible adorar a\u00fan m\u00e1s a Dios, por admirar m\u00e1s de cerca su portentosa obra, la inmensidad, el infinito y, en suma, cuanto nos es dable poder apreciar y en s\u00ed es, supone y representa la hermos\u00edsima creaci\u00f3n universal.<\/p>\n<p style=\"text-align: justify;\">La imagen es el boceto perge\u00f1ado en el proyecto original de la fachada principal del edificio.<\/p>\n<p style=\"text-align: justify;\">Curiosidades elvirenses.<\/p>\n<p style=\"text-align: justify;\">PUBLICADO EN : <a href=\"https:\/\/www.facebook.com\/permalink.php?story_fbid=892254850860531&amp;id=732817910137560&amp;substory_index=0\">https:\/\/www.facebook.com\/permalink.php?story_fbid=892254850860531&amp;id=732817910137560&amp;substory_index=0<\/a><\/p>\n","protected":false},"excerpt":{"rendered":"<p>Aunque ya hemos abordado el tema de los Tres Juanes en esta Gacetilla, todav\u00eda la&#8230;<\/p>\n","protected":false},"author":1,"featured_media":3682,"comment_status":"closed","ping_status":"closed","sticky":false,"template":"","format":"standard","meta":{"_coblocks_attr":"","_coblocks_dimensions":"","_coblocks_responsive_height":"","_coblocks_accordion_ie_support":"","jetpack_post_was_ever_published":false,"_jetpack_newsletter_access":"","_jetpack_dont_email_post_to_subs":false,"_jetpack_newsletter_tier_id":0,"_jetpack_memberships_contains_paywalled_content":false,"_jetpack_memberships_contains_paid_content":false,"footnotes":"","jetpack_publicize_message":"","jetpack_publicize_feature_enabled":true,"jetpack_social_post_already_shared":false,"jetpack_social_options":{"image_generator_settings":{"template":"highway","default_image_id":0,"enabled":false},"version":2}},"categories":[2,1225,38,15],"tags":[81,719,717],"class_list":["post-3681","post","type-post","status-publish","format-standard","has-post-thumbnail","hentry","category-atarfe","category-ha-de-atarfe","category-opinion-de-jose-enrique-granados","category-ultimas-noticias","tag-atarfe","tag-ermita","tag-tres-juanes"],"jetpack_publicize_connections":[],"jetpack_featured_media_url":"https:\/\/i0.wp.com\/miradordeatarfe.es\/wp-content\/uploads\/2015\/09\/11863427_892254850860531_7815568781134267373_n.jpg?fit=368%2C395&ssl=1","jetpack_likes_enabled":true,"jetpack_sharing_enabled":true,"_links":{"self":[{"href":"https:\/\/miradordeatarfe.es\/index.php?rest_route=\/wp\/v2\/posts\/3681","targetHints":{"allow":["GET"]}}],"collection":[{"href":"https:\/\/miradordeatarfe.es\/index.php?rest_route=\/wp\/v2\/posts"}],"about":[{"href":"https:\/\/miradordeatarfe.es\/index.php?rest_route=\/wp\/v2\/types\/post"}],"author":[{"embeddable":true,"href":"https:\/\/miradordeatarfe.es\/index.php?rest_route=\/wp\/v2\/users\/1"}],"replies":[{"embeddable":true,"href":"https:\/\/miradordeatarfe.es\/index.php?rest_route=%2Fwp%2Fv2%2Fcomments&post=3681"}],"version-history":[{"count":4,"href":"https:\/\/miradordeatarfe.es\/index.php?rest_route=\/wp\/v2\/posts\/3681\/revisions"}],"predecessor-version":[{"id":3686,"href":"https:\/\/miradordeatarfe.es\/index.php?rest_route=\/wp\/v2\/posts\/3681\/revisions\/3686"}],"wp:featuredmedia":[{"embeddable":true,"href":"https:\/\/miradordeatarfe.es\/index.php?rest_route=\/wp\/v2\/media\/3682"}],"wp:attachment":[{"href":"https:\/\/miradordeatarfe.es\/index.php?rest_route=%2Fwp%2Fv2%2Fmedia&parent=3681"}],"wp:term":[{"taxonomy":"category","embeddable":true,"href":"https:\/\/miradordeatarfe.es\/index.php?rest_route=%2Fwp%2Fv2%2Fcategories&post=3681"},{"taxonomy":"post_tag","embeddable":true,"href":"https:\/\/miradordeatarfe.es\/index.php?rest_route=%2Fwp%2Fv2%2Ftags&post=3681"}],"curies":[{"name":"wp","href":"https:\/\/api.w.org\/{rel}","templated":true}]}}