{"id":36848,"date":"2020-01-14T09:51:29","date_gmt":"2020-01-14T08:51:29","guid":{"rendered":"http:\/\/miradordeatarfe.es\/?p=36848"},"modified":"2020-01-13T12:56:11","modified_gmt":"2020-01-13T11:56:11","slug":"el-corredor-mediterraneo-ayudara-a-superar-la-espana-radial","status":"publish","type":"post","link":"https:\/\/miradordeatarfe.es\/?p=36848","title":{"rendered":"El Corredor Mediterr\u00e1neo ayudar\u00e1 a superar la \u00abEspa\u00f1a radial\u00bb"},"content":{"rendered":"<header>\n<h2 style=\"text-align: justify;\">Josep Vicent Boir\u00e1, comisionado del gobierno del Corredor, afirma que la concepci\u00f3n radial de Espa\u00f1a se hab\u00eda convertido en un lastre penalizando importantes corredores porque quedaban en la periferia<\/h2>\n<\/header>\n<div class=\"cnt-izq\" style=\"text-align: justify;\">\n<div class=\"cnt-body\">\n<div id=\"cuerpo_noticia_r\" class=\"cuerpo\">\n<p>En declaraciones al programa <strong>Hoy por Hoy<\/strong>, el comisionado del gobierno para el Corredor Mediterr\u00e1neo, <strong>Josep Vicent Boira<\/strong>, ha explicado que con el Corredor comienza a superarse la concepci\u00f3n radial de los transportes en Espa\u00f1a. Algo que se hab\u00eda convertido en <strong>un lastre<\/strong> y que <strong>ha penalizado<\/strong> importantes corredores solo porque quedaban en la periferia.<\/p>\n<p>En cuanto a los <strong>siguientes pasos<\/strong> para conseguir acabar el Corredor Mediterr\u00e1neo, Boira ha explicado que para la legislatura que acaba de comenzar queda, entre otras cosas, la <strong>conexi\u00f3n entre Val\u00e8ncia y Alicante; la conexi\u00f3n con Murcia y la llegada a la frontera francesa.<\/strong><\/p>\n<\/div>\n<\/div>\n<\/div>\n<p style=\"text-align: justify;\">El Corredor Mediterr\u00e1neo traslada a Espa\u00f1a el <strong>modelo alem\u00e1n<\/strong> del transporte por ferrocarril, combinando <strong>en una misma plataforma<\/strong> el transporte de <strong>mercanc\u00edas y<\/strong> de <strong>personas<\/strong>.<\/p>\n<p style=\"text-align: justify;\">El objetivo final de esta infraestructura es crear un corredor ferroviario desde Algeciras hasta la frontera francesa, uniendo todas las autonom\u00edas a orillas del Mediterr\u00e1neo y conectarlas con centroeuropa.\u00a0<\/p>\n<p style=\"text-align: justify;\">El Corredor del Mediterr\u00e1neo reducir\u00e1 los tiempos de viaje entre ciudades tan importantes como Barcelona, Valencia, Alicante, Murcia, Almer\u00eda, M\u00e1laga o Algeciras a casi la mitad e incluso m\u00e1s en algunos tramos. El turismo interno, los viajes de fin de semana y los viajes de trabajo se multiplicar\u00e1n en toda la ruta. <strong>Catalunya, Andaluc\u00eda, Comunitat Valenciana y Murcia reciben el 50% del turismo en Espa\u00f1a<\/strong>.<\/p>\n<div class=\"cnt-multimedia estirar\" style=\"text-align: justify;\">\n<figure><figcaption>\n<p>FOTO:Josep Vicent Boira. Comisionado del Corredor Mediterr\u00e1neo del gobierno de Espa\u00f1a (archivo) \/ Cadena SER<\/p>\n<\/figcaption><\/figure>\n<\/div>\n<aside class=\"ssnn estirar\">\n<div style=\"text-align: justify;\"><span class=\"icono\">https:\/\/cadenaser.com\/emisora\/2020\/01\/13\/radio_valencia\/1578911053_991374.html<\/span><\/div>\n<\/aside>\n","protected":false},"excerpt":{"rendered":"<p>Josep Vicent Boir\u00e1, comisionado del gobierno del Corredor, afirma que la concepci\u00f3n radial de Espa\u00f1a&#8230;<\/p>\n","protected":false},"author":1,"featured_media":36849,"comment_status":"closed","ping_status":"closed","sticky":false,"template":"","format":"standard","meta":{"_coblocks_attr":"","_coblocks_dimensions":"","_coblocks_responsive_height":"","_coblocks_accordion_ie_support":"","jetpack_post_was_ever_published":false,"_jetpack_newsletter_access":"","_jetpack_dont_email_post_to_subs":false,"_jetpack_newsletter_tier_id":0,"_jetpack_memberships_contains_paywalled_content":false,"_jetpack_memberships_contains_paid_content":false,"footnotes":"","jetpack_publicize_message":"","jetpack_publicize_feature_enabled":true,"jetpack_social_post_already_shared":false,"jetpack_social_options":{"image_generator_settings":{"template":"highway","default_image_id":0,"enabled":false},"version":2}},"categories":[9,44,15],"tags":[6936,99],"class_list":["post-36848","post","type-post","status-publish","format-standard","has-post-thumbnail","hentry","category-medio-ambiente","category-noticias-de-hoy","category-ultimas-noticias","tag-corredor-mediterraneo","tag-medio-ambiente"],"jetpack_publicize_connections":[],"jetpack_featured_media_url":"https:\/\/i0.wp.com\/miradordeatarfe.es\/wp-content\/uploads\/2020\/01\/1578911053_991374_1578911199_noticia_normal_recorte1.jpg?fit=1300%2C858&ssl=1","jetpack_likes_enabled":true,"jetpack_sharing_enabled":true,"_links":{"self":[{"href":"https:\/\/miradordeatarfe.es\/index.php?rest_route=\/wp\/v2\/posts\/36848","targetHints":{"allow":["GET"]}}],"collection":[{"href":"https:\/\/miradordeatarfe.es\/index.php?rest_route=\/wp\/v2\/posts"}],"about":[{"href":"https:\/\/miradordeatarfe.es\/index.php?rest_route=\/wp\/v2\/types\/post"}],"author":[{"embeddable":true,"href":"https:\/\/miradordeatarfe.es\/index.php?rest_route=\/wp\/v2\/users\/1"}],"replies":[{"embeddable":true,"href":"https:\/\/miradordeatarfe.es\/index.php?rest_route=%2Fwp%2Fv2%2Fcomments&post=36848"}],"version-history":[{"count":1,"href":"https:\/\/miradordeatarfe.es\/index.php?rest_route=\/wp\/v2\/posts\/36848\/revisions"}],"predecessor-version":[{"id":36850,"href":"https:\/\/miradordeatarfe.es\/index.php?rest_route=\/wp\/v2\/posts\/36848\/revisions\/36850"}],"wp:featuredmedia":[{"embeddable":true,"href":"https:\/\/miradordeatarfe.es\/index.php?rest_route=\/wp\/v2\/media\/36849"}],"wp:attachment":[{"href":"https:\/\/miradordeatarfe.es\/index.php?rest_route=%2Fwp%2Fv2%2Fmedia&parent=36848"}],"wp:term":[{"taxonomy":"category","embeddable":true,"href":"https:\/\/miradordeatarfe.es\/index.php?rest_route=%2Fwp%2Fv2%2Fcategories&post=36848"},{"taxonomy":"post_tag","embeddable":true,"href":"https:\/\/miradordeatarfe.es\/index.php?rest_route=%2Fwp%2Fv2%2Ftags&post=36848"}],"curies":[{"name":"wp","href":"https:\/\/api.w.org\/{rel}","templated":true}]}}