{"id":3688,"date":"2015-09-27T08:57:56","date_gmt":"2015-09-27T08:57:56","guid":{"rendered":"http:\/\/miradordeatarfe.es\/?p=3688"},"modified":"2015-09-29T08:37:40","modified_gmt":"2015-09-29T08:37:40","slug":"asterix-y-obelix-por-juan-alfredo-bellon","status":"publish","type":"post","link":"https:\/\/miradordeatarfe.es\/?p=3688","title":{"rendered":"ASTERIX Y OBELIX  por Juan Alfredo Bell\u00f3n"},"content":{"rendered":"<p><strong><em>ASTERIX Y OBELIX por Juan Alfredo Bell\u00f3n.\u00a0 <\/em>DESDE EL MIRADOR N\u00ba68 para el domingo n\u00ba 27-09-2015<\/strong><!--more--><\/p>\n<p>Esta ma\u00f1ana, cuando regres\u00e9 a casa de hacer las cuatro compras matinales, me enontr\u00e9 a mi Encarna (la asistente entra\u00f1able de quien hablaremos otro d\u00eda) hecha un l\u00edo por una p\u00e9rdida de agua abundante y ruidosa en la cisterna del cuarto de ba\u00f1o n\u00ba2, sito entre el dormitorio de nuestro hijo y su <em>cuarto de estudio <\/em>-eso es un poner- justo frente del dormitorio de sus progenitores y nuestro correspondiente humedal y aqu\u00ed pod\u00eda agregar una disgresi\u00f3n socioecon\u00f3mica informando a quien me lea de que a\u00fan hay un 3\u00ba entre la entrada de la vivienda y la cocina para proveer de alivio excretor y su correspondiente aseo higi\u00e9nico a la entrada, para las visitas del primer despacho y los trabajos auxiliares de la cocina adjunta. Con esto, la vivienda se completa con el pasillo repartidor iniciado en un peque\u00f1o <em>zulo-alacena <\/em>y un relativamente amplio sal\u00f3n-estar-comedor y biblioteca con mesa de trabajo (intelectual) tres huecos a la calle y un escueto balc\u00f3n colgado y varios armarios para las viandas, las cosas de aseo, los zapatos y las ropas.<\/p>\n<p>As\u00ed, adem\u00e1s de comenzar a hablar del problema de fontaner\u00eda que me aqueja -como todos los de pediatr\u00eda y otras urgencias, casi siempre surgidos en viernes- detallo para los lectores la forma y estructura de nuestra (y su) vivienda que lo es de clase media-alta por estar frente a la Alhambra y en el Albayc\u00edn Bajo y a cinco minutos de Plaza Nueva y Gran V\u00eda, pero en el punto de mira de las m\u00e1s aviesas intenciones de la Muncipalidad actual, lo que, aunque nos permite vivir en pleno centro del cielo y de lo que Ganivet llam\u00f3 <em>Granada la Bella, nos obliga a entrar y salir por<\/em> las mism\u00edsimas puertas del Infierno y hacerlo con la peor de las desconsiderazciones de nuestro ayuntamiento granadino que, desde mi modesta aunque fundamentada opini\u00f3n, se ensa\u00f1a con los habitantes del barrio Patrimonio de la Humanidad con peor condici\u00f3n que el vinagre de higos y del bicho (aquel tan malo) que le pic\u00f3 al tren hasta hacerlo descarrilar.<\/p>\n<p>F\u00edjense ustedes con qu\u00e9 donosura, puesto que yo ya no tengo abuela, he evitado hablar del episodio separatistsa catal\u00e1n que hoy nos concierne, refiri\u00e9ndome no obstante a la gracia y el humor con que en Asterix se tratan cuestiones no muy diferentes a las que abren en canal en estos tiempos a la sociedad catalana, a la andaluza, a la espa\u00f1ola, a la europea y a la internacional. En una peque\u00f1a aldea global gala y catalana se ha establecido una pugna humor\u00edstica por autodeterminarse y autogobernarse pero con salero; hasta Julio (Rajoy) C\u00e9sar lo tiene y no digamos Cleoplatra, <em>Obiols-elix<\/em>, los romanos de a pie y del Ministerio del Interior, el pretor Jorge, ese tan triste que hered\u00f3 de su antecesor celta Fragius, que J\u00fapiter confunda gritando \u00abCatalonia es m\u00eda!\u00bb.Todos ellos aprenden faefullas <em>\u00ablas fueasycuerposeseguridadelestao\u00bb. <\/em>Y luego la rapi\u00f1a generalizada de las serias hordas germ\u00e1nicas (casi tres millones de cu\u00e1drigas Ww trucadas); los mejores equipos de f\u00fatbol robados y robando (pan y f\u00fatbol); y mucho chorizo, y mucha bitifarra y m\u00e1s caloret. Total, la Hostia Santa del Papa de Roma reclamando en La Habana Tierra, Techo y Trabajo (y Libertad \u00bfqu\u00e9?) y en Washinton la vuelta completa de la tortilla y control sobre los organismos financieros internacionales y luego, lo de los refugiados de Ucrania, Siria, Jerusalem y paz en la tierra a las personas de buena voluntad y abajo las bombas y los arsenales nucleares.<\/p>\n<p>Bueno, no se puede ser m\u00e1s simples ni menos perspicaces, ni m\u00e1s del Alcoyano, que tiraban los <em>coners <\/em>desde la esquina (como es preceptivo) y el mismo judador petend\u00eda rematarlos de cabeza y gritar <em>Viva el Bar\u00e7a y el Betis manque pierdan<\/em>, y Marco Antonio, C\u00e9sar y Cleopatra, y todas las personas de buena voluntad, aunque sean ministros de Rajoy. Pero este no, ni Pujol, que enga\u00f1\u00f3 al mismo Bar\u00e7a por persona interpuesta. Ni al Banco Andorrano que es una sucursal para el alzamiento de bienes ajenos covertidos en propios, ni a los siete hijos de Zebedeo, a cual m\u00e1s chorizo y a cual m\u00e1s feo, cuyo famoso padre tambi\u00e9n proven\u00eda de la Banca. Lo dicho: no hay quinto malo, ni banco bueno y menos el del Vaticano y a ver c\u00f3mo nos acordamos de nuestros or\u00edgenes sure\u00f1os el domingo 27-S al votar. Dif\u00edcil lo tenemos pero m\u00e1s dif\u00edcil lo tienen ellos.<\/p>\n<p>&nbsp;<\/p>\n<p>&nbsp;<\/p>\n<p>&nbsp;<\/p>\n<p>&nbsp;<\/p>\n","protected":false},"excerpt":{"rendered":"<p>ASTERIX Y OBELIX por Juan Alfredo Bell\u00f3n.\u00a0 DESDE EL MIRADOR N\u00ba68 para el domingo n\u00ba&#8230;<\/p>\n","protected":false},"author":1,"featured_media":3689,"comment_status":"closed","ping_status":"closed","sticky":false,"template":"","format":"standard","meta":{"_coblocks_attr":"","_coblocks_dimensions":"","_coblocks_responsive_height":"","_coblocks_accordion_ie_support":"","jetpack_post_was_ever_published":false,"_jetpack_newsletter_access":"","_jetpack_dont_email_post_to_subs":false,"_jetpack_newsletter_tier_id":0,"_jetpack_memberships_contains_paywalled_content":false,"_jetpack_memberships_contains_paid_content":false,"footnotes":"","jetpack_publicize_message":"","jetpack_publicize_feature_enabled":true,"jetpack_social_post_already_shared":false,"jetpack_social_options":{"image_generator_settings":{"template":"highway","default_image_id":0,"enabled":false},"version":2}},"categories":[36,9,15],"tags":[152,171,1332],"class_list":["post-3688","post","type-post","status-publish","format-standard","has-post-thumbnail","hentry","category-opinion-de-juan-alfredo-bellon","category-medio-ambiente","category-ultimas-noticias","tag-cataluna","tag-elecciones","tag-papa"],"jetpack_publicize_connections":[],"jetpack_featured_media_url":"https:\/\/i0.wp.com\/miradordeatarfe.es\/wp-content\/uploads\/2015\/09\/CATA.jpg?fit=300%2C168&ssl=1","jetpack_likes_enabled":true,"jetpack_sharing_enabled":true,"_links":{"self":[{"href":"https:\/\/miradordeatarfe.es\/index.php?rest_route=\/wp\/v2\/posts\/3688","targetHints":{"allow":["GET"]}}],"collection":[{"href":"https:\/\/miradordeatarfe.es\/index.php?rest_route=\/wp\/v2\/posts"}],"about":[{"href":"https:\/\/miradordeatarfe.es\/index.php?rest_route=\/wp\/v2\/types\/post"}],"author":[{"embeddable":true,"href":"https:\/\/miradordeatarfe.es\/index.php?rest_route=\/wp\/v2\/users\/1"}],"replies":[{"embeddable":true,"href":"https:\/\/miradordeatarfe.es\/index.php?rest_route=%2Fwp%2Fv2%2Fcomments&post=3688"}],"version-history":[{"count":2,"href":"https:\/\/miradordeatarfe.es\/index.php?rest_route=\/wp\/v2\/posts\/3688\/revisions"}],"predecessor-version":[{"id":3791,"href":"https:\/\/miradordeatarfe.es\/index.php?rest_route=\/wp\/v2\/posts\/3688\/revisions\/3791"}],"wp:featuredmedia":[{"embeddable":true,"href":"https:\/\/miradordeatarfe.es\/index.php?rest_route=\/wp\/v2\/media\/3689"}],"wp:attachment":[{"href":"https:\/\/miradordeatarfe.es\/index.php?rest_route=%2Fwp%2Fv2%2Fmedia&parent=3688"}],"wp:term":[{"taxonomy":"category","embeddable":true,"href":"https:\/\/miradordeatarfe.es\/index.php?rest_route=%2Fwp%2Fv2%2Fcategories&post=3688"},{"taxonomy":"post_tag","embeddable":true,"href":"https:\/\/miradordeatarfe.es\/index.php?rest_route=%2Fwp%2Fv2%2Ftags&post=3688"}],"curies":[{"name":"wp","href":"https:\/\/api.w.org\/{rel}","templated":true}]}}