{"id":3691,"date":"2015-09-28T08:35:52","date_gmt":"2015-09-28T08:35:52","guid":{"rendered":"http:\/\/miradordeatarfe.es\/?p=3691"},"modified":"2015-09-29T07:21:37","modified_gmt":"2015-09-29T07:21:37","slug":"tiempo-de-verano-por-jose-enrique-granados","status":"publish","type":"post","link":"https:\/\/miradordeatarfe.es\/?p=3691","title":{"rendered":"\u00abTIEMPO DE VERANO\u00bb por Jos\u00e9 Enrique Granados"},"content":{"rendered":"<p style=\"text-align: justify;\">En el especial de las fiestas de IDEAL del a\u00f1o 2006, nuestro<strong> \u00c1ngel Fern\u00e1ndez, con el seud\u00f3nimo de Pepe L\u00f3pez,<\/strong> nos tra\u00eda un relato titulado<em> Tiempo de verano,<\/em> el que merece la pena releer.<!--more--><\/p>\n<p style=\"text-align: justify;\">Es tiempo de verano, la temperatura asciende y convierte la ladera de la sierra en algo amarillento. Los restos de lo que pudo ser una ermita vigilan como un faro la vega de Granada, el gris de los Morrones se envuelve entre la calima ocultando el horizonte y solo de vez en cuando, deja pasar bocanadas de aire ardiente que desciende por los barrancos buscando las calles de tierra, ocultando los gorriones en los \u00e1rboles con el pico abierto y un trino agotado.<\/p>\n<p style=\"text-align: justify;\">Alguna que otra golondrina se atreve a volar rozando el suelo y doblando las esquinas con rapidez y soltura como si el calor no existiera. Es tiempo de verano, es tiempo de pintar las fachadas de cal. Al amanecer, las puertas se llenan de cubos, palos largos y brochas \u2013vamos, que despu\u00e9s hace mucho calor-; nosotros, voluntarios a la fuerza con mas ganas de juego que de pintura, terminamos siendo expulsados porque airamos muchas gotas o porque dejamos muchos santos, o simplemente porque entre la repetici\u00f3n cansina, d\u00e9jame que pinto yo, ahora incordiamos mas de la cuenta.<\/p>\n<p style=\"text-align: justify;\">Por la tarde el olor de las paredes humedecidas por la cal ya casi seca, se mezcla con el olor de los rastrojos que se acumula en parvas invadiendo el ambiente. Aunque la misi\u00f3n diaria, a eso de las 6 de la tarde, era ir a buscar verdolagas, cerrajas o berros para los marranos, a la vuelta nos esperaba la merienda, pan con aceite y az\u00facar. El trozo que casi siempre sobraba iba a parar a alguna ventana, no antes si despedirlo con un beso, que por desgracia pasara algunos d\u00edas sec\u00e1ndose al sol antes de que se escuche la frase \u201ccomo se nota que ya no hay hambre.<\/p>\n<p style=\"text-align: justify;\">Es tiempo de verano. Tiempo de buscar nidos entre los olivos, chaparros y chopos; de perseguir culebras o de lo contrario, ba\u00f1arse en las posas que construimos como castores de secano en las acequias para irritaci\u00f3n de los regantes que provisionalmente cort\u00e1bamos su suministro; de innumerables volantones en la falda de los olivos del cementerio, de pinchos erguidos en las Eras, de luci\u00e9rnagas, de brillanticos en los matazos, de murci\u00e9lagos, de salamanquesas.<\/p>\n<p style=\"text-align: justify;\">Ya se acercan las fiestas de la Funci\u00f3n, tendr\u00e9 ropa para estrenar, empezaremos el primer jam\u00f3n de la matanza del a\u00f1o anterior, me levantar\u00e9 par ver de donde salen los cabezudos este a\u00f1o, traer\u00e1n los columpios de los patos, de los choques, volver\u00e1 el t\u00edo de la ruleta que te deja sin una gorda, y siempre te toca un cigarro; anda que el de la botella y el cono, no es fino el t\u00edo, no creo conocer a nadie que le de, cuando se juega el dinero; de la procesi\u00f3n de Santa Ana, estas fiestas son solo un par de d\u00edas. Las de septiembre son mejores.<\/p>\n<p style=\"text-align: justify;\">Tardes de helado que aparece en una la bicicleta destartala recorriendo las calles con su heladera en el porta equipo y humo blanco que sale al abrir esa especie de lechera grande\u2026\u2026\u2026..; es el verano de los corrillos de vecinos, ganando fresco a la noche, contando sus aventuras con el miedo y enmarcando los fantasmas que vagabundean en su imaginaci\u00f3n. Cuantas casas encantadas, d\u00f3nde los fen\u00f3menos extra\u00f1os ni se pueden contar, cuantos familiares muertos que visitaban a sus familiares, cuantas leyendas, hay desde melones que suben solos al cobertizo, como desde la del hermano muerto que se presenta a consolar a su gemelo, mientras este volv\u00eda solo de madrugada con unos vinos de m\u00e1s. Apariciones de hijos muertos reclamando cari\u00f1o. La historia m\u00e1s terrible le ha ocurrido a Bernardo, desde entonces ya no sale solo de noche. Parece ser que una noche regando el ma\u00edz se le acerco alguien a pedirle fuego para un cigarrillo, le encendi\u00f3 el cigarro, le dio las gracias y cuando se marchaba se volvi\u00f3 y le dijo estas palabras: \u201cme ha dicho tu hermano que no te preocupes m\u00e1s, porque est\u00e1 bien\u201d y desapareci\u00f3 de golpe y porrazo. A Bernardo se le hab\u00eda matado su hermano hac\u00eda unos d\u00edas. Dios, que miedo me da cada vez que lo cuentan.<\/p>\n<p style=\"text-align: justify;\">Es tiempo de verano. Ya llegan, vienen de Francia con su Citroen tibur\u00f3n, que se agacha y se levanta seg\u00fan su posici\u00f3n, con regalos para algunos familiares y envidia de los dem\u00e1s. Cuentan y no paran de las delicias de vivir en el extranjero pero tambi\u00e9n vienen los que fueron a Barcelona, Cornell\u00e1 y Santa Coloma. Y no s\u00e9 por que hablan tan fino si adem\u00e1s no llevan tanto tiempo fuera. Traen consigo sus nuevas se\u00f1as de identidad: all\u00ed bebemos Fanta y Coca Cola, la pitusa no es lo mismo.<\/p>\n<p style=\"text-align: justify;\">Es tiempo de verano, del tour de Francia con los equipos espa\u00f1oles el Fagor, el Kas con Oca\u00f1a, Perico Jim\u00e9nez. Lo o\u00edmos por los transistores y el reportaje lo vemos por la tarde noche en el Coco; De los partidos de f\u00fatbol en el terrizo o en las dos Eras; de la feria de septiembre, del gran partido de f\u00fatbol. En cualquier Haza se improvisa un terreno de juego; pronto llegar\u00e1 el t\u00edo de los camarones y del cacahuate salado y el Chacarr\u00f3s con sus cohetes, del Chalet en la Plaza del Ayuntamiento. Del pichito moruno, de las raciones en el bar Pe\u00f1a, de chatos en las Canarias, de callos del Zapaticos, de los Tres Amigos m\u00e1s conocido por&#8230;.. De la Catalana y su ensaladilla rusa, del camino de San Fernando, de la Basculilla rumbo al pollo asado en Marino.<\/p>\n<p style=\"text-align: justify;\">Es tiempo de alamedas, de intentar ba\u00f1arse en la madre del Caballo con su agua tan fr\u00eda como cristalina; de meter las sandias y las cervezas en el agua, de bucear y salir morado cuando emboten la madre del Rao, de pillar peces en el canal de los Quintines, de olor a chopos regados, de mear en las paredes de la Basculilla.<\/p>\n<p style=\"text-align: justify;\">As\u00ed van, pasan los d\u00edas del mes de julio entre el mortecino calor y la espera de otro d\u00eda con m\u00e1s deseo de vida. As\u00ed cada ma\u00f1ana, las calles se desperezan con un caldero de agua y una buena mu\u00f1eca que apaga la sed del suelo, amortiguando el polvo de las calles. Durante todo el verano siempre la misma cantinela, ma\u00f1ana y tarde se escucha la entra\u00f1able frase, voy a regar la puerta. De noches de pel\u00edculas en el cine Ben\u00edtez y su terraza de verano con la pared del fondo blanca, que sirve de pantalla, las sillas de hierro o lat\u00f3n, unidas de cinco en cinco; con pipas y el refresco de fruta y sol y lo dem\u00e1s indios , romanos ,forzudos \u2026\u2026..<\/p>\n<p style=\"text-align: justify;\">Es tiempo de verano, su poder es m\u00e1gico, la vida es mas fuerte, el sudor busca las sombras de la parra, los abanicos de cart\u00f3n, el gazpacho con terrones de hielo, la siesta obligada, ventanas cerradas a cal y canto, silencio. Silencio, solo el olor de las hojas de la higueras cuelan por ellas; es como una llamada, no puedo m\u00e1s, me voy al patio, las avispas me buscan y yo las busco para quitarles el aguij\u00f3n. Pero cuando fallo \u201ccon vinagre y barro se cura la picadura del tabarro\u201d aunque servia para todo el magistral remedio. Que lentas se hacen estas horas, como buscas un sonido que delate vida detr\u00e1s de las paredes; ya se oye alguien en la calle, sonido inconfundible de las tardes de verano. La imaginaci\u00f3n hecha juega a churro-pico-tecna, polic\u00edas y ladrones, marro. Hasta aqu\u00ed todo bien, pero el cine empezaba hacer de las suyas y comenzamos un a\u00f1o m\u00e1s con las guerrillas con los de la Ca\u00f1ada o con los que sea; no pueden venir a las Eras y basta, primero empezamos con los restos de pabilos que quedan en las eras, despu\u00e9s con algunas piedras, para pasar despu\u00e9s a las armas pesadas, gomeros y ondas. No hab\u00eda mucha destreza, pero si muchas piedras y algo de mala idea por no decir mala leche; porque m\u00e1s de uno lleva las se\u00f1as de cicatrices a modo de tatuaje en la cabeza. Conforme pasan los d\u00edas decrece nuestro af\u00e1n territorial, m\u00e1s por heridos en el frente que por la persecuci\u00f3n y rega\u00f1inas de nuestros padres, aunque para juramentos el de las victimas de alguna piedra: estos no las tienen que pagar, juramento en falsete que se olvida antes de septiembre, antes de la vuelta al colegio.<\/p>\n<p style=\"text-align: justify;\">Es tiempo de verano, del chirrido de los vencejos, del croar de las ranas, de los cabezones o renacuajos que se encontraban a miles en cualquier posa que se forma con el escape de agua de las acequias; de la caza de tritones en la noria Conteras, la de Cervantes ten\u00eda menos, no s\u00e9 porque los cazamos si adem\u00e1s son fe\u00edsimos y torpes como ellos solos; de albaricoques de la huerta Cayetano o de las peras verdes de las Marquesas, de majoletas, de las ciruelas tard\u00edas de las parcelas, de las rozaduras de las zapatillas de la Cadena, que cuando las domas ya est\u00e1n rotas por la suela y nos sirven de freno en la rueda de atr\u00e1s de las bicicletas; de beber agua de pozo, \u201cbebe en el caldero que no nos ve nadie\u201d pero siempre no s\u00e9 porque raz\u00f3n, siempre te pillan \u201ccuantas veces te he dicho que no hociqu\u00e9is en el caldero, se acab\u00f3 ya no hay mas agua\u201d.<\/p>\n<p style=\"text-align: justify;\">Es tiempo de verano pero ya se acerca septiembre y en las noches aparece la silueta gris de las letras y los n\u00fameros. Entre los sue\u00f1os se cuelan don Juan, don Ces\u00e1reo, don Miguel, don Octavio, don Onofre y don Jes\u00fas. La letra con sangre entra, las permanencias, el instituto.<\/p>\n<p style=\"text-align: justify;\">De siempre me gusta el verano, dicen que es porque he nacido en esta estaci\u00f3n o tal vez porque la vida me ha ofrecido en esta \u00e9poca, maravillosos d\u00edas. Tengo un hermoso jard\u00edn de piedras y balates, una sierra para forjar mis aventuras, la Canterilla para escalar y coger las uvas de las parras enanas del cortijo del T\u00edo la Pipa. Mis puntos cardinales son mis amigos, amigos y pioneros de la nada. Un bosque de eternos olivos nos sirve para recrear las hermosas leyendas del cine donde cantar al viento, el testimonio de una ni\u00f1ez que se despojaba cada d\u00eda de su piel. Nos disfrazamos de adolescentes sin apenas darnos cuenta que ya lo somos, amigos y c\u00f3mplices, sus d\u00edas y mi vida estar\u00e1n ligadas. Aprend\u00ed en verano de mis amigos, le gui\u00f1e al destino en tono de burla, porque nunca cre\u00ed en \u00e9l.<\/p>\n<p style=\"text-align: justify;\">Me pertenec\u00edan mis d\u00edas, mis sue\u00f1os. Todo parec\u00eda tener la dulce consideraci\u00f3n de lo sencillo de lo f\u00e1cil incluso de lo eterno. Cab\u00eda algo en el deseo.<\/p>\n<p style=\"text-align: justify;\">La pintura es de Ana Eva Garc\u00eda y se titula \u201cPaisaje en la Vega\u201d<\/p>\n<p style=\"text-align: justify;\">Curiosidades elvirenses.<\/p>\n<p style=\"text-align: justify;\"><a href=\"https:\/\/i0.wp.com\/miradordeatarfe.es\/wp-content\/uploads\/2015\/09\/12004855_891224877630195_6554330160965136136_n.jpg?ssl=1\"><img data-recalc-dims=\"1\" loading=\"lazy\" decoding=\"async\" class=\"alignnone size-full wp-image-3692\" src=\"https:\/\/i0.wp.com\/miradordeatarfe.es\/wp-content\/uploads\/2015\/09\/12004855_891224877630195_6554330160965136136_n.jpg?resize=330%2C395&#038;ssl=1\" alt=\"12004855_891224877630195_6554330160965136136_n\" width=\"330\" height=\"395\" srcset=\"https:\/\/i0.wp.com\/miradordeatarfe.es\/wp-content\/uploads\/2015\/09\/12004855_891224877630195_6554330160965136136_n.jpg?w=330&amp;ssl=1 330w, https:\/\/i0.wp.com\/miradordeatarfe.es\/wp-content\/uploads\/2015\/09\/12004855_891224877630195_6554330160965136136_n.jpg?resize=251%2C300&amp;ssl=1 251w\" sizes=\"auto, (max-width: 330px) 100vw, 330px\" \/><\/a><\/p>\n","protected":false},"excerpt":{"rendered":"<p>En el especial de las fiestas de IDEAL del a\u00f1o 2006, nuestro \u00c1ngel Fern\u00e1ndez, con&#8230;<\/p>\n","protected":false},"author":1,"featured_media":3693,"comment_status":"closed","ping_status":"closed","sticky":false,"template":"","format":"standard","meta":{"_coblocks_attr":"","_coblocks_dimensions":"","_coblocks_responsive_height":"","_coblocks_accordion_ie_support":"","jetpack_post_was_ever_published":false,"_jetpack_newsletter_access":"","_jetpack_dont_email_post_to_subs":false,"_jetpack_newsletter_tier_id":0,"_jetpack_memberships_contains_paywalled_content":false,"_jetpack_memberships_contains_paid_content":false,"footnotes":"","jetpack_publicize_message":"","jetpack_publicize_feature_enabled":true,"jetpack_social_post_already_shared":false,"jetpack_social_options":{"image_generator_settings":{"template":"highway","default_image_id":0,"enabled":false},"version":2}},"categories":[2,1225,38,15],"tags":[81,1333,914],"class_list":["post-3691","post","type-post","status-publish","format-standard","has-post-thumbnail","hentry","category-atarfe","category-ha-de-atarfe","category-opinion-de-jose-enrique-granados","category-ultimas-noticias","tag-atarfe","tag-fiestas","tag-verano"],"jetpack_publicize_connections":[],"jetpack_featured_media_url":"https:\/\/i0.wp.com\/miradordeatarfe.es\/wp-content\/uploads\/2015\/09\/fiesta.jpg?fit=259%2C194&ssl=1","jetpack_likes_enabled":true,"jetpack_sharing_enabled":true,"_links":{"self":[{"href":"https:\/\/miradordeatarfe.es\/index.php?rest_route=\/wp\/v2\/posts\/3691","targetHints":{"allow":["GET"]}}],"collection":[{"href":"https:\/\/miradordeatarfe.es\/index.php?rest_route=\/wp\/v2\/posts"}],"about":[{"href":"https:\/\/miradordeatarfe.es\/index.php?rest_route=\/wp\/v2\/types\/post"}],"author":[{"embeddable":true,"href":"https:\/\/miradordeatarfe.es\/index.php?rest_route=\/wp\/v2\/users\/1"}],"replies":[{"embeddable":true,"href":"https:\/\/miradordeatarfe.es\/index.php?rest_route=%2Fwp%2Fv2%2Fcomments&post=3691"}],"version-history":[{"count":1,"href":"https:\/\/miradordeatarfe.es\/index.php?rest_route=\/wp\/v2\/posts\/3691\/revisions"}],"predecessor-version":[{"id":3694,"href":"https:\/\/miradordeatarfe.es\/index.php?rest_route=\/wp\/v2\/posts\/3691\/revisions\/3694"}],"wp:featuredmedia":[{"embeddable":true,"href":"https:\/\/miradordeatarfe.es\/index.php?rest_route=\/wp\/v2\/media\/3693"}],"wp:attachment":[{"href":"https:\/\/miradordeatarfe.es\/index.php?rest_route=%2Fwp%2Fv2%2Fmedia&parent=3691"}],"wp:term":[{"taxonomy":"category","embeddable":true,"href":"https:\/\/miradordeatarfe.es\/index.php?rest_route=%2Fwp%2Fv2%2Fcategories&post=3691"},{"taxonomy":"post_tag","embeddable":true,"href":"https:\/\/miradordeatarfe.es\/index.php?rest_route=%2Fwp%2Fv2%2Ftags&post=3691"}],"curies":[{"name":"wp","href":"https:\/\/api.w.org\/{rel}","templated":true}]}}