{"id":36928,"date":"2020-01-18T11:30:15","date_gmt":"2020-01-18T10:30:15","guid":{"rendered":"http:\/\/miradordeatarfe.es\/?p=36928"},"modified":"2020-01-18T12:10:33","modified_gmt":"2020-01-18T11:10:33","slug":"cambios-urbanisticos-ocurridos-en-atarfe-tras-el-terremoto-de-1956-por-fuencisla-moreno-rueda","status":"publish","type":"post","link":"https:\/\/miradordeatarfe.es\/?p=36928","title":{"rendered":"\u00abCambios urban\u00edsticos ocurridos en Atarfe tras el terremoto de 1956\u00bb por Fuencisla Moreno Rueda"},"content":{"rendered":"<h4 style=\"text-align: justify;\">PUBLICADO EN LA PAGINA 301, 302, 303 DEL LIBRO ATARFE EN PAPEL DE IDEAL (2007)<\/h4>\n<p style=\"text-align: justify;\"><em>Diez d\u00edas antes de lo que era la norma habitual, el Alcalde de Atarfe D. Jos\u00e9 Jim\u00e9nez S\u00e1nchez, convoc\u00f3 Pleno Extraordinario, concretamente el <strong>d\u00eda 20 de abril de 1956<\/strong>.<\/em><\/p>\n<p style=\"text-align: justify;\">Hasta esa fecha en Atarfe, seg\u00fan se recoge en el Libro de Actas de ese a\u00f1o, la vida transcurr\u00eda mon\u00f3tonamente, se hac\u00edan gestiones para construir la Casa Cuartel de la Guardia Civil, se pretend\u00eda completar la red de darros y alcantarillado del pueblo, se gestaba la creaci\u00f3n de un Servicio Mancomunado de Odontolog\u00eda junto con el Ayuntamiento de Albolote, se adecentaban sus caminos<br \/>\nvecinales y los que un\u00edan el municipio con los pueblos de alrededor y en un ambiente casi festivo, se trataba de rendir homenaje al Papa P\u00edo XII con motivo de su 80 cumplea\u00f1os.<\/p>\n<p style=\"text-align: justify;\">Este ritmo de vida se vio alterado el d\u00eda<strong> 19 de abril,<\/strong> cuando un fuerte terremoto sacudi\u00f3 a la poblaci\u00f3n. El primer testimonio que tenemos de la impresi\u00f3n general del suceso lo encontramos en la sesi\u00f3n plenaria que con car\u00e1cter extraordinario tuvo lugar apenas transcurridas\u00a0\u00a0 veinticuatro horas del hecho:<br \/>\n\u201c <em>Lo precipitado de esta reuni\u00f3n tiene por causa la cat\u00e1strofe que agobia a este pueblo de Atarfe y a todos sus habitantes, como consecuencia del fuerte terremoto producido en la tarde de ayer<\/em><br \/>\n<em>(concretamente a las 19,39 horas) y que nos tiene sumidos en un verdadero p\u00e1nico ya que no solo hemos tenido que lamentar algunas v\u00edctimas, el derrumbamiento de algunos edificios y el<\/em><br \/>\n<em>agrietamiento de la mayor parte de las casas de la poblaci\u00f3n, sino que el temporal que se ha desencadenado y la repetici\u00f3n frecuente del seismo amenaza con convertir la localidad en una<\/em><br \/>\n<em>verdadera ruina<\/em>\u201d.<\/p>\n<p><a href=\"https:\/\/i0.wp.com\/miradordeatarfe.es\/wp-content\/uploads\/2020\/01\/IMG_20200118_115552-scaled.jpg?ssl=1\"><img data-recalc-dims=\"1\" loading=\"lazy\" decoding=\"async\" class=\"alignnone wp-image-37156 size-large\" src=\"https:\/\/i0.wp.com\/miradordeatarfe.es\/wp-content\/uploads\/2020\/01\/IMG_20200118_115552.jpg?resize=618%2C468&#038;ssl=1\" alt=\"\" width=\"618\" height=\"468\" srcset=\"https:\/\/i0.wp.com\/miradordeatarfe.es\/wp-content\/uploads\/2020\/01\/IMG_20200118_115552-scaled.jpg?resize=1024%2C775&amp;ssl=1 1024w, https:\/\/i0.wp.com\/miradordeatarfe.es\/wp-content\/uploads\/2020\/01\/IMG_20200118_115552-scaled.jpg?resize=300%2C227&amp;ssl=1 300w, https:\/\/i0.wp.com\/miradordeatarfe.es\/wp-content\/uploads\/2020\/01\/IMG_20200118_115552-scaled.jpg?resize=768%2C581&amp;ssl=1 768w, https:\/\/i0.wp.com\/miradordeatarfe.es\/wp-content\/uploads\/2020\/01\/IMG_20200118_115552-scaled.jpg?resize=600%2C454&amp;ssl=1 600w, https:\/\/i0.wp.com\/miradordeatarfe.es\/wp-content\/uploads\/2020\/01\/IMG_20200118_115552-scaled.jpg?resize=1536%2C1162&amp;ssl=1 1536w, https:\/\/i0.wp.com\/miradordeatarfe.es\/wp-content\/uploads\/2020\/01\/IMG_20200118_115552-scaled.jpg?resize=2048%2C1549&amp;ssl=1 2048w, https:\/\/i0.wp.com\/miradordeatarfe.es\/wp-content\/uploads\/2020\/01\/IMG_20200118_115552-scaled.jpg?resize=1320%2C999&amp;ssl=1 1320w, https:\/\/i0.wp.com\/miradordeatarfe.es\/wp-content\/uploads\/2020\/01\/IMG_20200118_115552-scaled.jpg?w=1920&amp;ssl=1 1920w\" sizes=\"auto, (max-width: 618px) 100vw, 618px\" \/><\/a><\/p>\n<p style=\"text-align: justify;\">A partir de este momento nada en el pueblo fue importante, salvo su reconstrucci\u00f3n f\u00edsica y el intento de normalizar la vida de sus vecinos. Numerosos organismos y asociaciones ben\u00e9ficas prestaron su colaboraci\u00f3n desde el primer momento. RENFE cedi\u00f3 vagones para albergue de las familias que se hab\u00edan quedado sin vivienda, CARITAS ofreci\u00f3 comida y ropa y numerosos ciudadanos y organismos p\u00fablicos ofrecieron importantes donativos.<\/p>\n<p style=\"text-align: justify;\">Pasados los primeros d\u00edas estos vagones fueron sustituidos por tiendas de campa\u00f1a y barracones distribuidas en diferentes zonas del pueblo: Plaza Sta. Ana, Plaza del Ayuntamiento&#8230;<\/p>\n<p style=\"text-align: justify;\">Tambi\u00e9n y desde el primer momento se constituyeron comisiones locales para administrar los fondos recaudados y unas semanas m\u00e1s tarde (a principios del mes de Junio), los tres municipios m\u00e1s afectados por el terremoto (Atarfe, Albolote y Granada), crearon una Comisi\u00f3n Central bajo la presidencia del Gobernador Civil para agilizar los temas nuevos que cada d\u00eda iban surgiendo.<\/p>\n<p style=\"text-align: justify;\">Por orden directa del Gobernador se confeccion\u00f3 una lista de afectados por los terremotos en<br \/>\nla cual aparecen un total de 1208 personas (316 familias). La mayor\u00eda de estas familias resid\u00edan en las zonas m\u00e1s humildes del pueblo y casi todas ellas contaban con pocos recursos econ\u00f3micos.<br \/>\nLa recuperaci\u00f3n econ\u00f3mica de estas familias fue lent\u00edsima. Durante bastantes a\u00f1os despu\u00e9s del<br \/>\nterremoto segu\u00edan englosando las listas de necesitados y el Ayuntamiento segu\u00eda socorri\u00e9ndolos en las campa\u00f1as anuales que se realizaban con motivo de Navidad y Reyes \u201cCampa\u00f1a de Invierno\u201d.<\/p>\n<p style=\"text-align: justify;\">Pero de todas las medidas adoptadas y hechos acontecidos, las que m\u00e1s asombro produjeron fueron<br \/>\npor una parte, la adoptada por el Consejo de Ministros celebrado en Sevilla el d\u00eda 26 de abril en virtud del cual se deb\u00edan aplicar en todo el municipio las normas establecidas en el Decreto 23 de septiembre de 1939\u00a0 sobre Reconstrucci\u00f3n Nacional, siendo los servicios de la Direcci\u00f3n General de Regiones Devastadas los encargados de poner en pr\u00e1ctica estas medidas. Al frente\u00a0 de los mismos se encontraba el arquitecto D. Santiago Sanguinetti Lobato y el aparejador D. Antonio G\u00f3mez G\u00f3mez.<\/p>\n<p style=\"text-align: justify;\">El segundo hecho que pas\u00f3 a ser hist\u00f3rico fue la visita que el d\u00eda 2 de mayo realiz\u00f3 Franco al pueblo<br \/>\nacompa\u00f1ado de los Ministros de Agricultura y de la Secretaria General del Movimiento, del Capit\u00e1n General y de otras autoridades provinciales. La visita se centr\u00f3 fundamentalmente en las zonas m\u00e1s<br \/>\nsiniestradas y en la Casa Convento de hu\u00e9rfanas del Ej\u00e9rcito, regentado por las Hermanas de la Caridad de San Vicente de Pa\u00fal.<\/p>\n<p style=\"text-align: justify;\">Con aquella visita la esperanza de soluci\u00f3n fue para todos los vecinos de Atarfe evidente, a pesar de que la reconstrucci\u00f3n se presentaba como una tarea bastante complicada. Independientemente de<br \/>\nlas viviendas particulares, la mayor\u00eda de ellas en estado ruinoso, se confeccion\u00f3 un listado de los edificios municipales y actuaciones urban\u00edsticas necesarias en elpueblo.<br \/>\n1 Construcci\u00f3n de un grupo escolar.<br \/>\n2 Construcci\u00f3n casa cuartel de la guardia civil.<br \/>\n3 Instalaci\u00f3n de una red para la tra\u00edda de aguas potables.<br \/>\n4 Confecci\u00f3n de los proyectos generales de urbanizaci\u00f3n.<br \/>\n5 Darros o alcantarillado y pavimentaci\u00f3n. de las Plazas Jos\u00e9 Antonio y Queipo de Llano y de<br \/>\nlas calles Ram\u00f3n y Cajal, Duquesa, Aire y Real.<\/p>\n<p style=\"text-align: justify;\">6 Construcci\u00f3n de matadero p\u00fablico.<br \/>\n7 Construcci\u00f3n cl\u00ednica m\u00e9dica y cl\u00ednica veterinaria.<br \/>\n8 Reparaci\u00f3n de la iglesia parroquial.<br \/>\n9 Reparaci\u00f3n del Ayuntamiento.<br \/>\n10 Construcci\u00f3n de viviendas para funcionarios municipales y sanitarios.<\/p>\n<p><a href=\"https:\/\/i0.wp.com\/miradordeatarfe.es\/wp-content\/uploads\/2020\/01\/IMG_20200118_120250-scaled.jpg?ssl=1\"><img data-recalc-dims=\"1\" loading=\"lazy\" decoding=\"async\" class=\"alignnone wp-image-37153 size-large\" src=\"https:\/\/i0.wp.com\/miradordeatarfe.es\/wp-content\/uploads\/2020\/01\/IMG_20200118_120250.jpg?resize=618%2C243&#038;ssl=1\" alt=\"\" width=\"618\" height=\"243\" srcset=\"https:\/\/i0.wp.com\/miradordeatarfe.es\/wp-content\/uploads\/2020\/01\/IMG_20200118_120250-scaled.jpg?resize=1024%2C402&amp;ssl=1 1024w, https:\/\/i0.wp.com\/miradordeatarfe.es\/wp-content\/uploads\/2020\/01\/IMG_20200118_120250-scaled.jpg?resize=300%2C118&amp;ssl=1 300w, https:\/\/i0.wp.com\/miradordeatarfe.es\/wp-content\/uploads\/2020\/01\/IMG_20200118_120250-scaled.jpg?resize=768%2C301&amp;ssl=1 768w, https:\/\/i0.wp.com\/miradordeatarfe.es\/wp-content\/uploads\/2020\/01\/IMG_20200118_120250-scaled.jpg?resize=600%2C235&amp;ssl=1 600w, https:\/\/i0.wp.com\/miradordeatarfe.es\/wp-content\/uploads\/2020\/01\/IMG_20200118_120250-scaled.jpg?resize=1536%2C603&amp;ssl=1 1536w, https:\/\/i0.wp.com\/miradordeatarfe.es\/wp-content\/uploads\/2020\/01\/IMG_20200118_120250-scaled.jpg?resize=2048%2C803&amp;ssl=1 2048w, https:\/\/i0.wp.com\/miradordeatarfe.es\/wp-content\/uploads\/2020\/01\/IMG_20200118_120250-scaled.jpg?resize=1320%2C518&amp;ssl=1 1320w, https:\/\/i0.wp.com\/miradordeatarfe.es\/wp-content\/uploads\/2020\/01\/IMG_20200118_120250-scaled.jpg?w=1920&amp;ssl=1 1920w\" sizes=\"auto, (max-width: 618px) 100vw, 618px\" \/><\/a><\/p>\n<p style=\"text-align: justify;\">Al hacerse necesario el traslado de las dependencias del Ayuntamiento a un local particular (Calle Enrique Ruiz Cabello 22), se vio oportuno iniciar los trabajos de reconstrucci\u00f3n por el propio ayuntamiento, d\u00e1ndose el caso de que junto con las viviendas particulares, fueron las \u00fanicas actuaciones que en junio de 1957, estaban realizadas.<\/p>\n<p style=\"text-align: justify;\">El Ayuntamiento consider\u00f3 la tra\u00edda de Aguas Potables como uno de los principales problemas del<br \/>\nmunicipio y as\u00ed lo expuso en repetidas ocasiones, sin embargo fue la construcci\u00f3n de las escuelas la batalla que se mantuvo durante m\u00e1s a\u00f1os y a la que se le prest\u00f3 una mayor atenci\u00f3n.<br \/>\nLas antiguas escuelas situadas en la Plaza del Horno Viejo y en la Calle San Felipe, que atend\u00edan la educaci\u00f3n de ni\u00f1os y ni\u00f1as respectivamente fueron desalojadas tras los terremotos debido al estado ruinoso de las mismas, con lo cual la ense\u00f1anza primaria en el municipio qued\u00f3 totalmente desatendida, con excepci\u00f3n de la impartida en las escuelas privadas existentes en el pueblo.<\/p>\n<p style=\"text-align: justify;\">En julio de 1956 se env\u00eda un escrito al Ministerio de Educaci\u00f3n Nacional solicitando la construcci\u00f3n de locales &#8211; escuelas prefabricadas con 14 secciones, 7 para ni\u00f1os y 7 para ni\u00f1as , los cuales se construyen a finales de 1956, mientras que el Ayuntamiento inicia un largu\u00edsimo tr\u00e1mite que habr\u00eda de durar varios a\u00f1os.<br \/>\nSiguiendo las instrucciones recibidas por la Direcci\u00f3n General de Regiones Devastadas, el Ayuntamiento afronta la tarea de buscar el solar adecuado para los futuros grupos escolares. El solar en cuesti\u00f3n fue una haza denominada \u201cLa Puerta\u201d situada en el pago del Lunes, propiedad de D. Rafael Pimentel Enr\u00edquez de Luna, con una superficie de dos mil quinientos cuarenta y dos metros cuadrados y diez cent\u00edmetros, por el que se abona la cantidad de cuarenta y ocho mil ciento<br \/>\nveintiuna pesetas con noventa y cinco c\u00e9ntimos. A\u00f1os m\u00e1s tarde en 1963 cuando casi nadie recordaba ya las promesas hechas como consecuencia de los terremotos, fueron inaugurados estos grupos escolares.<\/p>\n<p style=\"text-align: justify;\">Atarfe, a partir de la fecha en la que tuvieron lugar los terremotos, cambi\u00f3 su fisonom\u00eda. Los proyectos de ensanche y engrandecimiento del pueblo se hicieron realidad, se abrieron nuevos accesos que comunicaban el Barrio del Capit\u00e1n Cort\u00e9s con el centro del pueblo por la calle Ram\u00f3n y Cajal, se proyect\u00f3 la ampliaci\u00f3n del pueblo por el Barrio de la Prosperidad (hoy conocido como Barrio de las Flores), surgieron barrios nuevos, fueron reconstruidas calles enteras y se dise\u00f1aron<br \/>\nobras de gran envergadura, aunque estas se realizaran mucho m\u00e1s tarde o incluso no llegaran a hacerse.<\/p>\n<p><a href=\"https:\/\/i0.wp.com\/miradordeatarfe.es\/wp-content\/uploads\/2020\/01\/IMG_20200118_115817-scaled.jpg?ssl=1\"><img data-recalc-dims=\"1\" loading=\"lazy\" decoding=\"async\" class=\"alignnone wp-image-37155 size-large\" src=\"https:\/\/i0.wp.com\/miradordeatarfe.es\/wp-content\/uploads\/2020\/01\/IMG_20200118_115817.jpg?resize=618%2C293&#038;ssl=1\" alt=\"\" width=\"618\" height=\"293\" srcset=\"https:\/\/i0.wp.com\/miradordeatarfe.es\/wp-content\/uploads\/2020\/01\/IMG_20200118_115817-scaled.jpg?resize=1024%2C486&amp;ssl=1 1024w, https:\/\/i0.wp.com\/miradordeatarfe.es\/wp-content\/uploads\/2020\/01\/IMG_20200118_115817-scaled.jpg?resize=300%2C142&amp;ssl=1 300w, https:\/\/i0.wp.com\/miradordeatarfe.es\/wp-content\/uploads\/2020\/01\/IMG_20200118_115817-scaled.jpg?resize=768%2C364&amp;ssl=1 768w, https:\/\/i0.wp.com\/miradordeatarfe.es\/wp-content\/uploads\/2020\/01\/IMG_20200118_115817-scaled.jpg?resize=600%2C285&amp;ssl=1 600w, https:\/\/i0.wp.com\/miradordeatarfe.es\/wp-content\/uploads\/2020\/01\/IMG_20200118_115817-scaled.jpg?resize=1536%2C729&amp;ssl=1 1536w, https:\/\/i0.wp.com\/miradordeatarfe.es\/wp-content\/uploads\/2020\/01\/IMG_20200118_115817-scaled.jpg?resize=2048%2C972&amp;ssl=1 2048w, https:\/\/i0.wp.com\/miradordeatarfe.es\/wp-content\/uploads\/2020\/01\/IMG_20200118_115817-scaled.jpg?resize=1320%2C626&amp;ssl=1 1320w, https:\/\/i0.wp.com\/miradordeatarfe.es\/wp-content\/uploads\/2020\/01\/IMG_20200118_115817-scaled.jpg?w=1920&amp;ssl=1 1920w\" sizes=\"auto, (max-width: 618px) 100vw, 618px\" \/><\/a><\/p>\n<p style=\"text-align: justify;\">De\u00a0 esta manera surgi\u00f3 el pueblo que casi todos llegamos a conocer y que se ha mantenido hasta hace relativamente poco tiempo. Cuando a principios del mes de mayo de 1956, el alcalde D. Jos\u00e9 Jim\u00e9nez S\u00e1nchez, deja provisionalmente la alcald\u00eda (en el mes de Julio lo har\u00eda de manera definitiva), los documentos oficiales reflejan que la causa era el agravamiento de la enfermedad g\u00e1strica que padec\u00eda y que el agravamiento hab\u00eda tenido por causa \u201cla intensa labor y preocupaci\u00f3n a que se vio sometido<br \/>\npor su obligada y excesiva preocupaci\u00f3n en tantos problemasy cuestiones que el terremoto ha suscitado\u201d.<\/p>\n<p style=\"text-align: justify;\">Esas elogiosas palabras, probablemente exageradas, no eran del todo inciertas, porque la preocupaci\u00f3n fue tan intensa que hoy, cuando han transcurrido 45 a\u00f1os desde aquel d\u00eda, quienes lo vivieron a\u00fan siguen record\u00e1ndolo con todos los detalles. Con aguda precisi\u00f3n evocan los momentos<br \/>\nprevios, lo que hac\u00edan, lo que hablaban, el ruido ronco de la tierra, los trigos ondul\u00e1ndose, los tabiques de tierra y la suerte de que en aquel preciso momento, quien lo contaba estuviese en un lugar alejado de aquel tabique o de aquella viga que al caer destroz\u00f3 su casa, sus muebles y un buen pu\u00f1ado de sue\u00f1os. Reviven el miedo que sent\u00edan a que llegara la noche, a dormir en las partes altas<br \/>\nde las viviendas, a dejar a los ni\u00f1os solos, miedo a que la tierra volviera a temblar, a que el invierno llegase y a que las casas estuviesen a\u00fan sin terminar.<\/p>\n<p style=\"text-align: justify;\">Esa sensaci\u00f3n que a\u00fan pervive en quienes lo vivieron, ha sido trasmitida a los que s\u00f3lo tenemos conocimiento del terremoto a trav\u00e9s de los documentos guardados en los archivos. Pero cada a\u00f1o, al llegar el mes de abril, alguien de nuestro entorno cercano nos recuerda, probablemente todav\u00eda con algo de miedo que \u201dHoy hace a\u00f1os que en Atarfe dio el terremoto\u201d.<\/p>\n","protected":false},"excerpt":{"rendered":"<p>PUBLICADO EN LA PAGINA 301, 302, 303 DEL LIBRO ATARFE EN PAPEL DE IDEAL (2007)&#8230;<\/p>\n","protected":false},"author":1,"featured_media":37152,"comment_status":"closed","ping_status":"closed","sticky":false,"template":"","format":"standard","meta":{"_coblocks_attr":"","_coblocks_dimensions":"","_coblocks_responsive_height":"","_coblocks_accordion_ie_support":"","jetpack_post_was_ever_published":false,"_jetpack_newsletter_access":"","_jetpack_dont_email_post_to_subs":false,"_jetpack_newsletter_tier_id":0,"_jetpack_memberships_contains_paywalled_content":false,"_jetpack_memberships_contains_paid_content":false,"footnotes":"","jetpack_publicize_message":"","jetpack_publicize_feature_enabled":true,"jetpack_social_post_already_shared":false,"jetpack_social_options":{"image_generator_settings":{"template":"highway","default_image_id":0,"enabled":false},"version":2}},"categories":[2949,1225,44,15],"tags":[81,2612,6949],"class_list":["post-36928","post","type-post","status-publish","format-standard","has-post-thumbnail","hentry","category-opinion-de-fuencisla-moreno","category-ha-de-atarfe","category-noticias-de-hoy","category-ultimas-noticias","tag-atarfe","tag-historia-de-atarfe","tag-trerremoto"],"jetpack_publicize_connections":[],"jetpack_featured_media_url":"https:\/\/i0.wp.com\/miradordeatarfe.es\/wp-content\/uploads\/2020\/01\/IMG_20200118_115448-scaled.jpg?fit=2560%2C1629&ssl=1","jetpack_likes_enabled":true,"jetpack_sharing_enabled":true,"_links":{"self":[{"href":"https:\/\/miradordeatarfe.es\/index.php?rest_route=\/wp\/v2\/posts\/36928","targetHints":{"allow":["GET"]}}],"collection":[{"href":"https:\/\/miradordeatarfe.es\/index.php?rest_route=\/wp\/v2\/posts"}],"about":[{"href":"https:\/\/miradordeatarfe.es\/index.php?rest_route=\/wp\/v2\/types\/post"}],"author":[{"embeddable":true,"href":"https:\/\/miradordeatarfe.es\/index.php?rest_route=\/wp\/v2\/users\/1"}],"replies":[{"embeddable":true,"href":"https:\/\/miradordeatarfe.es\/index.php?rest_route=%2Fwp%2Fv2%2Fcomments&post=36928"}],"version-history":[{"count":3,"href":"https:\/\/miradordeatarfe.es\/index.php?rest_route=\/wp\/v2\/posts\/36928\/revisions"}],"predecessor-version":[{"id":37157,"href":"https:\/\/miradordeatarfe.es\/index.php?rest_route=\/wp\/v2\/posts\/36928\/revisions\/37157"}],"wp:featuredmedia":[{"embeddable":true,"href":"https:\/\/miradordeatarfe.es\/index.php?rest_route=\/wp\/v2\/media\/37152"}],"wp:attachment":[{"href":"https:\/\/miradordeatarfe.es\/index.php?rest_route=%2Fwp%2Fv2%2Fmedia&parent=36928"}],"wp:term":[{"taxonomy":"category","embeddable":true,"href":"https:\/\/miradordeatarfe.es\/index.php?rest_route=%2Fwp%2Fv2%2Fcategories&post=36928"},{"taxonomy":"post_tag","embeddable":true,"href":"https:\/\/miradordeatarfe.es\/index.php?rest_route=%2Fwp%2Fv2%2Ftags&post=36928"}],"curies":[{"name":"wp","href":"https:\/\/api.w.org\/{rel}","templated":true}]}}