{"id":3695,"date":"2015-09-27T08:40:03","date_gmt":"2015-09-27T08:40:03","guid":{"rendered":"http:\/\/miradordeatarfe.es\/?p=3695"},"modified":"2015-09-27T10:22:33","modified_gmt":"2015-09-27T10:22:33","slug":"nueva-ordenanza-de-terrazas-de-atarfe","status":"publish","type":"post","link":"https:\/\/miradordeatarfe.es\/?p=3695","title":{"rendered":"NUEVA ORDENANZA DE TERRAZAS DE ATARFE"},"content":{"rendered":"<p><span class=\"contenidos_titulo\">Cambios en la ordenanza de terrazas de Atarfe. <\/span><span class=\"contenidos_subtitulo\">En el \u00faltimo pleno ordinario se aprobaron modificaciones en la ordenanza de terrazas para tratar de garantizar el derecho al descanso de los vecinos y no perjudicar los intereses de los hosteleros.<\/span><br \/>\n<!--more--><\/p>\n<div>La ordenanza reguladora de la ocupaci\u00f3n de la v\u00eda p\u00fablica con terrazas incluye importantes cambios gracias al acuerdo plenario alcanzado por todas las fuerzas pol\u00edticas de Atarfe tras mantener varias consultas con los hosteleros y vecinos afectados.<\/div>\n<div><\/div>\n<div>En el pleno celebrado el jueves 24 de septiembre los concejales de Por Atarfe S\u00ed (PASI), PSOE, PP , Ganemos y Ciudadanos (C\u2019s) aprobaron la propuesta para introducir modificaciones en los horarios de las terrazas y en el cap\u00edtulo de infracciones, entre otras cuestiones. La formaci\u00f3n Ganemos, conforme tambi\u00e9n con los cambios, opt\u00f3 por abstenerse despu\u00e9s de que no prosperara su propuesta para suprimir el \u00a0art\u00edculo referido a la prohibici\u00f3n de reproductores de m\u00fasica y televisi\u00f3n en el exterior. Su sugerencia no fue aceptada por estar sujeta al reglamento de protecci\u00f3n contra la contaminaci\u00f3n ac\u00fastica de Andaluc\u00eda, una norma superior que los municipios deben respetar.<\/div>\n<div><\/div>\n<div><\/div>\n<div>El alcalde de Atarfe, <strong>Francisco Rodr\u00edguez Quesada<\/strong> (PASI) se congratul\u00f3 del consenso alcanzado entre todas las fuerzas pol\u00edticas, \u201cejemplo \u2013dijo- de c\u00f3mo debemos trabajar sucesivos problemas\u201d. Se refiri\u00f3 a la mediaci\u00f3n realizada desde el gobierno y la oposici\u00f3n para \u201cconseguir el equilibro de intereses de los vecinos que tienen derecho al descanso y los intereses econ\u00f3micos de los hosteleros\u201d.<\/div>\n<div><\/div>\n<div>El portavoz del grupo municipal socialista, <strong>\u00d3scar Gonz\u00e1lez<\/strong>, valor\u00f3 de forma positiva que se haya incluido en la ordenanza las demandas de las partes implicadas. Por su parte, el concejal del PP, <strong>Antonio D\u00edaz<\/strong>, coincidi\u00f3 en la importancia del acuerdo pero lament\u00f3 que el equipo de gobierno no hubiera tenido en cuenta a la oposici\u00f3n a la hora de mantener reuniones con los afectados. <strong>Antonio Pascual Mart\u00edn<\/strong>, de Ciudadanos, se refiri\u00f3 a la aportaci\u00f3n de su grupo en el acuerdo alcanzado y al di\u00e1logo establecido para conocer las inquietudes de los afectados.<\/div>\n<div><\/div>\n<div>La portavoz de Por Atarfe S\u00ed, <strong>Rosa F\u00e9lix<\/strong>, hizo un llamamiento para que se respete la ordenanza, \u201cigual para todos y de obligado cumplimiento\u201d. \u201cSe ha sido flexible con los hosteleros pero hay que ser claros: se har\u00e1 cumplir la ordenanza a rajatabla porque los abusos van en contra de todos\u201d.<\/div>\n<div><\/div>\n<div>La nueva ordenanza tendr\u00e1 el siguiente <strong><u>horario<\/u><\/strong>:<\/div>\n<div><strong>Durante el periodo comprendido entre el 1 de mayo hasta el 30 de septiembre:<\/strong><\/div>\n<div>De domingo a jueves: de 8:30 horas \u00a0(a.m) a 1:30 horas (a.m)<\/div>\n<div>Viernes, s\u00e1bados y v\u00edsperas de festivos: de 8:30 (a.m) a 2:00 (a.m)<\/div>\n<div><strong>Durante el periodo comprendido entre el 1 de octubre hasta el 30 de abril:<\/strong><\/div>\n<div>De domingo a jueves: de 8:30 horas \u00a0(a.m) a 23:30 horas (p.m)<\/div>\n<div>Viernes, s\u00e1bados y v\u00edsperas de festivos: de 8:30 (a.m) a 0:00 (a.m)<\/div>\n<div><\/div>\n<div>Las <strong><u>sanciones <\/u><\/strong>por infracciones leves se castigar\u00e1n con una multa de 300 euros, las graves con una multa de entre 300 y 600 euros; y las muy graves, de entre 600 y 1.200 euros.<\/div>\n<div><\/div>\n<div>publicado en : <a href=\"http:\/\/www.ciudadatarfe.com\/index.php?g=1&amp;c=1&amp;c2=&amp;f1=contenidos&amp;s1=see_contenido_seleccionado&amp;f2=&amp;s2=&amp;pag=&amp;orden=desc&amp;criterio=orden_comonoticia&amp;ob=&amp;spp=&amp;sp=c4c770bc836106c648c60ec277fe91f8&amp;cp=0a1629bddbae9166f71c15fca1716ba5&amp;source=inicio\">http:\/\/www.ciudadatarfe.com\/index.php?g=1&amp;c=1&amp;c2=&amp;f1=contenidos&amp;s1=see_contenido_seleccionado&amp;f2=&amp;s2=&amp;pag=&amp;orden=desc&amp;criterio=orden_comonoticia&amp;ob=&amp;spp=&amp;sp=c4c770bc836106c648c60ec277fe91f8&amp;cp=0a1629bddbae9166f71c15fca1716ba5&amp;source=inicio<\/a><\/div>\n<div><\/div>\n","protected":false},"excerpt":{"rendered":"<p>Cambios en la ordenanza de terrazas de Atarfe. En el \u00faltimo pleno ordinario se aprobaron&#8230;<\/p>\n","protected":false},"author":1,"featured_media":3696,"comment_status":"closed","ping_status":"closed","sticky":false,"template":"","format":"standard","meta":{"_coblocks_attr":"","_coblocks_dimensions":"","_coblocks_responsive_height":"","_coblocks_accordion_ie_support":"","jetpack_post_was_ever_published":false,"_jetpack_newsletter_access":"","_jetpack_dont_email_post_to_subs":false,"_jetpack_newsletter_tier_id":0,"_jetpack_memberships_contains_paywalled_content":false,"_jetpack_memberships_contains_paid_content":false,"footnotes":"","jetpack_publicize_message":"","jetpack_publicize_feature_enabled":true,"jetpack_social_post_already_shared":false,"jetpack_social_options":{"image_generator_settings":{"template":"highway","default_image_id":0,"enabled":false},"version":2}},"categories":[2,9,44,15],"tags":[],"class_list":["post-3695","post","type-post","status-publish","format-standard","has-post-thumbnail","hentry","category-atarfe","category-medio-ambiente","category-noticias-de-hoy","category-ultimas-noticias"],"jetpack_publicize_connections":[],"jetpack_featured_media_url":"https:\/\/i0.wp.com\/miradordeatarfe.es\/wp-content\/uploads\/2015\/09\/1342_1595_20150926184239.jpg?fit=442%2C249&ssl=1","jetpack_likes_enabled":true,"jetpack_sharing_enabled":true,"_links":{"self":[{"href":"https:\/\/miradordeatarfe.es\/index.php?rest_route=\/wp\/v2\/posts\/3695","targetHints":{"allow":["GET"]}}],"collection":[{"href":"https:\/\/miradordeatarfe.es\/index.php?rest_route=\/wp\/v2\/posts"}],"about":[{"href":"https:\/\/miradordeatarfe.es\/index.php?rest_route=\/wp\/v2\/types\/post"}],"author":[{"embeddable":true,"href":"https:\/\/miradordeatarfe.es\/index.php?rest_route=\/wp\/v2\/users\/1"}],"replies":[{"embeddable":true,"href":"https:\/\/miradordeatarfe.es\/index.php?rest_route=%2Fwp%2Fv2%2Fcomments&post=3695"}],"version-history":[{"count":1,"href":"https:\/\/miradordeatarfe.es\/index.php?rest_route=\/wp\/v2\/posts\/3695\/revisions"}],"predecessor-version":[{"id":3697,"href":"https:\/\/miradordeatarfe.es\/index.php?rest_route=\/wp\/v2\/posts\/3695\/revisions\/3697"}],"wp:featuredmedia":[{"embeddable":true,"href":"https:\/\/miradordeatarfe.es\/index.php?rest_route=\/wp\/v2\/media\/3696"}],"wp:attachment":[{"href":"https:\/\/miradordeatarfe.es\/index.php?rest_route=%2Fwp%2Fv2%2Fmedia&parent=3695"}],"wp:term":[{"taxonomy":"category","embeddable":true,"href":"https:\/\/miradordeatarfe.es\/index.php?rest_route=%2Fwp%2Fv2%2Fcategories&post=3695"},{"taxonomy":"post_tag","embeddable":true,"href":"https:\/\/miradordeatarfe.es\/index.php?rest_route=%2Fwp%2Fv2%2Ftags&post=3695"}],"curies":[{"name":"wp","href":"https:\/\/api.w.org\/{rel}","templated":true}]}}