{"id":36953,"date":"2020-01-30T09:40:08","date_gmt":"2020-01-30T08:40:08","guid":{"rendered":"http:\/\/miradordeatarfe.es\/?p=36953"},"modified":"2020-01-25T18:15:46","modified_gmt":"2020-01-25T17:15:46","slug":"granadinos-a-losque-seguir-en-2020-al-conjunto-musical-091","status":"publish","type":"post","link":"https:\/\/miradordeatarfe.es\/?p=36953","title":{"rendered":"Granadinos a los que seguir en 2020: al conjunto musical 091"},"content":{"rendered":"<div class=\"voc-detail-list\">\n<h2 class=\"voc-detail-list__number\" style=\"text-align: justify;\">091 Sigue la &#8216;ceroman\u00eda&#8217;<\/h2>\n<p style=\"text-align: justify;\">Es imposible cansarse de 091, al\u00edas, &#8216;los Cero&#8217;. En 2016, tras un desierto de dos d\u00e9cadas, decidieron resucitar. Fue un atrac\u00f3n: conciertos a tutipl\u00e9n, reediciones de discos que hab\u00edan desaparecido pero que jam\u00e1s murieron y un nuevo directo grabado en la plaza de toros de Granada (porque &#8216;los Cero&#8217; renacidos llenaron como nunca): &#8216;Maniobra de resurrecci\u00f3n&#8217; se llam\u00f3 aquel trabajo.<\/p>\n<p style=\"text-align: justify;\">Pero no fue bastante. 091 no se acaban. Lo saben ellos y lo saben sus seguidores, un p\u00fablico compuesto por padres e hijos, porque la &#8216;ceroman\u00eda&#8217; se hereda. Termin\u00f3 el &#8216;a\u00f1o Cero&#8217; y volvi\u00f3 el &#8216;s\u00edndrome de abstinencia&#8217;. Hab\u00eda ganas de m\u00e1s, sobre todo, de material nuevo.<\/p>\n<p style=\"text-align: justify;\">Este a\u00f1o que acaba de expirar, regresaron con canciones flamantes agrupadas bajo el t\u00edtulo &#8216;La otra vida&#8217;, un disco que crece con cada nueva escucha. Rock de alto voltaje l\u00edrico.<\/p>\n<p style=\"text-align: justify;\">Y a lo largo de 2020, un a\u00f1o con dos ceros, van a recorrer el mapa del pa\u00eds con &#8216;La otra vida&#8217; como bandera. Una nueva oportunidad para ver y escuchar en directo a una de las mejores bandas de rock and roll de la historia de la m\u00fasica popular espa\u00f1ola. Ni m\u00e1s ni menos.<\/p>\n<p style=\"text-align: justify;\">Y cuando retornen a sus cuarteles de invierno, la hinchada se quedar\u00e1 otra vez desamparada&#8230; y renacer\u00e1 el hormiguero de otra reaparici\u00f3n. A 091 siempre se les echa de menos.<\/p>\n<p>Publicado en Ideal el 7 de enero de 2020<\/p>\n<p>https:\/\/www.ideal.es\/granada\/granadinos-seguir-2020-20200107130758-nt.html<\/p>\n<\/div>\n","protected":false},"excerpt":{"rendered":"<p>091 Sigue la &#8216;ceroman\u00eda&#8217; Es imposible cansarse de 091, al\u00edas, &#8216;los Cero&#8217;. En 2016, tras&#8230;<\/p>\n","protected":false},"author":1,"featured_media":36954,"comment_status":"closed","ping_status":"closed","sticky":false,"template":"","format":"standard","meta":{"_coblocks_attr":"","_coblocks_dimensions":"","_coblocks_responsive_height":"","_coblocks_accordion_ie_support":"","jetpack_post_was_ever_published":false,"_jetpack_newsletter_access":"","_jetpack_dont_email_post_to_subs":false,"_jetpack_newsletter_tier_id":0,"_jetpack_memberships_contains_paywalled_content":false,"_jetpack_memberships_contains_paid_content":false,"footnotes":"","jetpack_publicize_message":"","jetpack_publicize_feature_enabled":true,"jetpack_social_post_already_shared":false,"jetpack_social_options":{"image_generator_settings":{"template":"highway","default_image_id":0,"enabled":false},"version":2}},"categories":[44,15],"tags":[90,129,6953],"class_list":["post-36953","post","type-post","status-publish","format-standard","has-post-thumbnail","hentry","category-noticias-de-hoy","category-ultimas-noticias","tag-cultura","tag-granada","tag-miusica"],"jetpack_publicize_connections":[],"jetpack_featured_media_url":"https:\/\/i0.wp.com\/miradordeatarfe.es\/wp-content\/uploads\/2020\/01\/h3-krAH-U901144871861e9-624x385%40Ideal.jpg?fit=621%2C385&ssl=1","jetpack_likes_enabled":true,"jetpack_sharing_enabled":true,"_links":{"self":[{"href":"https:\/\/miradordeatarfe.es\/index.php?rest_route=\/wp\/v2\/posts\/36953","targetHints":{"allow":["GET"]}}],"collection":[{"href":"https:\/\/miradordeatarfe.es\/index.php?rest_route=\/wp\/v2\/posts"}],"about":[{"href":"https:\/\/miradordeatarfe.es\/index.php?rest_route=\/wp\/v2\/types\/post"}],"author":[{"embeddable":true,"href":"https:\/\/miradordeatarfe.es\/index.php?rest_route=\/wp\/v2\/users\/1"}],"replies":[{"embeddable":true,"href":"https:\/\/miradordeatarfe.es\/index.php?rest_route=%2Fwp%2Fv2%2Fcomments&post=36953"}],"version-history":[{"count":2,"href":"https:\/\/miradordeatarfe.es\/index.php?rest_route=\/wp\/v2\/posts\/36953\/revisions"}],"predecessor-version":[{"id":36984,"href":"https:\/\/miradordeatarfe.es\/index.php?rest_route=\/wp\/v2\/posts\/36953\/revisions\/36984"}],"wp:featuredmedia":[{"embeddable":true,"href":"https:\/\/miradordeatarfe.es\/index.php?rest_route=\/wp\/v2\/media\/36954"}],"wp:attachment":[{"href":"https:\/\/miradordeatarfe.es\/index.php?rest_route=%2Fwp%2Fv2%2Fmedia&parent=36953"}],"wp:term":[{"taxonomy":"category","embeddable":true,"href":"https:\/\/miradordeatarfe.es\/index.php?rest_route=%2Fwp%2Fv2%2Fcategories&post=36953"},{"taxonomy":"post_tag","embeddable":true,"href":"https:\/\/miradordeatarfe.es\/index.php?rest_route=%2Fwp%2Fv2%2Ftags&post=36953"}],"curies":[{"name":"wp","href":"https:\/\/api.w.org\/{rel}","templated":true}]}}