{"id":3701,"date":"2015-09-27T08:30:05","date_gmt":"2015-09-27T08:30:05","guid":{"rendered":"http:\/\/miradordeatarfe.es\/?p=3701"},"modified":"2015-09-27T10:36:06","modified_gmt":"2015-09-27T10:36:06","slug":"asi-sera-el-supereclipse-de-la-superluna-de-hoy-27092015","status":"publish","type":"post","link":"https:\/\/miradordeatarfe.es\/?p=3701","title":{"rendered":"As\u00ed ser\u00e1 el supereclipse de la superluna de hoy 27\/09\/2015"},"content":{"rendered":"<div id=\"cuerpo_noticia\" class=\"cuerpo_noticia\">\n<p>La distancia entre la Luna y la Tierra no es siempre la misma debido a que la \u00f3rbita de nuestro sat\u00e9lite no es circular, sino el\u00edptica. Si tomamos el periodo de 5.000 a\u00f1os, desde el a\u00f1o -1999 hasta el 3000, la distancia del perigeo lunar (m\u00ednima distancia Tierra-Luna) ha variado entre 356.355 y 370.399 km, mientras que el apogeo lunar (m\u00e1xima distancia Tierra-Luna) lo ha hecho entre 404.042 y 406.725 km (<em>Five Millennium Catalog of Solar Eclipses<\/em>, Espenak and Meeus, 2009)<\/p>\n<p><!--more--><\/p>\n<p>&nbsp;<\/p>\n<p>Por definici\u00f3n, se producir\u00e1 una superluna si la luna llena sucede cerca del perigeo lunar (normalmente a menos de dos d\u00edas). Si bien es cierto que durante las superlunas la atracci\u00f3n gravitatoria lunar es mayor, el \u00fanico efecto sobre nuestro planeta lo observaremos en mareas m\u00e1s vivas. El incremento gravitatorio sigue siendo demasiado d\u00e9bil para causar perturbaciones geol\u00f3gicas (terremotos, tsunamis\u2026).<\/p>\n<div id=\"sumario_5|foto\" class=\"izquierda\"><a name=\"sumario_5\"><\/a><\/p>\n<div class=\"media\">\n<div class=\"foto figure\"><a class=\"posicionador\" title=\"pulsa en la foto\" href=\"http:\/\/elpais.com\/elpais\/2015\/09\/25\/media\/1443175566_325625.html\"> <img data-recalc-dims=\"1\" loading=\"lazy\" decoding=\"async\" title=\"Eclipse lunar 2015\" src=\"https:\/\/i0.wp.com\/ep01.epimg.net\/elpais\/imagenes\/2015\/09\/25\/ciencia\/1443167979_786925_1443175910_sumario_normal.png?resize=300%2C200\" alt=\"Eclipse lunar 2015\" width=\"300\" height=\"200\" \/> <span id=\"capaAmpliarFotoReposo_p2\" class=\"ampliar_foto reposo\"><\/span> <\/a><\/div>\n<\/div>\n<\/div>\n<p>Si realizamos los c\u00e1lculos, podemos darnos cuenta de que no es raro que la luna llena suceda cerca del perigeo. De hecho, suelen ocurrir de 3 a 5 superlunas en un a\u00f1o, de las 12 o 13 posibles (ver tabla de <a href=\"http:\/\/astropixels.com\/ephemeris\/moon\/fullperigee2001.html\">astropixels.com<\/a>). Durante el a\u00f1o 2014 tuvimos cinco superlunas las mismas que se producir\u00e1n en el a\u00f1o 2015, mientras que en el a\u00f1o 2016 solo tendremos cuatro. La mayor superluna del siglo XXI se producir\u00e1 el 6 de diciembre del a\u00f1o 2052 con la Luna a una distancia de 356.429 km.<\/p>\n<p>Durante las superlunas, el di\u00e1metro de la luna llena puede aumentar hasta en un 14%, y su brillo, alrededor de un 30%, respecto a una luna llena en el apogeo. La pregunta es, \u00bfpodemos percibir el cambio a simple vista? Para responder debemos calcular el cambio angular aparente en la luna llena. En el mejor de los casos, la diferencia de tama\u00f1o angular de la luna llena en el apogeo y en el perigeo (superluna) es de 4 minutos de arco. Como referencia podemos tomar el tama\u00f1o que ocupa (en el cielo) nuestro dedo me\u00f1ique, cuando lo observamos con el brazo extendido, que es de sesenta minutos de arco (un grado). En promedio, la luna llena tiene un tama\u00f1o angular (di\u00e1metro aparente) de 30 minutos de arco (\u00a1la mitad del dedo me\u00f1ique!).<\/p>\n<div id=\"sumario_3|despiece\" class=\"izquierda\">\n<div class=\"aside estirar\">\n<h2>Cu\u00e1ndo y c\u00f3mo ver el eclipse<\/h2>\n<ul class=\"en_contenido\">\n<li>El eclipse de luna se podr\u00e1 ver en todo el continente americano y en Europa.<\/li>\n<li>El eclipse total se producir\u00e1 entre las 4.11 de la madrugada del d\u00eda 28 y las 5.23 (hora peninsular espa\u00f1ola).<\/li>\n<li>El fen\u00f3meno empieza a las 2.11 y acaba a las 7.22 (hora peninsular espa\u00f1ola).<\/li>\n<li><strong>El eclipse coincidir\u00e1 con la mayor luna llena de 2015<\/strong>.<\/li>\n<li>Este eclipse de superluna es un fen\u00f3meno raro. Se produjo por \u00faltima vez en 1982 y el pr\u00f3ximo no ocurrir\u00e1 hasta 2033.<\/li>\n<\/ul>\n<\/div>\n<\/div>\n<p>Por tanto, en la situaci\u00f3n m\u00e1s favorable, una superluna tendr\u00e1 un di\u00e1metro de 4 minutos de arco mayor que una luna llena en el apogeo, es decir, el incremento de di\u00e1metro angular de la superluna es de solo la quinceava parte del tama\u00f1o angular de nuestro dedo me\u00f1ique. Como resulta muy dif\u00edcil distinguirlo a simple vista, es necesario tomar fotograf\u00edas para ver el cambio. En la imagen se puede ver el cambio de tama\u00f1o entre la superluna del 10 agosto de 2014 (derecha, distancia a la Tierra 356.898 km y tama\u00f1o angular aparente 33,5 minutos de arco) y la luna llena del 18 de octubre de 2013 (izquierda, distancia a la Tierra 385.703 km y tama\u00f1o angular aparente 31 minutos de arco).<\/p>\n<p>El Teide, por su altura y porque, desde su pico, tiene todos los horizontes libres, es uno de los mejores lugares para observar la formaci\u00f3n y evoluci\u00f3n de la sombra de una monta\u00f1a. Si tenemos los cielos despejados, todos los d\u00edas se proyectar\u00e1 la sombra del Teide justo antes del atardecer (30 minutos) y momentos despu\u00e9s del amanecer (30 minutos) que adem\u00e1s variar\u00e1 su direcci\u00f3n seg\u00fan la fecha en que nos encontremos.<\/p>\n<p>Si plenilunio y crep\u00fasculo solar est\u00e1n cerca (una diferencia aproximada de 7 horas), ser\u00e1 posible observar, simult\u00e1neamente, la sombra del Teide y la luna llena.<\/p>\n<div id=\"sumario_1|html\" class=\"izquierda\">\n<p class=\"texto_grande\">Durante las superlunas, el di\u00e1metro de la luna llena puede aumentar hasta en un 14%, y su brillo, alrededor de un 30%<\/p>\n<\/div>\n<p>Si, adem\u00e1s, el momento de la luna llena coincide con el orto o el ocaso solar, entonces podremos observar una alineaci\u00f3n (aproximada) entre la sombra del Teide y la luna llena. Para ver las fechas m\u00e1s propicias para esta alineaci\u00f3n es necesario calcular la diferencia en horas entre el momento en que se produce la luna llena y los crep\u00fasculos (ver Anexo I, tabla 1 en <a href=\"http:\/\/www.shelios.org\/index.php\/2015\/09\/14\/sombraluna\/\">art\u00edculo<\/a>).<\/p>\n<p>Un eclipse total de Luna se produce cuando Sol-Tierra-Luna est\u00e1n en la misma l\u00ednea (y en este orden), por tanto, la fase de la Luna ser\u00e1 llena. Si se produce un eclipse total de Luna en el orto u ocaso solar podremos observar una alineaci\u00f3n perfecta entre la sombra del Teide y la Luna eclipsada. El fen\u00f3meno sucedi\u00f3 en el eclipse total de Luna del 9 de enero de 2001 y se repetir\u00e1 en el de la madrugada del pr\u00f3ximo lunes 28 de septiembre donde, adem\u00e1s, tendremos una superluna (la mayor de los \u00faltimos cuatro a\u00f1os). Despu\u00e9s, tendremos que esperar casi tres a\u00f1os para que la alineaci\u00f3n vuelva a producirse con el eclipse lunar total del 27 de julio de 2018.<\/p>\n<div id=\"sumario_2|html\" class=\"derecha\">\n<p class=\"texto_grande\">Tendremos que esperar casi tres a\u00f1os para que la alineaci\u00f3n vuelva a producirse con el eclipse lunar total<\/p>\n<\/div>\n<p>El mejor lugar para la observaci\u00f3n de la alineaci\u00f3n de la sombra del Teide y la luna llena es el Telef\u00e9rico del Teide en el Parque Nacional del Teide (Tenerife). Si no puedes estar en Tenerife el pr\u00f3ximo lunes, no te preocupes, podr\u00e1s seguir en directo el eclipse lunar y la alineaci\u00f3n de la sombra del Teide con la Luna llena en <a href=\"http:\/\/www.sky-live.tv\/leclipse2015\/leclipse2015.html\">sky-live.tv<\/a>.<\/p>\n<p class=\"nota_pie\"><strong>Miquel Serra-Ricart<\/strong> es astr\u00f3nomo del Instituto de Astrof\u00edsica de Canarias (IAC), doctor en Ciencias F\u00edsicas y Administrador del Observatorio del Teide. Desde el a\u00f1o 2008 coordina el portal <a href=\"http:\/\/www.sky-live.tv\/leclipse2015\/leclipse2015.html\">sky-live.tv<\/a>, cuyo principal objetivo es retransmitir -y divulgar- fen\u00f3menos celestes.<\/p>\n<\/div>\n","protected":false},"excerpt":{"rendered":"<p>La distancia entre la Luna y la Tierra no es siempre la misma debido a&#8230;<\/p>\n","protected":false},"author":1,"featured_media":3702,"comment_status":"closed","ping_status":"closed","sticky":false,"template":"","format":"standard","meta":{"_coblocks_attr":"","_coblocks_dimensions":"","_coblocks_responsive_height":"","_coblocks_accordion_ie_support":"","jetpack_post_was_ever_published":false,"_jetpack_newsletter_access":"","_jetpack_dont_email_post_to_subs":false,"_jetpack_newsletter_tier_id":0,"_jetpack_memberships_contains_paywalled_content":false,"_jetpack_memberships_contains_paid_content":false,"footnotes":"","jetpack_publicize_message":"","jetpack_publicize_feature_enabled":true,"jetpack_social_post_already_shared":false,"jetpack_social_options":{"image_generator_settings":{"template":"highway","default_image_id":0,"enabled":false},"version":2}},"categories":[15],"tags":[1276,1334],"class_list":["post-3701","post","type-post","status-publish","format-standard","has-post-thumbnail","hentry","category-ultimas-noticias","tag-eclipse","tag-superluna"],"jetpack_publicize_connections":[],"jetpack_featured_media_url":"https:\/\/i0.wp.com\/miradordeatarfe.es\/wp-content\/uploads\/2015\/09\/eclip.jpg?fit=134%2C100&ssl=1","jetpack_likes_enabled":true,"jetpack_sharing_enabled":true,"_links":{"self":[{"href":"https:\/\/miradordeatarfe.es\/index.php?rest_route=\/wp\/v2\/posts\/3701","targetHints":{"allow":["GET"]}}],"collection":[{"href":"https:\/\/miradordeatarfe.es\/index.php?rest_route=\/wp\/v2\/posts"}],"about":[{"href":"https:\/\/miradordeatarfe.es\/index.php?rest_route=\/wp\/v2\/types\/post"}],"author":[{"embeddable":true,"href":"https:\/\/miradordeatarfe.es\/index.php?rest_route=\/wp\/v2\/users\/1"}],"replies":[{"embeddable":true,"href":"https:\/\/miradordeatarfe.es\/index.php?rest_route=%2Fwp%2Fv2%2Fcomments&post=3701"}],"version-history":[{"count":1,"href":"https:\/\/miradordeatarfe.es\/index.php?rest_route=\/wp\/v2\/posts\/3701\/revisions"}],"predecessor-version":[{"id":3703,"href":"https:\/\/miradordeatarfe.es\/index.php?rest_route=\/wp\/v2\/posts\/3701\/revisions\/3703"}],"wp:featuredmedia":[{"embeddable":true,"href":"https:\/\/miradordeatarfe.es\/index.php?rest_route=\/wp\/v2\/media\/3702"}],"wp:attachment":[{"href":"https:\/\/miradordeatarfe.es\/index.php?rest_route=%2Fwp%2Fv2%2Fmedia&parent=3701"}],"wp:term":[{"taxonomy":"category","embeddable":true,"href":"https:\/\/miradordeatarfe.es\/index.php?rest_route=%2Fwp%2Fv2%2Fcategories&post=3701"},{"taxonomy":"post_tag","embeddable":true,"href":"https:\/\/miradordeatarfe.es\/index.php?rest_route=%2Fwp%2Fv2%2Ftags&post=3701"}],"curies":[{"name":"wp","href":"https:\/\/api.w.org\/{rel}","templated":true}]}}