{"id":37011,"date":"2020-01-30T11:25:16","date_gmt":"2020-01-30T10:25:16","guid":{"rendered":"http:\/\/miradordeatarfe.es\/?p=37011"},"modified":"2020-01-27T15:57:34","modified_gmt":"2020-01-27T14:57:34","slug":"analisis-social-del-atarfe-de-principios-del-siglo-xx-por-fuencisla-moreno-rueda","status":"publish","type":"post","link":"https:\/\/miradordeatarfe.es\/?p=37011","title":{"rendered":"\u00abAn\u00e1lisis social del Atarfe de principios del siglo XX\u00bb por Fuencisla Moreno Rueda"},"content":{"rendered":"<h4 style=\"text-align: justify;\">ARTICULO PUBLICADO EN EL LIBRO ATARFE EN PAPEL DE IDEAL EN SUS PAGINAS 99 Y 100 POR FUENCISLA MORENO RUEDA EN EL A\u00d1O 2007<\/h4>\n<p style=\"text-align: justify;\">A principios del siglo XX, Atarfe era una realidad distinta a la que conocemos en la actualidad, s\u00f3lo lo<br \/>\nformaban 35 calles, de las cuales diez estaban situada al Norte de la iglesia parroquial, considerada \u00e9sta como el centro el pueblo; el resto se extend\u00eda hacia la vega.<\/p>\n<p style=\"text-align: justify;\">Al ser la agricultura la base econ\u00f3mica el pueblo, el extrarradio estaba poblado por un importante n\u00famero de cortijos. Sus vecinos en total 458, proced\u00edan de pueblos o comarcas m\u00e1s deprimidas. Su modo de vida se reduc\u00eda al trabajo en el campo, encontr\u00e1ndose ajenos a la evoluci\u00f3n y desarrollo que en el n\u00facleo principal empezaba a surgir.<\/p>\n<p style=\"text-align: justify;\">La poblaci\u00f3n era muy joven, de los 4.279 habitantes con que contaba el municipio, m\u00e1s de la mitad (2.759) estaban comprendidos entre los 0 y 30 a\u00f1os, mientras que conforme avanzamos en el an\u00e1lisis de los distintos grupos de edad vemos c\u00f3mo las cifras absolutas disminuyen hasta llegar al grupo de m\u00e1s de 71 a\u00f1os, en el que s\u00f3lo hay 70 personas.<\/p>\n<p style=\"text-align: justify;\">El \u00edndice general de analfabetismo se situaba en torno al 65%. Este se ve\u00eda aumentar en las zonas situadas geogr\u00e1ficamente m\u00e1s a las afueras, llegando incluso a alcanzar el 100%. En cambio en el centro del pueblo el \u00edndice disminu\u00eda hasta un 33,5%. Estos datos son muy elevados, si tenemos en cuenta que en Atarfe, la ense\u00f1anza se encontraba en una \u00f3ptima situaci\u00f3n, al existir dos escuelas p\u00fablicas y dos privadas. Al frente de las escuelas p\u00fablicas estaba el maestro y maestra titular y dos auxiliares de maestros. El Ayuntamiento sufragaba los gastos de ense\u00f1anza pr\u00e1cticamente en su totalidad, era el encargado de pagar los sueldos a los maestros\/as de la Ense\u00f1anza P\u00fablica, dotada de material<br \/>\na estas escuelas, subvencionaba con 500 pesetas anuales la Escuela Privada dirigida por don Santiago L\u00f3pez Castro y con 200 pesetas anuales al Colegio Ntra. Sra. del Rosario.<\/p>\n<p style=\"text-align: justify;\">Tambi\u00e9n y con cargo al presupuesto del Ayuntamiento, que era de 47.180,76 pesetas, se atend\u00edan los gastos de beneficencia, aproximadamente unas 2.000 pesetas y que se repart\u00edan fundamentalmente en el pago a la matrona municipal, a las \u00abamas de cr\u00eda\u00bb y en medicinas para enfermos pobres.<\/p>\n<p style=\"text-align: justify;\">En este per\u00edodo cuando se realizan mejoras en el pueblo que hasta ahora no se hab\u00edan realizado y que fue necesario acelerarlas por circunstancias determinadas. As\u00ed en julio de 1911 el alcalde, don Enrique Ruiz Cabello, propone ante el pleno del ayuntamiento, la necesidad de dotar al pueblo de una red general de darros, que, partiendo de la calle Real atravesara la calle M\u00e1rtires, Alhori, San Miguel, Poyo y desembocara en la calle de la Vega. Esta obra que supondr\u00eda un coste de 2.000 pesetas ser\u00eda sufragada<br \/>\npor el Gobierno Civil de Granada y ser\u00eda considerada de inter\u00e9s prioritario por la amenaza inminente de<br \/>\nuna invasi\u00f3n col\u00e9rica que se extend\u00eda por todos los alrededores. Asimismo y por esta causa, se dot\u00f3 al<br \/>\npueblo de unos locales alejados del centro del mismo, para tratar a los enfermos infecto-contagiosos.<br \/>\nUna precaria econom\u00eda basada fundamentalmente en la agricultura, era la base de la poblaci\u00f3n. Esta ocupaba al 62,11% del total de la poblaci\u00f3n activa, de ellos el 87,03% eran jornaleros, mientras que algo menos del 13% (12,96%) eran propietarios de tierras. Unido directamente a la agricultura se encontraba relacionado An\u00e1lisis social del Atarfe de principios del siglo XX el P\u00f3sito, instituci\u00f3n encargada de conceder pr\u00e9stamos en met\u00e1lico o especie a los agricultores con el fin de fomentar y desarrollar la agricultura.<\/p>\n<p><a href=\"https:\/\/i0.wp.com\/miradordeatarfe.es\/wp-content\/uploads\/2020\/01\/IMG_20200115_174112-min-scaled.jpg?ssl=1\"><img data-recalc-dims=\"1\" loading=\"lazy\" decoding=\"async\" class=\"alignnone wp-image-37012 size-large\" src=\"https:\/\/i0.wp.com\/miradordeatarfe.es\/wp-content\/uploads\/2020\/01\/IMG_20200115_174112-min.jpg?resize=618%2C775&#038;ssl=1\" alt=\"\" width=\"618\" height=\"775\" srcset=\"https:\/\/i0.wp.com\/miradordeatarfe.es\/wp-content\/uploads\/2020\/01\/IMG_20200115_174112-min-scaled.jpg?resize=817%2C1024&amp;ssl=1 817w, https:\/\/i0.wp.com\/miradordeatarfe.es\/wp-content\/uploads\/2020\/01\/IMG_20200115_174112-min-scaled.jpg?resize=239%2C300&amp;ssl=1 239w, https:\/\/i0.wp.com\/miradordeatarfe.es\/wp-content\/uploads\/2020\/01\/IMG_20200115_174112-min-scaled.jpg?resize=768%2C962&amp;ssl=1 768w, https:\/\/i0.wp.com\/miradordeatarfe.es\/wp-content\/uploads\/2020\/01\/IMG_20200115_174112-min-scaled.jpg?resize=600%2C752&amp;ssl=1 600w, https:\/\/i0.wp.com\/miradordeatarfe.es\/wp-content\/uploads\/2020\/01\/IMG_20200115_174112-min-scaled.jpg?resize=1226%2C1536&amp;ssl=1 1226w, https:\/\/i0.wp.com\/miradordeatarfe.es\/wp-content\/uploads\/2020\/01\/IMG_20200115_174112-min-scaled.jpg?resize=1635%2C2048&amp;ssl=1 1635w, https:\/\/i0.wp.com\/miradordeatarfe.es\/wp-content\/uploads\/2020\/01\/IMG_20200115_174112-min-scaled.jpg?resize=1320%2C1654&amp;ssl=1 1320w, https:\/\/i0.wp.com\/miradordeatarfe.es\/wp-content\/uploads\/2020\/01\/IMG_20200115_174112-min-scaled.jpg?w=2044&amp;ssl=1 2044w, https:\/\/i0.wp.com\/miradordeatarfe.es\/wp-content\/uploads\/2020\/01\/IMG_20200115_174112-min-scaled.jpg?w=1920&amp;ssl=1 1920w\" sizes=\"auto, (max-width: 618px) 100vw, 618px\" \/><\/a><\/p>\n<p style=\"text-align: justify;\">En el per\u00edodo que nos ocupa, los pr\u00e9stamos que conced\u00eda el P\u00f3sito empezaron a ser exclusivamente<br \/>\nen met\u00e1lico, de este modo, este organismo pasa a convertirse directamente en una instituci\u00f3n de cr\u00e9dito,<br \/>\ncuyos pr\u00e9stamos no siempre se destinaban a los fines para los cuales hab\u00edan sido concedidos.<br \/>\nEl P\u00f3sito en el municipio de Atarfe, estaba dirigido por una Junta Administrativa y como presidente de la misma se encontraba don Juan de Dios Osuna Rueda. Este era el encargado de dar a conocer a los vecinos por medio de un bando, que el P\u00f3sito municipal iba a repartir sus existencias entre los labradores que lo necesitasen.<\/p>\n<p style=\"text-align: justify;\">Los peticionarios de estas ayudas deber\u00edan dirigir sus instancias a dicha Junta en un plazo no superior a seis d\u00edas desde la publicaci\u00f3n del bando. En esta instancia se hac\u00eda constar el n\u00famero de marjales que cultivaban as\u00ed como la cantidad de dinero que necesitaban. El pr\u00e9stamo concedido deb\u00eda reintegrarse con la cosecha venidera a un inter\u00e9s del 4% anual. Quedaban excluidos de todo tipo de pr\u00e9stamos los concejales y el secretario de la corporaci\u00f3n y los pr\u00e9stamos superiores a las 1.000 pesetas deb\u00edan ser avalados mediante fianza hipotecaria.<\/p>\n<p style=\"text-align: justify;\">En 1911 se presentaron 202 solicitudes de pr\u00e9stamo a la Junta Administrativa del P\u00f3sito Local de Atarfe. Estos 202 propietarios cultivaban un total de 5.851 marjales. En todos los casos se les concede aproximadamente el 59% de la cantidad solicitada, lo que supon\u00eda un total de 19.575 pesetas.<\/p>\n<p style=\"text-align: justify;\">Tambi\u00e9n la ganader\u00eda ocupaba un lugar preferente (8,67%), mil doscientas cabezas de ganado amillaradas destacando de manera sensible el ganado cabrio con 380 cabezas, el caballar con 360 y el lanar con 300 cabezas.<\/p>\n<p style=\"text-align: justify;\">En cambio el sector industrial, aunque empezaba a despuntar, apenas si ten\u00eda importancia. El 6,63% de a poblaci\u00f3n activa se dedicaba a \u00e9l. De ellos el n\u00famero m\u00e1s elevado lo representaban los trabajadores de las canteras (37,60%), los cuales generaban una riqueza importante que se ve\u00eda reflejada en los presupuestos generales en el cap\u00edtulo correspondiente a los ingresos procedentes de los arbitrios que sobre la piedra, ripio y tierras que se extra\u00edan de las canteras estaba establecido (una peseta el carro de piedra labrada y 50 c\u00e9ntimos el de tierra sin labrar).<\/p>\n<p><a href=\"https:\/\/i0.wp.com\/miradordeatarfe.es\/wp-content\/uploads\/2020\/01\/IMG_20200115_174312-scaled.jpg?ssl=1\"><img data-recalc-dims=\"1\" loading=\"lazy\" decoding=\"async\" class=\"alignnone wp-image-37013 size-large\" src=\"https:\/\/i0.wp.com\/miradordeatarfe.es\/wp-content\/uploads\/2020\/01\/IMG_20200115_174312.jpg?resize=618%2C765&#038;ssl=1\" alt=\"\" width=\"618\" height=\"765\" srcset=\"https:\/\/i0.wp.com\/miradordeatarfe.es\/wp-content\/uploads\/2020\/01\/IMG_20200115_174312-scaled.jpg?resize=827%2C1024&amp;ssl=1 827w, https:\/\/i0.wp.com\/miradordeatarfe.es\/wp-content\/uploads\/2020\/01\/IMG_20200115_174312-scaled.jpg?resize=242%2C300&amp;ssl=1 242w, https:\/\/i0.wp.com\/miradordeatarfe.es\/wp-content\/uploads\/2020\/01\/IMG_20200115_174312-scaled.jpg?resize=768%2C951&amp;ssl=1 768w, https:\/\/i0.wp.com\/miradordeatarfe.es\/wp-content\/uploads\/2020\/01\/IMG_20200115_174312-scaled.jpg?resize=600%2C743&amp;ssl=1 600w, https:\/\/i0.wp.com\/miradordeatarfe.es\/wp-content\/uploads\/2020\/01\/IMG_20200115_174312-scaled.jpg?resize=1241%2C1536&amp;ssl=1 1241w, https:\/\/i0.wp.com\/miradordeatarfe.es\/wp-content\/uploads\/2020\/01\/IMG_20200115_174312-scaled.jpg?resize=1654%2C2048&amp;ssl=1 1654w, https:\/\/i0.wp.com\/miradordeatarfe.es\/wp-content\/uploads\/2020\/01\/IMG_20200115_174312-scaled.jpg?resize=1320%2C1634&amp;ssl=1 1320w, https:\/\/i0.wp.com\/miradordeatarfe.es\/wp-content\/uploads\/2020\/01\/IMG_20200115_174312-scaled.jpg?w=1920&amp;ssl=1 1920w\" sizes=\"auto, (max-width: 618px) 100vw, 618px\" \/><\/a><\/p>\n<p style=\"text-align: justify;\">Un 13,78% se dedicaba a la pr\u00e1ctica de profesiones que pasado el tiempo, han dejado de practicarse: alpargatero,arriero, calderero, calero, carabinero, carretero, espartero,fogonero, guarnicionero, vituallero y un largo etc., hasta completar una lista de m\u00e1s de 90 profesiones realizadasen la mayor\u00eda de los casos s\u00f3lo por hombres; cuatro o cinco profesiones eran consideradas exclusivas de mujeres. Estas, que representaban s\u00f3lo el 5,16% de la poblaci\u00f3n activa, carec\u00edan de formaci\u00f3n y se dedicaban al trabajo como sirvientas, modistas o peinadoras y solamente en cifras absolutas s\u00f3lo una de estas mujeres<br \/>\nten\u00eda formaci\u00f3n universitaria y ejerc\u00eda en el pueblo de maestra.<\/p>\n<p style=\"text-align: justify;\">A\u00f1os m\u00e1s tarde, Atarfe vio crecer sus efectivos poblacionales. La industrializaci\u00f3n que hab\u00eda surgido a<br \/>\nprincipios de siglo, empez\u00f3 a tomar auge y paralelamente a ese crecimiento, una serie de movimientos sociales y culturales, comenzaron a surgir, siendo durante la II Rep\u00fablica cuando realizaron sus principales actuaciones.<\/p>\n<p style=\"text-align: justify;\">\nPlumilla de D. Jos\u00e9 Osuna (1954)<\/p>\n","protected":false},"excerpt":{"rendered":"<p>ARTICULO PUBLICADO EN EL LIBRO ATARFE EN PAPEL DE IDEAL EN SUS PAGINAS 99 Y&#8230;<\/p>\n","protected":false},"author":1,"featured_media":37015,"comment_status":"closed","ping_status":"closed","sticky":false,"template":"","format":"standard","meta":{"_coblocks_attr":"","_coblocks_dimensions":"","_coblocks_responsive_height":"","_coblocks_accordion_ie_support":"","jetpack_post_was_ever_published":false,"_jetpack_newsletter_access":"","_jetpack_dont_email_post_to_subs":false,"_jetpack_newsletter_tier_id":0,"_jetpack_memberships_contains_paywalled_content":false,"_jetpack_memberships_contains_paid_content":false,"footnotes":"","jetpack_publicize_message":"","jetpack_publicize_feature_enabled":true,"jetpack_social_post_already_shared":false,"jetpack_social_options":{"image_generator_settings":{"template":"highway","default_image_id":0,"enabled":false},"version":2}},"categories":[2949,1225,44,15],"tags":[81,6960,24],"class_list":["post-37011","post","type-post","status-publish","format-standard","has-post-thumbnail","hentry","category-opinion-de-fuencisla-moreno","category-ha-de-atarfe","category-noticias-de-hoy","category-ultimas-noticias","tag-atarfe","tag-sigloxx","tag-sociedad"],"jetpack_publicize_connections":[],"jetpack_featured_media_url":"https:\/\/i0.wp.com\/miradordeatarfe.es\/wp-content\/uploads\/2020\/01\/1-6.jpg?fit=2232%2C1194&ssl=1","jetpack_likes_enabled":true,"jetpack_sharing_enabled":true,"_links":{"self":[{"href":"https:\/\/miradordeatarfe.es\/index.php?rest_route=\/wp\/v2\/posts\/37011","targetHints":{"allow":["GET"]}}],"collection":[{"href":"https:\/\/miradordeatarfe.es\/index.php?rest_route=\/wp\/v2\/posts"}],"about":[{"href":"https:\/\/miradordeatarfe.es\/index.php?rest_route=\/wp\/v2\/types\/post"}],"author":[{"embeddable":true,"href":"https:\/\/miradordeatarfe.es\/index.php?rest_route=\/wp\/v2\/users\/1"}],"replies":[{"embeddable":true,"href":"https:\/\/miradordeatarfe.es\/index.php?rest_route=%2Fwp%2Fv2%2Fcomments&post=37011"}],"version-history":[{"count":2,"href":"https:\/\/miradordeatarfe.es\/index.php?rest_route=\/wp\/v2\/posts\/37011\/revisions"}],"predecessor-version":[{"id":37016,"href":"https:\/\/miradordeatarfe.es\/index.php?rest_route=\/wp\/v2\/posts\/37011\/revisions\/37016"}],"wp:featuredmedia":[{"embeddable":true,"href":"https:\/\/miradordeatarfe.es\/index.php?rest_route=\/wp\/v2\/media\/37015"}],"wp:attachment":[{"href":"https:\/\/miradordeatarfe.es\/index.php?rest_route=%2Fwp%2Fv2%2Fmedia&parent=37011"}],"wp:term":[{"taxonomy":"category","embeddable":true,"href":"https:\/\/miradordeatarfe.es\/index.php?rest_route=%2Fwp%2Fv2%2Fcategories&post=37011"},{"taxonomy":"post_tag","embeddable":true,"href":"https:\/\/miradordeatarfe.es\/index.php?rest_route=%2Fwp%2Fv2%2Ftags&post=37011"}],"curies":[{"name":"wp","href":"https:\/\/api.w.org\/{rel}","templated":true}]}}