{"id":37046,"date":"2020-01-31T08:04:55","date_gmt":"2020-01-31T07:04:55","guid":{"rendered":"http:\/\/miradordeatarfe.es\/?p=37046"},"modified":"2020-01-16T00:11:26","modified_gmt":"2020-01-15T23:11:26","slug":"ocu-pone-en-marcha-la-campana-movilidad-inteligente","status":"publish","type":"post","link":"https:\/\/miradordeatarfe.es\/?p=37046","title":{"rendered":"OCU pone en marcha la campa\u00f1a \u201cMovilidad Inteligente\u201d"},"content":{"rendered":"<h4 style=\"text-align: justify;\">Bajo el lema sumarte a una movilidad inteligente, multiplica tu calidad de vida OCU lanza su nueva campa\u00f1a \u201cmovilidad inteligente\u201d que pretende contribuir a generar un debate sobre las alternativas para mejorar la movilidad en un entorno donde aparecen nuevas formas de transporte, nuevas formas de acceso a la propiedad de esos medios y donde la reducci\u00f3n del impacto ambiental y los niveles de contaminaci\u00f3n son una obligaci\u00f3n para todos<\/h4>\n<div class=\"PublicationContentController\" style=\"text-align: justify;\" data-type=\"LobbyPublicationContentController\" data-js-guid=\"2fe33607-c4d3-4899-b726-8ef21e03f31a\">\n<div class=\"content-wrapper content-page\">\n<div class=\"content-holder\">\n<p>La realidad es que el coche sigue protagonizando la movilidad de las familias. Y su coste no es balad\u00ed. Un reciente <a href=\"https:\/\/www.ocu.org\/coches\/gasolina-y-carburantes\/noticias\/informe-beuc-coste-automovil\">estudio de OCU<\/a> revela que el gasto medio de un coche, suponiendo la amortizaci\u00f3n del veh\u00edculo, los impuestos, el seguro, las reparaciones o el carburante suman 5.830 \u20ac al a\u00f1o. De hecho, este \u00faltimo gasto, el del carburante, representa casi el 4% del presupuesto anual de las familias.<\/p>\n<p>Por eso una de las acciones de la campa\u00f1a es la puesta en marcha de una nueva edici\u00f3n de la <a href=\"https:\/\/www.ocu.org\/movilidad-inteligente\/quiero-pagar-menos-gasolina\">compra colectiva de carburantes<\/a> que, tiene como objetivo abaratar el gasto en combustible de los usuarios y al igual que el resto de las compras colectivas promovidas por OCU, busca mejorar la competencia en los mercados mediante una forma de acceso alternativa a bienes y servicios.<\/p>\n<p>Adem\u00e1s de los aspectos relacionados con el bolsillo, la movilidad tiene una fuerte incidencia en la salud. La mejora de la calidad del aire es ya una obligaci\u00f3n para todos. OCU recuerda que la Agencia Europea de Medio Ambiente cifra en m\u00e1s 518.000 muertes prematuras provocadas de forma directa por la contaminaci\u00f3n atmosf\u00e9rica de la que es en gran parte responsable el tr\u00e1fico rodado. Un <a href=\"https:\/\/www.ocu.org\/salud\/bienestar-prevencion\/informe\/resultados-estudio-contaminacion-ciudades\">nuevo estudio de OCU<\/a> sobre la contaminaci\u00f3n en algunas ciudades espa\u00f1olas se\u00f1ala que los ciudadanos est\u00e1n, de manera cotidiana, expuestos a niveles de contaminaci\u00f3n atmosf\u00e9rica no recomendables para su salud, por lo que es necesario promover otras formas de transporte con menor impacto ambiental.<\/p>\n<p>Por todo ello OCU pone en marcha esta <a href=\"https:\/\/www.ocu.org\/movilidad-inteligente\">campa\u00f1a<\/a> para movilizar a los consumidores y llevar a las diferentes administraciones implicadas que tomen una serie de propuestas para la mejora de la movilidad como son:<\/p>\n<p>1.\u00a0<strong>La ciudad es de todos: apoyar la convivencia. <\/strong>Peatones, bicicletas, coches&#8230; la ciudad es de todos, y todos tienen cabida en ella. La mejora de la movilidad, la salud y el medioambiente pasa por fomentar formas alternativas de desplazamiento.\u00a0<\/p>\n<p>2.\u00a0<strong>Potenciar el transporte p\u00fablico<\/strong>. Revisando las tarifas, facilitando el uso combinado de distintos medios de transporte, as\u00ed como ampliando la oferta p\u00fablica a las necesidades reales de los usuarios, tanto en la red como en la frecuencia de paso.\u00a0<\/p>\n<p>3.<strong>Reducir el n\u00famero de desplazamientos al trabajo<\/strong>. Promoviendo el trabajo desde casa, poniendo autobuses a disposici\u00f3n de los trabajadores, favoreciendo el uso de coches compartidos y fomentando unos horarios laborales flexibles.<\/p>\n<p>4.\u00a0<strong>Mejorar el dise\u00f1o de las ciudades y nuevos barrios<\/strong>. M\u00e1s carriles bici, m\u00e1s recorridos peatonales y un desarrollo urban\u00edstico inteligente, donde cada barrio ofrezca todo tipo de servicios (educativo, sanitario\u2026) y de usos (residencial, industrial y comercial).<\/p>\n<p>5.\u00a0<strong>Apoyar el uso de los autom\u00f3viles menos contaminantes. <\/strong>Para ello las etiquetas medioambientales de la DGT, as\u00ed como el impuesto de matriculaci\u00f3n y de circulaci\u00f3n deber\u00edan asociarse a la contaminaci\u00f3n real de cada veh\u00edculo, no de la cilindrada o la tecnolog\u00eda del motor.<\/p>\n<p>6.\u00a0<strong>Fomentar la conducci\u00f3n eficiente<\/strong>. Acelerar innecesariamente o mantener el coche en marcha cuando est\u00e1 detenido son formas de contaminar m\u00e1s. Es preciso reeducar en la conducci\u00f3n a trav\u00e9s del examen de conducir y cursos para profesionales del transporte.<\/p>\n<p>7.\u00a0<strong>Optimizar el transporte de mercanc\u00edas.<\/strong> En Espa\u00f1a, las mercanc\u00edas se transportan mayoritariamente por carretera. Sin embargo, existen otros medios mucho m\u00e1s eficientes, como el ferrocarril o el barco, que generan menos impactos y ayudar a mejorar la movilidad.<\/p>\n<p>8.\u00a0<strong>Fomentar la renovaci\u00f3n de las flotas de transporte p\u00fablico. <\/strong>La renovaci\u00f3n de flotas por otras menos contaminantes, como los veh\u00edculos h\u00edbridos o de gas natural, permite disminuir la contaminaci\u00f3n. Una estrategia que se puede apoyar con medidas de tipo econ\u00f3mico y fiscal.<\/p>\n<p>9.\u00a0<strong>Fomentar el uso de la bicicleta en la ciudad<\/strong>. Es bueno para el medio ambiente, para la salud y reduce los atascos. Pero construir kil\u00f3metros de carril bici no resulta eficaz si no est\u00e1n conectados entre s\u00ed o bien si la bici no puede subirse luego al transporte p\u00fablico.<\/p>\n<p>10.\u00a0<strong>Controlar la publicidad de autom\u00f3viles.<\/strong> Para que las emisiones contaminantes sean un criterio de compra, para que se comparen las emisiones con otros veh\u00edculos de su categor\u00eda y para que no se haga apolog\u00eda de una velocidad excesiva.<\/p>\n<p>Mas informaci\u00f3n en este <a href=\"https:\/\/www.ocu.org\/coches\/bicicletas\/noticias\/ocu-movilidad-inteligente\">enlace<\/a><\/p>\n<p><strong><em>Para m\u00e1s informaci\u00f3n (medios de comunicaci\u00f3n): Tel\u00e9fono: 91 722 60 61 \u2013 <a href=\"mailto:prensa@ocu.org\">prensa@ocu.org<\/a>\u00a0 <a href=\"https:\/\/www.ocu.org\/\">www.ocu.org<\/a> <\/em><\/strong><\/p>\n<p><strong><em>\u00a0<\/em><\/strong><em>OCU es una organizaci\u00f3n sin \u00e1nimo de lucro e independiente, gracias el apoyo de sus m\u00e1s de 250.000 socios. Como organizaci\u00f3n de usuarios, OCU tiene como objetivo contribuir e influenciar, para conseguir el bienestar com\u00fan de todos los usuarios en Espa\u00f1a, con transparencia y ofreciendo contenidos e informaciones cercanas y \u00fatiles que hacen posible que los usuarios se enfrenten a la contrataci\u00f3n de servicios y adquisici\u00f3n de productos bien informados. \u00a0<\/em><\/p>\n<p>&nbsp;<\/p>\n<p>&nbsp;<\/p>\n<\/div>\n<\/div>\n<\/div>\n<div class=\"InlineImageGalleryController\" style=\"text-align: justify;\" data-type=\"LobbyInlineImageGalleryController\" data-js-guid=\"b4675910-cc28-4c06-b7ba-c00dc3be8016\">\u00a0<\/div>\n<div class=\"ResourcesController\" style=\"text-align: justify;\" data-type=\"LobbyResourcesController\" data-js-guid=\"4a3015a7-78bd-4e16-b734-4b68eeec25aa\">\u00a0<\/div>\n<div class=\"ShareController\" data-type=\"LobbyShareController\" data-js-guid=\"6796b67e-b0d8-4bd0-9e54-26435319a468\">\n<div class=\"content-wrapper share-holder\" style=\"text-align: justify;\">\u00a0<\/div>\n<\/div>\n","protected":false},"excerpt":{"rendered":"<p>Bajo el lema sumarte a una movilidad inteligente, multiplica tu calidad de vida OCU lanza&#8230;<\/p>\n","protected":false},"author":1,"featured_media":37047,"comment_status":"closed","ping_status":"closed","sticky":false,"template":"","format":"standard","meta":{"_coblocks_attr":"","_coblocks_dimensions":"","_coblocks_responsive_height":"","_coblocks_accordion_ie_support":"","jetpack_post_was_ever_published":false,"_jetpack_newsletter_access":"","_jetpack_dont_email_post_to_subs":false,"_jetpack_newsletter_tier_id":0,"_jetpack_memberships_contains_paywalled_content":false,"_jetpack_memberships_contains_paid_content":false,"footnotes":"","jetpack_publicize_message":"","jetpack_publicize_feature_enabled":true,"jetpack_social_post_already_shared":false,"jetpack_social_options":{"image_generator_settings":{"template":"highway","default_image_id":0,"enabled":false},"version":2}},"categories":[44,6937,15],"tags":[4139,1169],"class_list":["post-37046","post","type-post","status-publish","format-standard","has-post-thumbnail","hentry","category-noticias-de-hoy","category-sociedad","category-ultimas-noticias","tag-dia-de-la-movilidad","tag-movilidad"],"jetpack_publicize_connections":[],"jetpack_featured_media_url":"https:\/\/i0.wp.com\/miradordeatarfe.es\/wp-content\/uploads\/2020\/01\/enelbus_500x330jpg-002.jpg?fit=500%2C330&ssl=1","jetpack_likes_enabled":true,"jetpack_sharing_enabled":true,"_links":{"self":[{"href":"https:\/\/miradordeatarfe.es\/index.php?rest_route=\/wp\/v2\/posts\/37046","targetHints":{"allow":["GET"]}}],"collection":[{"href":"https:\/\/miradordeatarfe.es\/index.php?rest_route=\/wp\/v2\/posts"}],"about":[{"href":"https:\/\/miradordeatarfe.es\/index.php?rest_route=\/wp\/v2\/types\/post"}],"author":[{"embeddable":true,"href":"https:\/\/miradordeatarfe.es\/index.php?rest_route=\/wp\/v2\/users\/1"}],"replies":[{"embeddable":true,"href":"https:\/\/miradordeatarfe.es\/index.php?rest_route=%2Fwp%2Fv2%2Fcomments&post=37046"}],"version-history":[{"count":2,"href":"https:\/\/miradordeatarfe.es\/index.php?rest_route=\/wp\/v2\/posts\/37046\/revisions"}],"predecessor-version":[{"id":37049,"href":"https:\/\/miradordeatarfe.es\/index.php?rest_route=\/wp\/v2\/posts\/37046\/revisions\/37049"}],"wp:featuredmedia":[{"embeddable":true,"href":"https:\/\/miradordeatarfe.es\/index.php?rest_route=\/wp\/v2\/media\/37047"}],"wp:attachment":[{"href":"https:\/\/miradordeatarfe.es\/index.php?rest_route=%2Fwp%2Fv2%2Fmedia&parent=37046"}],"wp:term":[{"taxonomy":"category","embeddable":true,"href":"https:\/\/miradordeatarfe.es\/index.php?rest_route=%2Fwp%2Fv2%2Fcategories&post=37046"},{"taxonomy":"post_tag","embeddable":true,"href":"https:\/\/miradordeatarfe.es\/index.php?rest_route=%2Fwp%2Fv2%2Ftags&post=37046"}],"curies":[{"name":"wp","href":"https:\/\/api.w.org\/{rel}","templated":true}]}}