{"id":3709,"date":"2015-09-29T07:30:47","date_gmt":"2015-09-29T07:30:47","guid":{"rendered":"http:\/\/miradordeatarfe.es\/?p=3709"},"modified":"2015-09-30T08:12:03","modified_gmt":"2015-09-30T08:12:03","slug":"domingo-4-de-octubre-dia-de-la-bicicleta-en-atarfe","status":"publish","type":"post","link":"https:\/\/miradordeatarfe.es\/?p=3709","title":{"rendered":"DOMINGO 4 DE OCTUBRE, D\u00cdA DE LA BICICLETA en ATARFE"},"content":{"rendered":"<h4>DOMINGO 4 DE OCTUBRE, D\u00cdA DE LA BICICLETA,\u00a0 Un a\u00f1o m\u00e1s, Atarfe pedalea por todos sus espacios naturales<\/h4>\n<p><!--more--><\/p>\n<p>El pr\u00f3ximo Domingo 4 de Octubre, se celebrer\u00e1, como todos los a\u00f1os, el tradicional D\u00eda de la Bicicleta en Atarfe. La salida tendr\u00e1 lugar en\u00a0los aparcamientos de\u00a0la Ciudad Deportiva a partir de\u00a0las 11:00 horas. Las inscripciones podr\u00e1n realizarse a partir del 28 de Septiembre, hasta el 2 de Octubre, en la Piscina Cubierta.Tambi\u00e9n se podr\u00e1 disfrutar de talleres y circuitos en la misma explanada del polideportivo<\/p>\n<p>La ruta en bicicleta, organizada por el Ayuntamiento y la Ciudad Deportiva Atarfe, tiene su salida a las 11 de la ma\u00f1ana del Pabell\u00f3n 1\u00ba de Mayo, en la explanada de las antiguas pistas de tenis. Al t\u00e9rmino de la marcha habr\u00e1 sorteo de regalos y distintos talleres y actividades para amenizar la jornada festiva.<\/p>\n<p>La concejal de Deportes, <strong>Gloria Casado<\/strong>, ha animado a los vecinos a participar en un evento que \u00abpretende sensibilizar sobre la necesaria movilidad sostenible y el fomento del uso de este medio de transporte no contaminante\u00bb.<\/p>\n<p>&nbsp;<\/p>\n<p align=\"center\">!AN\u00cdMATE Y PARTICIPA!<\/p>\n<p align=\"center\"><a href=\"https:\/\/i0.wp.com\/miradordeatarfe.es\/wp-content\/uploads\/2015\/09\/Ruta-Ciclista-C%C3%BAllar-Vega-552x310.jpg?ssl=1\"><img data-recalc-dims=\"1\" loading=\"lazy\" decoding=\"async\" class=\"alignnone size-full wp-image-3716\" src=\"https:\/\/i0.wp.com\/miradordeatarfe.es\/wp-content\/uploads\/2015\/09\/Ruta-Ciclista-C%C3%BAllar-Vega-552x310.jpg?resize=552%2C310&#038;ssl=1\" alt=\"Ruta-Ciclista-C\u00fallar-Vega-552x310\" width=\"552\" height=\"310\" srcset=\"https:\/\/i0.wp.com\/miradordeatarfe.es\/wp-content\/uploads\/2015\/09\/Ruta-Ciclista-C%C3%BAllar-Vega-552x310.jpg?resize=552%2C310&amp;ssl=1 552w, https:\/\/i0.wp.com\/miradordeatarfe.es\/wp-content\/uploads\/2015\/09\/Ruta-Ciclista-C%C3%BAllar-Vega-552x310.jpg?resize=300%2C168&amp;ssl=1 300w\" sizes=\"auto, (max-width: 552px) 100vw, 552px\" \/><\/a><\/p>\n","protected":false},"excerpt":{"rendered":"<p>DOMINGO 4 DE OCTUBRE, D\u00cdA DE LA BICICLETA,\u00a0 Un a\u00f1o m\u00e1s, Atarfe pedalea por todos&#8230;<\/p>\n","protected":false},"author":1,"featured_media":3710,"comment_status":"closed","ping_status":"closed","sticky":false,"template":"","format":"standard","meta":{"_coblocks_attr":"","_coblocks_dimensions":"","_coblocks_responsive_height":"","_coblocks_accordion_ie_support":"","jetpack_post_was_ever_published":false,"_jetpack_newsletter_access":"","_jetpack_dont_email_post_to_subs":false,"_jetpack_newsletter_tier_id":0,"_jetpack_memberships_contains_paywalled_content":false,"_jetpack_memberships_contains_paid_content":false,"footnotes":"","jetpack_publicize_message":"","jetpack_publicize_feature_enabled":true,"jetpack_social_post_already_shared":false,"jetpack_social_options":{"image_generator_settings":{"template":"highway","default_image_id":0,"enabled":false},"version":2}},"categories":[2,15],"tags":[81,1336],"class_list":["post-3709","post","type-post","status-publish","format-standard","has-post-thumbnail","hentry","category-atarfe","category-ultimas-noticias","tag-atarfe","tag-bicicletas"],"jetpack_publicize_connections":[],"jetpack_featured_media_url":"https:\/\/i0.wp.com\/miradordeatarfe.es\/wp-content\/uploads\/2015\/09\/579_494_20150910142932.jpg?fit=400%2C173&ssl=1","jetpack_likes_enabled":true,"jetpack_sharing_enabled":true,"_links":{"self":[{"href":"https:\/\/miradordeatarfe.es\/index.php?rest_route=\/wp\/v2\/posts\/3709","targetHints":{"allow":["GET"]}}],"collection":[{"href":"https:\/\/miradordeatarfe.es\/index.php?rest_route=\/wp\/v2\/posts"}],"about":[{"href":"https:\/\/miradordeatarfe.es\/index.php?rest_route=\/wp\/v2\/types\/post"}],"author":[{"embeddable":true,"href":"https:\/\/miradordeatarfe.es\/index.php?rest_route=\/wp\/v2\/users\/1"}],"replies":[{"embeddable":true,"href":"https:\/\/miradordeatarfe.es\/index.php?rest_route=%2Fwp%2Fv2%2Fcomments&post=3709"}],"version-history":[{"count":4,"href":"https:\/\/miradordeatarfe.es\/index.php?rest_route=\/wp\/v2\/posts\/3709\/revisions"}],"predecessor-version":[{"id":3811,"href":"https:\/\/miradordeatarfe.es\/index.php?rest_route=\/wp\/v2\/posts\/3709\/revisions\/3811"}],"wp:featuredmedia":[{"embeddable":true,"href":"https:\/\/miradordeatarfe.es\/index.php?rest_route=\/wp\/v2\/media\/3710"}],"wp:attachment":[{"href":"https:\/\/miradordeatarfe.es\/index.php?rest_route=%2Fwp%2Fv2%2Fmedia&parent=3709"}],"wp:term":[{"taxonomy":"category","embeddable":true,"href":"https:\/\/miradordeatarfe.es\/index.php?rest_route=%2Fwp%2Fv2%2Fcategories&post=3709"},{"taxonomy":"post_tag","embeddable":true,"href":"https:\/\/miradordeatarfe.es\/index.php?rest_route=%2Fwp%2Fv2%2Ftags&post=3709"}],"curies":[{"name":"wp","href":"https:\/\/api.w.org\/{rel}","templated":true}]}}