{"id":3718,"date":"2015-09-30T08:30:29","date_gmt":"2015-09-30T08:30:29","guid":{"rendered":"http:\/\/miradordeatarfe.es\/?p=3718"},"modified":"2015-10-01T06:57:43","modified_gmt":"2015-10-01T06:57:43","slug":"inicio-de-los-entrenamientos-de-la-temporada-15-16-de-atletismo-en-atarfe","status":"publish","type":"post","link":"https:\/\/miradordeatarfe.es\/?p=3718","title":{"rendered":"LA ESCUELA DE ATLETISMO EN ATARFE, INICIA  LOS ENTRENAMIENTOS DE LA TEMPORADA 15-16"},"content":{"rendered":"<div id=\"post-body-9217140405350082060\" class=\"post-body entry-content\">\n<div>La escuela de Atletismo Atarfe ha iniciado su actividad durante el mes de septiembre para el grupo de atletas mayores, federados y los que llevan varias temporadas.<\/div>\n<div>\n<p><!--more--><\/p>\n<\/div>\n<div>El grupo de iniciaci\u00f3n, compuesto por los principiantes y los ni\u00f1os y ni\u00f1as de edades comprendidas <strong>entre 6 a 10 a\u00f1os lo har\u00e1n el 1 de octubre<\/strong>. Los entrenamientos se han iniciado de cara a la preparaci\u00f3n de la temporada 15-16.<\/div>\n<div>El grupo de iniciaci\u00f3n y de ni\u00f1os peque\u00f1os iniciaran las sesiones el JUEVES 1 DE OCTUBRE a las 6 de la tarde en la pista de atletismo.<\/div>\n<div><\/div>\n<div>Las primeras competiciones que se tiene previsto participar ser\u00e1n durante el mes de noviembre con el inicio de la temporada de Campo a trav\u00e9s, si bien antes de \u00e9stas y fruto a la buena temporada realizada los atletas Pablo Mart\u00edn Santiago e Inmaculada L\u00f3pez Garrido competir\u00e1n los d\u00edas 10 y 11 de octubre en Valencia y Cartagena respectivamente en el Campeonato de Espa\u00f1a de Pista por club. Pablo competir\u00e1 en 600 ml e Inmaculada lo har\u00e1 en 300 ml y relevo 4&#215;300.<\/div>\n<\/div>\n","protected":false},"excerpt":{"rendered":"<p>La escuela de Atletismo Atarfe ha iniciado su actividad durante el mes de septiembre para&#8230;<\/p>\n","protected":false},"author":1,"featured_media":3719,"comment_status":"closed","ping_status":"closed","sticky":false,"template":"","format":"standard","meta":{"_coblocks_attr":"","_coblocks_dimensions":"","_coblocks_responsive_height":"","_coblocks_accordion_ie_support":"","jetpack_post_was_ever_published":false,"_jetpack_newsletter_access":"","_jetpack_dont_email_post_to_subs":false,"_jetpack_newsletter_tier_id":0,"_jetpack_memberships_contains_paywalled_content":false,"_jetpack_memberships_contains_paid_content":false,"footnotes":"","jetpack_publicize_message":"","jetpack_publicize_feature_enabled":true,"jetpack_social_post_already_shared":false,"jetpack_social_options":{"image_generator_settings":{"template":"highway","default_image_id":0,"enabled":false},"version":2}},"categories":[2,182,15],"tags":[85,123],"class_list":["post-3718","post","type-post","status-publish","format-standard","has-post-thumbnail","hentry","category-atarfe","category-deportes","category-ultimas-noticias","tag-atletismo","tag-deportes"],"jetpack_publicize_connections":[],"jetpack_featured_media_url":"https:\/\/i0.wp.com\/miradordeatarfe.es\/wp-content\/uploads\/2015\/09\/CABECERA-WEB4.jpg?fit=1079%2C202&ssl=1","jetpack_likes_enabled":true,"jetpack_sharing_enabled":true,"_links":{"self":[{"href":"https:\/\/miradordeatarfe.es\/index.php?rest_route=\/wp\/v2\/posts\/3718","targetHints":{"allow":["GET"]}}],"collection":[{"href":"https:\/\/miradordeatarfe.es\/index.php?rest_route=\/wp\/v2\/posts"}],"about":[{"href":"https:\/\/miradordeatarfe.es\/index.php?rest_route=\/wp\/v2\/types\/post"}],"author":[{"embeddable":true,"href":"https:\/\/miradordeatarfe.es\/index.php?rest_route=\/wp\/v2\/users\/1"}],"replies":[{"embeddable":true,"href":"https:\/\/miradordeatarfe.es\/index.php?rest_route=%2Fwp%2Fv2%2Fcomments&post=3718"}],"version-history":[{"count":4,"href":"https:\/\/miradordeatarfe.es\/index.php?rest_route=\/wp\/v2\/posts\/3718\/revisions"}],"predecessor-version":[{"id":3723,"href":"https:\/\/miradordeatarfe.es\/index.php?rest_route=\/wp\/v2\/posts\/3718\/revisions\/3723"}],"wp:featuredmedia":[{"embeddable":true,"href":"https:\/\/miradordeatarfe.es\/index.php?rest_route=\/wp\/v2\/media\/3719"}],"wp:attachment":[{"href":"https:\/\/miradordeatarfe.es\/index.php?rest_route=%2Fwp%2Fv2%2Fmedia&parent=3718"}],"wp:term":[{"taxonomy":"category","embeddable":true,"href":"https:\/\/miradordeatarfe.es\/index.php?rest_route=%2Fwp%2Fv2%2Fcategories&post=3718"},{"taxonomy":"post_tag","embeddable":true,"href":"https:\/\/miradordeatarfe.es\/index.php?rest_route=%2Fwp%2Fv2%2Ftags&post=3718"}],"curies":[{"name":"wp","href":"https:\/\/api.w.org\/{rel}","templated":true}]}}