{"id":37336,"date":"2020-01-02T10:40:55","date_gmt":"2020-01-02T09:40:55","guid":{"rendered":"http:\/\/miradordeatarfe.es\/?p=37336"},"modified":"2020-01-24T21:36:11","modified_gmt":"2020-01-24T20:36:11","slug":"visita-institucional-del-diputado-de-fomento-y-tecnicos-de-la-diputacion-de-granada","status":"publish","type":"post","link":"https:\/\/miradordeatarfe.es\/?p=37336","title":{"rendered":"VISITA INSTITUCIONAL DEL DIPUTADO DE FOMENTO, Y T\u00c9CNICOS DE LA DIPUTACI\u00d3N DE GRANADA"},"content":{"rendered":"<h3>Jos\u00e9 Mar\u00eda Villegas, Diputado de Fomento de la Diputaci\u00f3n de Granada, ha visitado Atarfe junto a personal t\u00e9cnico del \u00c1rea de Fomento.<\/h3>\n<p>Se ha estado analizando sobre el terreno la propuesta de actuaci\u00f3n del carril bici que conectar\u00e1 Albolote y Atarfe. El Alcalde de Atarfe, Pedro Mart\u00ednez, ha trasladado adem\u00e1s, la urgencia para el arreglo de la Avenida de la Circunvalaci\u00f3n, completando las dos <span class=\"text_exposed_show\">rotondas que actualmente se encuentran sin finalizar y mejorando la visibilidad de todos los pasos de peatones de la misma, as\u00ed como la posibilidad de instalar sistemas de elevaci\u00f3n de la calzada para la reducci\u00f3n de la velocidad en los tramos m\u00e1s largos. <\/span><\/p>\n<div class=\"text_exposed_show\">\n<p>Tambi\u00e9n se ha visitado con el personal t\u00e9cnico la salida del camino de Albarrate para su conexi\u00f3n con la carretera de Caparacena, actualmente es muy complicada la incorporaci\u00f3n, pues supone realizar un largo recorrido hasta el Chaparral para poder dar la vuelta. Se est\u00e1 estudiando un acceso directo desde el camino hasta la incorporaci\u00f3n a la carretera de Caparacena, as\u00ed como el arreglo de \u00e9sta desde el puente, hasta la llegada al municipio.<\/p>\n<p><a href=\"https:\/\/i0.wp.com\/miradordeatarfe.es\/wp-content\/uploads\/2020\/01\/83336711_2831486270248558_4901861924569874432_o.jpg?ssl=1\"><img data-recalc-dims=\"1\" loading=\"lazy\" decoding=\"async\" class=\"alignnone wp-image-37338 size-full\" src=\"https:\/\/i0.wp.com\/miradordeatarfe.es\/wp-content\/uploads\/2020\/01\/83336711_2831486270248558_4901861924569874432_o.jpg?resize=640%2C853&#038;ssl=1\" alt=\"\" width=\"640\" height=\"853\" srcset=\"https:\/\/i0.wp.com\/miradordeatarfe.es\/wp-content\/uploads\/2020\/01\/83336711_2831486270248558_4901861924569874432_o.jpg?w=720&amp;ssl=1 720w, https:\/\/i0.wp.com\/miradordeatarfe.es\/wp-content\/uploads\/2020\/01\/83336711_2831486270248558_4901861924569874432_o.jpg?resize=225%2C300&amp;ssl=1 225w, https:\/\/i0.wp.com\/miradordeatarfe.es\/wp-content\/uploads\/2020\/01\/83336711_2831486270248558_4901861924569874432_o.jpg?resize=600%2C800&amp;ssl=1 600w\" sizes=\"auto, (max-width: 640px) 100vw, 640px\" \/><\/a><\/p>\n<\/div>\n","protected":false},"excerpt":{"rendered":"<p>Jos\u00e9 Mar\u00eda Villegas, Diputado de Fomento de la Diputaci\u00f3n de Granada, ha visitado Atarfe junto&#8230;<\/p>\n","protected":false},"author":1,"featured_media":37337,"comment_status":"closed","ping_status":"closed","sticky":false,"template":"","format":"standard","meta":{"_coblocks_attr":"","_coblocks_dimensions":"","_coblocks_responsive_height":"","_coblocks_accordion_ie_support":"","jetpack_post_was_ever_published":false,"_jetpack_newsletter_access":"","_jetpack_dont_email_post_to_subs":false,"_jetpack_newsletter_tier_id":0,"_jetpack_memberships_contains_paywalled_content":false,"_jetpack_memberships_contains_paid_content":false,"footnotes":"","jetpack_publicize_message":"","jetpack_publicize_feature_enabled":true,"jetpack_social_post_already_shared":false,"jetpack_social_options":{"image_generator_settings":{"template":"highway","default_image_id":0,"enabled":false},"version":2}},"categories":[6916,44,15],"tags":[81,864,722],"class_list":["post-37336","post","type-post","status-publish","format-standard","has-post-thumbnail","hentry","category-ayuntamiento-de-atarfe","category-noticias-de-hoy","category-ultimas-noticias","tag-atarfe","tag-ayuntamiento","tag-diputacion"],"jetpack_publicize_connections":[],"jetpack_featured_media_url":"https:\/\/i0.wp.com\/miradordeatarfe.es\/wp-content\/uploads\/2020\/01\/83675425_2831486256915226_1617484288536608768_o.jpg?fit=960%2C720&ssl=1","jetpack_likes_enabled":true,"jetpack_sharing_enabled":true,"_links":{"self":[{"href":"https:\/\/miradordeatarfe.es\/index.php?rest_route=\/wp\/v2\/posts\/37336","targetHints":{"allow":["GET"]}}],"collection":[{"href":"https:\/\/miradordeatarfe.es\/index.php?rest_route=\/wp\/v2\/posts"}],"about":[{"href":"https:\/\/miradordeatarfe.es\/index.php?rest_route=\/wp\/v2\/types\/post"}],"author":[{"embeddable":true,"href":"https:\/\/miradordeatarfe.es\/index.php?rest_route=\/wp\/v2\/users\/1"}],"replies":[{"embeddable":true,"href":"https:\/\/miradordeatarfe.es\/index.php?rest_route=%2Fwp%2Fv2%2Fcomments&post=37336"}],"version-history":[{"count":1,"href":"https:\/\/miradordeatarfe.es\/index.php?rest_route=\/wp\/v2\/posts\/37336\/revisions"}],"predecessor-version":[{"id":37339,"href":"https:\/\/miradordeatarfe.es\/index.php?rest_route=\/wp\/v2\/posts\/37336\/revisions\/37339"}],"wp:featuredmedia":[{"embeddable":true,"href":"https:\/\/miradordeatarfe.es\/index.php?rest_route=\/wp\/v2\/media\/37337"}],"wp:attachment":[{"href":"https:\/\/miradordeatarfe.es\/index.php?rest_route=%2Fwp%2Fv2%2Fmedia&parent=37336"}],"wp:term":[{"taxonomy":"category","embeddable":true,"href":"https:\/\/miradordeatarfe.es\/index.php?rest_route=%2Fwp%2Fv2%2Fcategories&post=37336"},{"taxonomy":"post_tag","embeddable":true,"href":"https:\/\/miradordeatarfe.es\/index.php?rest_route=%2Fwp%2Fv2%2Ftags&post=37336"}],"curies":[{"name":"wp","href":"https:\/\/api.w.org\/{rel}","templated":true}]}}