{"id":37372,"date":"2020-01-29T11:21:23","date_gmt":"2020-01-29T10:21:23","guid":{"rendered":"http:\/\/miradordeatarfe.es\/?p=37372"},"modified":"2020-06-26T12:29:51","modified_gmt":"2020-06-26T10:29:51","slug":"los-hispanos-convierten-en-oro-todo-lo-que-tocan-incluso-el-hielo-de-uno-de-los-dos-polos-por-manuel-jimenez","status":"publish","type":"post","link":"https:\/\/miradordeatarfe.es\/?p=37372","title":{"rendered":"LOS HISPANOS CONVIERTEN EN ORO TODO LO QUE TOCAN INCLUSO EL HIELO DE UNO DE LOS DOS \u201cPOLOS\u201d por Manuel Jim\u00e9nez"},"content":{"rendered":"<h4 align=\"JUSTIFY\"><span style=\"font-family: Tahoma, serif;\">Fin de semana apote\u00f3sico para el deporte espa\u00f1ol en unas modalidades poco seguidas por el p\u00fablico en general y de las que los medios de comunicaci\u00f3n s\u00f3lo se acuerdan de ellas cuando como ha sido el caso consiguen notables \u00e9xitos y en estas ocasiones apenas TVE.<\/span><\/h4>\n<p align=\"JUSTIFY\"><span style=\"font-family: Tahoma, serif;\"> El s\u00e1bado fueron las guerreras de la piscina las que alcanzaron el \u00e9xito obteniendo el Campeonato de Europa de WATERPOLO: Laura Ester; Marta Bach, Anna Espar, Bea Ortiz, Roser Tarrag\u00f3, Clara Espar, Pili Pe\u00f1a, Judith Forca, Paula Cresp\u00ed, Maica Garc\u00eda, Paula Leiton, Irene Gonz\u00e1lez y Mar\u00eda Elena S\u00e1nchez. Acumula as\u00ed Espa\u00f1a un palmar\u00e9s de v\u00e9rtigo: una plata ol\u00edmpica (Londres 2012), un t\u00edtulo mundial (Barcelona 2012) y dos platas (Budapest 2017 y Gwanju 2019) y dos oros europeos (Budapest 2014 y 2020), una plata (M\u00e1laga 2008) y un bronce (Barcelona 2018). Sin duda que el entrenador MIKI OCA ha tenido mucho que ver con esta racha: de oca a oca y medalla porque me toca.<\/span><\/p>\n<p align=\"JUSTIFY\"><span style=\"font-family: Tahoma, serif;\">El domingo doble cita, a primera hora de la tarde los HISPANOS dejaron sin siesta pero con premio a muchos aficionados, consiguen ante Croacia reeditar el t\u00edtulo de Campe\u00f3n de Europa de balonmano: los Gonzalo P\u00e9rez de Vargas, Rodrigo Corrales, Ra\u00fal Entrerr\u00edos, Daniel Sarmiento, Jorge Maqueda, \u00c1lex Dujshebaev, Joan Ca\u00f1ellas, Viran Morros, Iosu Go\u00f1i, Ferr\u00e1n Sol\u00e9, Aleix G\u00f3mez, Angel Fern\u00e1ndez, Aitor Ari\u00f1o, Julen Aginagalde, Adri\u00e1 Figueras y Gede\u00f3n Guardiola, elevan el curr\u00edculum de la selecci\u00f3n a una \u00f3rbita estelar: Tres bronces ol\u00edmpicos (96, 00 y 08), dos oros y un bronce mundialistas (05, 11 y 13) y dos oros, cuatro platas y un bronce europeos. <\/span><\/p>\n<p align=\"JUSTIFY\"><span style=\"font-family: Tahoma, serif;\">Un poco m\u00e1s tarde la loter\u00eda de los penalties dej\u00f3 a la selecci\u00f3n masculina de Water Polo a un paso de la gloria al caer ante Hungr\u00eda tras el empate a 9 en el tiempo reglamentario. <\/span><span style=\"font-family: Tahoma, serif;\">Dani L\u00f3pez Pinedo, Alberto Mun\u00e1rriz, Alvaro Granados, Bernat Sanahuja, Miguel de Toro, <\/span><b> <\/b><span style=\"font-family: Tahoma, serif;\">Marc Larumbe, Adri\u00e1n Delgado, Francisco Fern\u00e1ndez Miranda, Roger Tahull, Felipe Perrone, Blai Mallarach, Alejandro Bustos y Eduardo Lorrio tambi\u00e9n engrosan las vitrinas de Espa\u00f1a: Un oro y una plata ol\u00edmpicos (96 y 92); dos oros y un bronce mundiales (98, 01 y 07) m\u00e1s tres platas y tres bronces europeos. <\/span><\/p>\n<p align=\"JUSTIFY\"><span style=\"font-family: Tahoma, serif;\">Nos hemos obligado a poner negro sobre blanco el nombre de los art\u00edfices de estas gestas pues supongo que ser\u00e1n unos aut\u00e9nticos desconocidos y entiendo que se merecen un reconocimiento en un pa\u00eds donde el monocultivo del f\u00fatbol puede con casi todo<\/span><span style=\"font-family: Tahoma, serif;\">.<\/span><\/p>\n<p align=\"JUSTIFY\"><span style=\"font-family: Tahoma, serif;\">Entre tanto los atletas de Atarfe se afanaban por seguir disfrutando de su pasi\u00f3n y dando muestras de una superaci\u00f3n continua. Las primeras muestras de esta superaci\u00f3n personal que adem\u00e1s ilustra una progresi\u00f3n del Club de Atletismo Ciudad Atarfe nos las brindaron nuestros j\u00f3venes marchadores en el auton\u00f3mico disputado en la localidad sevillana de El Arahal, primera vez que el club presentaba a tres competidores a este nivel. La Sub 12 Elisabeth L\u00f3pez Lafuente ratific\u00f3 las esperanzas que tienen depositadas en ella sus t\u00e9cnicos al terminar la quinta del Campeonato y segunda del Gran Premio a tan s\u00f3lo 9 segundos de la medalla. En sub 14 Leire P\u00e9rez Cano fue la 25 y Daniel P\u00e9rez Cano el 15 en Sub 16, todos mejorando sus tiempos. <\/span><\/p>\n<p align=\"JUSTIFY\"><a href=\"https:\/\/i0.wp.com\/miradordeatarfe.es\/wp-content\/uploads\/2020\/01\/ALEJANDRA-RIVERA-y-ELENA-LUCENA-MOTRIL-260120-1.jpeg?ssl=1\"><img data-recalc-dims=\"1\" loading=\"lazy\" decoding=\"async\" class=\"wp-image-37375 size-large aligncenter\" src=\"https:\/\/i0.wp.com\/miradordeatarfe.es\/wp-content\/uploads\/2020\/01\/ALEJANDRA-RIVERA-y-ELENA-LUCENA-MOTRIL-260120-1.jpeg?resize=618%2C464&#038;ssl=1\" alt=\"\" width=\"618\" height=\"464\" srcset=\"https:\/\/i0.wp.com\/miradordeatarfe.es\/wp-content\/uploads\/2020\/01\/ALEJANDRA-RIVERA-y-ELENA-LUCENA-MOTRIL-260120-1.jpeg?resize=1024%2C768&amp;ssl=1 1024w, https:\/\/i0.wp.com\/miradordeatarfe.es\/wp-content\/uploads\/2020\/01\/ALEJANDRA-RIVERA-y-ELENA-LUCENA-MOTRIL-260120-1.jpeg?resize=300%2C225&amp;ssl=1 300w, https:\/\/i0.wp.com\/miradordeatarfe.es\/wp-content\/uploads\/2020\/01\/ALEJANDRA-RIVERA-y-ELENA-LUCENA-MOTRIL-260120-1.jpeg?resize=768%2C576&amp;ssl=1 768w, https:\/\/i0.wp.com\/miradordeatarfe.es\/wp-content\/uploads\/2020\/01\/ALEJANDRA-RIVERA-y-ELENA-LUCENA-MOTRIL-260120-1.jpeg?resize=600%2C450&amp;ssl=1 600w, https:\/\/i0.wp.com\/miradordeatarfe.es\/wp-content\/uploads\/2020\/01\/ALEJANDRA-RIVERA-y-ELENA-LUCENA-MOTRIL-260120-1.jpeg?resize=1536%2C1152&amp;ssl=1 1536w, https:\/\/i0.wp.com\/miradordeatarfe.es\/wp-content\/uploads\/2020\/01\/ALEJANDRA-RIVERA-y-ELENA-LUCENA-MOTRIL-260120-1.jpeg?resize=1320%2C990&amp;ssl=1 1320w, https:\/\/i0.wp.com\/miradordeatarfe.es\/wp-content\/uploads\/2020\/01\/ALEJANDRA-RIVERA-y-ELENA-LUCENA-MOTRIL-260120-1.jpeg?w=1600&amp;ssl=1 1600w\" sizes=\"auto, (max-width: 618px) 100vw, 618px\" \/><\/a><\/p>\n<p align=\"JUSTIFY\"><span style=\"font-family: Tahoma, serif;\">Tambi\u00e9n mejor\u00f3 marca personal el cuatrocentista en las filas del Atletismo del Sur Ra\u00fal Castillo Santiago con 53.52 con ocasi\u00f3n del andaluz Sub 23 de pista cubierta disputado en Antequera. <\/span><\/p>\n<p align=\"JUSTIFY\"><span style=\"font-family: Tahoma, serif;\">En el control de marcas celebrado en Motril en la ma\u00f1ana del domingo una veintena de atletas representaron al Atletismo Ciudad Atarfe en pruebas de velocidad, fondo y tres de los cuatro lanzamientos, nos falta por conquistar el martillo. Si bien todos\/as merecen un reconocimiento por razones de espacio destacaremos la progresi\u00f3n de Pablo Lozano que lleva su marca en disco hasta 34.46, nuestros velocistas de 200 metros con Ra\u00fal Castillo 24.41, Antonio Pe\u00f1a 24.99 y Celia Mart\u00edn 27.37, los medio-fondistas en 500 con \u00c1lvaro Hern\u00e1ndez en 1.31.09, Mario Aguilera y Antonio Romero, los fondistas en 3000: Jes\u00fas Zamora 9.57, Angel Torres 10.00 y Carlos Lucena 10.58; o los m\u00e1s peque\u00f1os distribuyendo esfuerzos en velocidad y lanzamientos: Elena Lucena, Alejandra Herrera, Elisabeth L\u00f3pez, Carmen Salas, Carolina Lozano, Leire P\u00e9rez, Manuel Romero.<\/span><\/p>\n<p align=\"JUSTIFY\"><span style=\"font-family: Tahoma, serif;\">En Ruta se disputaron la Ruta de los Secaderos en C\u00fallar Vega con Salas Quero 23\u00ba y la Media de Sevilla con Antonio Aivar en 1h35.19, ambos del Ciudad Atarfe. <\/span><\/p>\n<p align=\"JUSTIFY\"><a href=\"https:\/\/i0.wp.com\/miradordeatarfe.es\/wp-content\/uploads\/2020\/01\/DANIEL-P%C3%89REZ-Arahal-2020-2.jpeg?ssl=1\"><img data-recalc-dims=\"1\" loading=\"lazy\" decoding=\"async\" class=\"alignnone wp-image-37376 size-large\" src=\"https:\/\/i0.wp.com\/miradordeatarfe.es\/wp-content\/uploads\/2020\/01\/DANIEL-P%C3%89REZ-Arahal-2020-2.jpeg?resize=618%2C348&#038;ssl=1\" alt=\"\" width=\"618\" height=\"348\" srcset=\"https:\/\/i0.wp.com\/miradordeatarfe.es\/wp-content\/uploads\/2020\/01\/DANIEL-P%C3%89REZ-Arahal-2020-2.jpeg?resize=1024%2C576&amp;ssl=1 1024w, https:\/\/i0.wp.com\/miradordeatarfe.es\/wp-content\/uploads\/2020\/01\/DANIEL-P%C3%89REZ-Arahal-2020-2.jpeg?resize=300%2C169&amp;ssl=1 300w, https:\/\/i0.wp.com\/miradordeatarfe.es\/wp-content\/uploads\/2020\/01\/DANIEL-P%C3%89REZ-Arahal-2020-2.jpeg?resize=768%2C432&amp;ssl=1 768w, https:\/\/i0.wp.com\/miradordeatarfe.es\/wp-content\/uploads\/2020\/01\/DANIEL-P%C3%89REZ-Arahal-2020-2.jpeg?resize=600%2C338&amp;ssl=1 600w, https:\/\/i0.wp.com\/miradordeatarfe.es\/wp-content\/uploads\/2020\/01\/DANIEL-P%C3%89REZ-Arahal-2020-2.jpeg?resize=1536%2C864&amp;ssl=1 1536w, https:\/\/i0.wp.com\/miradordeatarfe.es\/wp-content\/uploads\/2020\/01\/DANIEL-P%C3%89REZ-Arahal-2020-2.jpeg?resize=1320%2C743&amp;ssl=1 1320w, https:\/\/i0.wp.com\/miradordeatarfe.es\/wp-content\/uploads\/2020\/01\/DANIEL-P%C3%89REZ-Arahal-2020-2.jpeg?w=1600&amp;ssl=1 1600w\" sizes=\"auto, (max-width: 618px) 100vw, 618px\" \/><\/a><\/p>\n<p align=\"JUSTIFY\"><span style=\"font-family: Tahoma, serif;\">En Trail en La Calahorra la tercera edici\u00f3n de la CxM Castillo de la Calahorra \u00e9xito de un plet\u00f3rico V\u00edctor Almohano, del Monta\u00f1a Atarfe consiguiendo la segunda posici\u00f3n de la carrera larga muy cerca del primero y en la distancia corta Germ\u00e1n Triana del Ciudad Atarfe 4\u00ba absoluto.<\/span><\/p>\n<p align=\"JUSTIFY\"><span style=\"font-family: Tahoma, serif;\">Por \u00faltimo comentar que el club de atletismo Ciudad Atarfe ha instalado en la pista municipal un set de salto de altura con su cochera para resguardarla de las inclemencias meteorol\u00f3gicas, infraestructura adquirida gracias a una subvenci\u00f3n obtenida de la Junta de Andaluc\u00eda y que supone un avance muy importante en el esfuerzo del club por ofrecer a los practicantes de atletismo en Atarfe poder desarrollar cualquier modalidad atl\u00e9tica. Sin duda un gran trabajo de equipo donde han sido muchos los que han tirado del carro hasta conseguir este logro, set que por cierto fue inaugurado ya el pasado 12 de octubre con la exhibici\u00f3n de salto de altura celebrada en el Centro Cultural y donde contamos con la presencia de Carlos Rojas, actual campe\u00f3n de Espa\u00f1a y que esta misma semana ha mejorado el record de Andaluc\u00eda subi\u00e9ndolo hasta 2.22 m. <\/span><\/p>\n<p align=\"JUSTIFY\"><a href=\"https:\/\/i0.wp.com\/miradordeatarfe.es\/wp-content\/uploads\/2020\/01\/ELISABETH-LOPEZ-Arahal-2020.jpeg?ssl=1\"><img data-recalc-dims=\"1\" loading=\"lazy\" decoding=\"async\" class=\"wp-image-37377  aligncenter\" src=\"https:\/\/i0.wp.com\/miradordeatarfe.es\/wp-content\/uploads\/2020\/01\/ELISABETH-LOPEZ-Arahal-2020.jpeg?resize=515%2C687&#038;ssl=1\" alt=\"\" width=\"515\" height=\"687\" srcset=\"https:\/\/i0.wp.com\/miradordeatarfe.es\/wp-content\/uploads\/2020\/01\/ELISABETH-LOPEZ-Arahal-2020.jpeg?resize=768%2C1024&amp;ssl=1 768w, https:\/\/i0.wp.com\/miradordeatarfe.es\/wp-content\/uploads\/2020\/01\/ELISABETH-LOPEZ-Arahal-2020.jpeg?resize=225%2C300&amp;ssl=1 225w, https:\/\/i0.wp.com\/miradordeatarfe.es\/wp-content\/uploads\/2020\/01\/ELISABETH-LOPEZ-Arahal-2020.jpeg?resize=600%2C800&amp;ssl=1 600w, https:\/\/i0.wp.com\/miradordeatarfe.es\/wp-content\/uploads\/2020\/01\/ELISABETH-LOPEZ-Arahal-2020.jpeg?resize=1152%2C1536&amp;ssl=1 1152w, https:\/\/i0.wp.com\/miradordeatarfe.es\/wp-content\/uploads\/2020\/01\/ELISABETH-LOPEZ-Arahal-2020.jpeg?w=1200&amp;ssl=1 1200w\" sizes=\"auto, (max-width: 515px) 100vw, 515px\" \/><\/a><\/p>\n<p align=\"JUSTIFY\"><a name=\"_GoBack\"><\/a><\/p>\n","protected":false},"excerpt":{"rendered":"<p>Fin de semana apote\u00f3sico para el deporte espa\u00f1ol en unas modalidades poco seguidas por el&#8230;<\/p>\n","protected":false},"author":1,"featured_media":37374,"comment_status":"closed","ping_status":"closed","sticky":false,"template":"","format":"standard","meta":{"_coblocks_attr":"","_coblocks_dimensions":"","_coblocks_responsive_height":"","_coblocks_accordion_ie_support":"","jetpack_post_was_ever_published":false,"_jetpack_newsletter_access":"","_jetpack_dont_email_post_to_subs":false,"_jetpack_newsletter_tier_id":0,"_jetpack_memberships_contains_paywalled_content":false,"_jetpack_memberships_contains_paid_content":false,"footnotes":"","jetpack_publicize_message":"","jetpack_publicize_feature_enabled":true,"jetpack_social_post_already_shared":false,"jetpack_social_options":{"image_generator_settings":{"template":"highway","default_image_id":0,"enabled":false},"version":2}},"categories":[182,6915,44,15],"tags":[81,85,123],"class_list":["post-37372","post","type-post","status-publish","format-standard","has-post-thumbnail","hentry","category-deportes","category-opinion-de-manuel-jimenez","category-noticias-de-hoy","category-ultimas-noticias","tag-atarfe","tag-atletismo","tag-deportes"],"jetpack_publicize_connections":[],"jetpack_featured_media_url":"https:\/\/i0.wp.com\/miradordeatarfe.es\/wp-content\/uploads\/2020\/01\/Victor-Almohano-La-Calahorra-2020.jpg?fit=1226%2C815&ssl=1","jetpack_likes_enabled":true,"jetpack_sharing_enabled":true,"_links":{"self":[{"href":"https:\/\/miradordeatarfe.es\/index.php?rest_route=\/wp\/v2\/posts\/37372","targetHints":{"allow":["GET"]}}],"collection":[{"href":"https:\/\/miradordeatarfe.es\/index.php?rest_route=\/wp\/v2\/posts"}],"about":[{"href":"https:\/\/miradordeatarfe.es\/index.php?rest_route=\/wp\/v2\/types\/post"}],"author":[{"embeddable":true,"href":"https:\/\/miradordeatarfe.es\/index.php?rest_route=\/wp\/v2\/users\/1"}],"replies":[{"embeddable":true,"href":"https:\/\/miradordeatarfe.es\/index.php?rest_route=%2Fwp%2Fv2%2Fcomments&post=37372"}],"version-history":[{"count":1,"href":"https:\/\/miradordeatarfe.es\/index.php?rest_route=\/wp\/v2\/posts\/37372\/revisions"}],"predecessor-version":[{"id":37378,"href":"https:\/\/miradordeatarfe.es\/index.php?rest_route=\/wp\/v2\/posts\/37372\/revisions\/37378"}],"wp:featuredmedia":[{"embeddable":true,"href":"https:\/\/miradordeatarfe.es\/index.php?rest_route=\/wp\/v2\/media\/37374"}],"wp:attachment":[{"href":"https:\/\/miradordeatarfe.es\/index.php?rest_route=%2Fwp%2Fv2%2Fmedia&parent=37372"}],"wp:term":[{"taxonomy":"category","embeddable":true,"href":"https:\/\/miradordeatarfe.es\/index.php?rest_route=%2Fwp%2Fv2%2Fcategories&post=37372"},{"taxonomy":"post_tag","embeddable":true,"href":"https:\/\/miradordeatarfe.es\/index.php?rest_route=%2Fwp%2Fv2%2Ftags&post=37372"}],"curies":[{"name":"wp","href":"https:\/\/api.w.org\/{rel}","templated":true}]}}