{"id":3744,"date":"2015-09-29T06:04:44","date_gmt":"2015-09-29T06:04:44","guid":{"rendered":"http:\/\/miradordeatarfe.es\/?p=3744"},"modified":"2015-09-30T08:12:55","modified_gmt":"2015-09-30T08:12:55","slug":"el-parque-de-las-ciencias-abre-con-una-exposicion-las-actividades-del-20-aniversario-del-museo","status":"publish","type":"post","link":"https:\/\/miradordeatarfe.es\/?p=3744","title":{"rendered":"El Parque de las Ciencias abre con una exposici\u00f3n las actividades del 20 aniversario del museo"},"content":{"rendered":"<p style=\"text-align: justify;\">La inauguraci\u00f3n del Biodomo en 2016 es el hito con el que la Comisi\u00f3n Cient\u00edfica nombrada para coordinar estos actos quiere cerrar una programaci\u00f3n de actos en los que se pretende contar con los Reyes de Espa\u00f1a. <!--more--><\/p>\n<p style=\"text-align: justify;\">El pr\u00f3ximo lunes 28 de septiembre se inaugura en Puerta Real una exposici\u00f3n que conmemora los 20 a\u00f1os de la apertura del museo. La muestra recoge la \u201cesencia\u201d del Parque de las Ciencias combinando propuestas interactivas y talleres guiados con un recorrido por estas dos \u00faltimas d\u00e9cadas a trav\u00e9s de textos, v\u00eddeos, objetos y fotograf\u00edas. A esta muestra le seguir\u00e1n actividades de un programa que estar\u00e1 abierto a la participaci\u00f3n y al que se podr\u00e1 unir todo el que lo desee, respondiendo a la filosof\u00eda de \u00absumar esfuerzos\u00bb que ha caracterizado al Parque de las Ciencias desde sus inicios.<\/p>\n<p style=\"text-align: justify;\">La encargada de impulsar estas propuestas es la Comisi\u00f3n cient\u00edfica del 20 aniversario, formada por los acad\u00e9micos Mar\u00eda Dolores Su\u00e1rez, catedr\u00e1tica de Farmacia; Jos\u00e9 Antonio Lorente, catedr\u00e1tico de Medicina Legal; Ana Crespo, catedr\u00e1tica de Geodin\u00e1mica; y el profesor de investigaci\u00f3n en astrof\u00edsica, Jose Mar\u00eda Quintana. En ellos tambi\u00e9n ha reca\u00eddo la responsabilidad de asesorar y contribuir al dise\u00f1o y desarrollo de estas acciones, que han sido presentadas este viernes en rueda de prensa.<\/p>\n<p style=\"text-align: justify;\">El programa conmemorativo tendr\u00e1 varios ejes. A la exposici\u00f3n \u201820 a\u00f1os del Parque de las Ciencias. Un proyecto para crecer\u2019, se sumar\u00e1n la presentaci\u00f3n de un libro conmemorativo; la exposici\u00f3n \u2018El arte de educar. Usa tus manos para pensar\u2019; un acto central al que se invitar\u00e1 a los Reyes de Espa\u00f1a; acciones de proyecci\u00f3n internacional con la instalaci\u00f3n de dos exposiciones coproducidas por el museo en B\u00e9lgica y Alemania, as\u00ed como la organizaci\u00f3n en Granada del Foro Europeo de Directores de Museos Cient\u00edficos y la inauguraci\u00f3n del Biodomo.<\/p>\n<p style=\"text-align: justify;\">El acto institucional servir\u00e1 de momento de encuentro para muchas personas y entidades que han aportado su esfuerzo en estos 20 a\u00f1os del Parque de las Ciencias. Se invitar\u00e1 a los Reyes de Espa\u00f1a y a representantes de instituciones de alto nivel cient\u00edfico y cultural.<\/p>\n<p style=\"text-align: justify;\">Con el objetivo de repasar la historia del museo se ha trabajado en dos publicaciones, una edici\u00f3n cl\u00e1sica en papel, muy visual que repasa la historia y la filosof\u00eda del Parque de las Ciencias, y otra digital realizada \u00edntegramente por el p\u00fablico a trav\u00e9s de una selecci\u00f3n de dibujos, opiniones y fotograf\u00edas que visitantes de todas las edades nos han enviado a lo largo de estas dos d\u00e9cadas.<\/p>\n<p class=\"img\" style=\"text-align: justify;\"><img data-recalc-dims=\"1\" loading=\"lazy\" decoding=\"async\" class=\"media-image\" src=\"https:\/\/i0.wp.com\/www.elindependientedegranada.es\/sites\/default\/files\/styles\/large\/public\/pqciencias.jpg?resize=640%2C427\" alt=\"\" width=\"640\" height=\"427\" \/><\/p>\n<p class=\"pie\" style=\"text-align: justify;\">Ernesto P\u00e1ramo durante la presentaci\u00f3n de las actividades, este viernes.\u00a0<span class=\"firma\">parque ciencias<\/span><\/p>\n<p style=\"text-align: justify;\">Otro de los eventos centrales ser\u00e1 la exposici\u00f3n \u2018El arte de Educar. Usa tus manos para pensar\u2019 que se inaugurar\u00e1 en febrero de 2016. Se trata de una muestra participativa basada en la metodolog\u00eda y trayectoria educativa del psicopedagogo Francesco Tonucci, que nos va a permitir conocer su obra y distintas propuestas para mejorar la educaci\u00f3n tanto formal como informal.<\/p>\n<p style=\"text-align: justify;\">En este programa tampoco faltar\u00e1n importantes acciones de proyecci\u00f3n internacional del museo. La inauguraci\u00f3n en Bruselas de la exposici\u00f3n \u2018WOW. Wonders of Wildlife\u201d, producida por el Parque de las Ciencias y el Royal Belgian Institute of Natural Sciences de B\u00e9lgica; \u2018Human-Machine Robot\u2019 y \u2018SOS. Lecciones tras el desastre\u2019, coproducidas por el Parque de las Ciencias y el museo DASA de Dortmund (Alemania), que se expondr\u00e1n en el museo DASA o la organizaci\u00f3n y celebraci\u00f3n en el museo del Foro Europeo de Directores de Museos Cient\u00edficos.<\/p>\n<p style=\"text-align: justify;\">Con la inauguraci\u00f3n del Biodomo en la primavera de 2016 se completa y cierra la construcci\u00f3n del proyecto Parque de las Ciencias. Han sido 20 a\u00f1os creciendo en distintas fases hasta la ocupaci\u00f3n total de los 70.000 metros cuadrados de museo.<\/p>\n<p style=\"text-align: justify;\">Conferencias, talleres, actividades con la Asociaci\u00f3n de Amigos del Museo, la publicaci\u00f3n de un especial en prensa, plantar un \u00e1rbol e instalar un \u2018V\u00eda Solaris\u2019, como referencia del museo en la ciudad y la instalaci\u00f3n de una escultura de Santiago Ram\u00f3n y Cajal son otras de las propuestas para este programa del 20 aniversario que se extender\u00e1 hasta el mes de mayo de 2016 con la Feria de la Ciencia y la Jornada de Puertas Abiertas que, como el propio museo, persiguen la democratizaci\u00f3n del conocimiento cient\u00edfico y el fomento de la cultura cient\u00edfica.<\/p>\n","protected":false},"excerpt":{"rendered":"<p>La inauguraci\u00f3n del Biodomo en 2016 es el hito con el que la Comisi\u00f3n Cient\u00edfica&#8230;<\/p>\n","protected":false},"author":1,"featured_media":3745,"comment_status":"closed","ping_status":"closed","sticky":false,"template":"","format":"standard","meta":{"_coblocks_attr":"","_coblocks_dimensions":"","_coblocks_responsive_height":"","_coblocks_accordion_ie_support":"","jetpack_post_was_ever_published":false,"_jetpack_newsletter_access":"","_jetpack_dont_email_post_to_subs":false,"_jetpack_newsletter_tier_id":0,"_jetpack_memberships_contains_paywalled_content":false,"_jetpack_memberships_contains_paid_content":false,"footnotes":"","jetpack_publicize_message":"","jetpack_publicize_feature_enabled":true,"jetpack_social_post_already_shared":false,"jetpack_social_options":{"image_generator_settings":{"template":"highway","default_image_id":0,"enabled":false},"version":2}},"categories":[15],"tags":[1346,235,133],"class_list":["post-3744","post","type-post","status-publish","format-standard","has-post-thumbnail","hentry","category-ultimas-noticias","tag-cursos","tag-exposicion","tag-parque-de-las-ciencias"],"jetpack_publicize_connections":[],"jetpack_featured_media_url":"https:\/\/i0.wp.com\/miradordeatarfe.es\/wp-content\/uploads\/2015\/09\/20anos_parqueciencia.jpg?fit=720%2C1080&ssl=1","jetpack_likes_enabled":true,"jetpack_sharing_enabled":true,"_links":{"self":[{"href":"https:\/\/miradordeatarfe.es\/index.php?rest_route=\/wp\/v2\/posts\/3744","targetHints":{"allow":["GET"]}}],"collection":[{"href":"https:\/\/miradordeatarfe.es\/index.php?rest_route=\/wp\/v2\/posts"}],"about":[{"href":"https:\/\/miradordeatarfe.es\/index.php?rest_route=\/wp\/v2\/types\/post"}],"author":[{"embeddable":true,"href":"https:\/\/miradordeatarfe.es\/index.php?rest_route=\/wp\/v2\/users\/1"}],"replies":[{"embeddable":true,"href":"https:\/\/miradordeatarfe.es\/index.php?rest_route=%2Fwp%2Fv2%2Fcomments&post=3744"}],"version-history":[{"count":1,"href":"https:\/\/miradordeatarfe.es\/index.php?rest_route=\/wp\/v2\/posts\/3744\/revisions"}],"predecessor-version":[{"id":3746,"href":"https:\/\/miradordeatarfe.es\/index.php?rest_route=\/wp\/v2\/posts\/3744\/revisions\/3746"}],"wp:featuredmedia":[{"embeddable":true,"href":"https:\/\/miradordeatarfe.es\/index.php?rest_route=\/wp\/v2\/media\/3745"}],"wp:attachment":[{"href":"https:\/\/miradordeatarfe.es\/index.php?rest_route=%2Fwp%2Fv2%2Fmedia&parent=3744"}],"wp:term":[{"taxonomy":"category","embeddable":true,"href":"https:\/\/miradordeatarfe.es\/index.php?rest_route=%2Fwp%2Fv2%2Fcategories&post=3744"},{"taxonomy":"post_tag","embeddable":true,"href":"https:\/\/miradordeatarfe.es\/index.php?rest_route=%2Fwp%2Fv2%2Ftags&post=3744"}],"curies":[{"name":"wp","href":"https:\/\/api.w.org\/{rel}","templated":true}]}}