{"id":37622,"date":"2020-02-16T09:00:19","date_gmt":"2020-02-16T08:00:19","guid":{"rendered":"http:\/\/miradordeatarfe.es\/?p=37622"},"modified":"2020-02-15T23:28:46","modified_gmt":"2020-02-15T22:28:46","slug":"como-resintonizar-los-canales-de-tdt-en-2020-paso-a-paso","status":"publish","type":"post","link":"https:\/\/miradordeatarfe.es\/?p=37622","title":{"rendered":"C\u00f3mo resintonizar los canales de TDT en 2020 paso a paso"},"content":{"rendered":"<h3 style=\"text-align: justify;\">La <a href=\"https:\/\/www.elcorreo.com\/tecnologia\/apagon-tdt-bizkaia-alava-euskadi-20200213082552-nt.html\" data-voc-vtm-id=\"in-text-traffic\">fecha del apagon de la TDT<\/a> ha llegado y para que nadie se quede sin poder ver la tele, a conituaci\u00f3n indicamos cu\u00e1les on los pasos a seguir para resintonizar la TDT en 2020.<\/h3>\n<p>1. Para que las comunidades de vecinos puedan llevar a cabo la adaptaci\u00f3n tendr\u00e1n que contactar con un instalador registrado. Ser\u00e1 el administrador de fincas o el presidente de la comunidad quienes deber\u00e1n contactar con la empresa instaladora.<\/p>\n<p>2. Encender el televisor o receptor TDT y pulsar la tecla &#8216;Men\u00fa&#8217; del mando a distancia.<\/p>\n<p>3. Seleccionar la opci\u00f3n &#8216;Instalaci\u00f3n&#8217; o &#8216;Configuraci\u00f3n&#8217;. Una vez localizada, pulsar la tecla Ok.<\/p>\n<p>4. Seleccionar la opci\u00f3n de &#8216;B\u00fasqueda de canales&#8217;. Pulsar, de nuevo, el bot\u00f3n de &#8216;Ok&#8217;.<\/p>\n<p>5. Seleccionar &#8216;b\u00fasqueda autom\u00e1tica&#8217; o &#8216;sintonizar nuevos canales&#8217; y volver a pulsar el bot\u00f3n de Ok.<\/p>\n<p>6. Esperar a que el receptor encuentre todos los canales e indique que la b\u00fasqueda ha concluido. Para colocar los canales en un orden determinado, deber\u00e1 localizar la opci\u00f3n de &#8216;Ordenar canales&#8217; que aparece tras pulsar de nuevo la tecla &#8216;Men\u00fa&#8217;.<\/p>\n<p>7. Salir de la pantalla. Si se han seguido todas las indicaciones, se podr\u00e1 comenzar a ver la TDT.<\/p>\n","protected":false},"excerpt":{"rendered":"<p>La fecha del apagon de la TDT ha llegado y para que nadie se quede&#8230;<\/p>\n","protected":false},"author":1,"featured_media":37623,"comment_status":"closed","ping_status":"closed","sticky":false,"template":"","format":"standard","meta":{"_coblocks_attr":"","_coblocks_dimensions":"","_coblocks_responsive_height":"","_coblocks_accordion_ie_support":"","jetpack_post_was_ever_published":false,"_jetpack_newsletter_access":"","_jetpack_dont_email_post_to_subs":false,"_jetpack_newsletter_tier_id":0,"_jetpack_memberships_contains_paywalled_content":false,"_jetpack_memberships_contains_paid_content":false,"footnotes":"","jetpack_publicize_message":"","jetpack_publicize_feature_enabled":true,"jetpack_social_post_already_shared":false,"jetpack_social_options":{"image_generator_settings":{"template":"highway","default_image_id":0,"enabled":false},"version":2}},"categories":[44,6937,6920,15],"tags":[7036,7035,7034],"class_list":["post-37622","post","type-post","status-publish","format-standard","has-post-thumbnail","hentry","category-noticias-de-hoy","category-sociedad","category-tecnologia","category-ultimas-noticias","tag-configurar","tag-sintonizacion","tag-televisores"],"jetpack_publicize_connections":[],"jetpack_featured_media_url":"https:\/\/i0.wp.com\/miradordeatarfe.es\/wp-content\/uploads\/2020\/02\/como-resintonizar-tdt-2020-paso-a-paso-k8KG-U1001422680333YD-624x385%40El-Correo.jpg?fit=624%2C385&ssl=1","jetpack_likes_enabled":true,"jetpack_sharing_enabled":true,"_links":{"self":[{"href":"https:\/\/miradordeatarfe.es\/index.php?rest_route=\/wp\/v2\/posts\/37622","targetHints":{"allow":["GET"]}}],"collection":[{"href":"https:\/\/miradordeatarfe.es\/index.php?rest_route=\/wp\/v2\/posts"}],"about":[{"href":"https:\/\/miradordeatarfe.es\/index.php?rest_route=\/wp\/v2\/types\/post"}],"author":[{"embeddable":true,"href":"https:\/\/miradordeatarfe.es\/index.php?rest_route=\/wp\/v2\/users\/1"}],"replies":[{"embeddable":true,"href":"https:\/\/miradordeatarfe.es\/index.php?rest_route=%2Fwp%2Fv2%2Fcomments&post=37622"}],"version-history":[{"count":1,"href":"https:\/\/miradordeatarfe.es\/index.php?rest_route=\/wp\/v2\/posts\/37622\/revisions"}],"predecessor-version":[{"id":37624,"href":"https:\/\/miradordeatarfe.es\/index.php?rest_route=\/wp\/v2\/posts\/37622\/revisions\/37624"}],"wp:featuredmedia":[{"embeddable":true,"href":"https:\/\/miradordeatarfe.es\/index.php?rest_route=\/wp\/v2\/media\/37623"}],"wp:attachment":[{"href":"https:\/\/miradordeatarfe.es\/index.php?rest_route=%2Fwp%2Fv2%2Fmedia&parent=37622"}],"wp:term":[{"taxonomy":"category","embeddable":true,"href":"https:\/\/miradordeatarfe.es\/index.php?rest_route=%2Fwp%2Fv2%2Fcategories&post=37622"},{"taxonomy":"post_tag","embeddable":true,"href":"https:\/\/miradordeatarfe.es\/index.php?rest_route=%2Fwp%2Fv2%2Ftags&post=37622"}],"curies":[{"name":"wp","href":"https:\/\/api.w.org\/{rel}","templated":true}]}}