{"id":37688,"date":"2020-02-21T09:20:39","date_gmt":"2020-02-21T08:20:39","guid":{"rendered":"http:\/\/miradordeatarfe.es\/?p=37688"},"modified":"2020-02-19T13:40:12","modified_gmt":"2020-02-19T12:40:12","slug":"estas-sin-senal-en-tu-television-como-resintonizar-los-canales-por-el-apagon-de-la-tdt","status":"publish","type":"post","link":"https:\/\/miradordeatarfe.es\/?p=37688","title":{"rendered":"\u00bfEst\u00e1s sin se\u00f1al en tu televisi\u00f3n?: c\u00f3mo resintonizar los canales por el apag\u00f3n de la TDT"},"content":{"rendered":"<h2>Estos son los pasos a seguir para la resintonizaci\u00f3n de los canales en la tevisi\u00f3n, seg\u00fan explican desde la Secretar\u00eda de Estado para el Avance Digital<\/h2>\n<p>Desde este jueves 13 de febrero los hogares de Espa\u00f1a deben realizar una operaci\u00f3n necesaria en su televisi\u00f3n: <a title=\"www.ideal.es\" href=\"https:\/\/www.ideal.es\/granada\/provincia-granada\/cambio-llega-afecta-tdt-granada-20200213173234-nt.html\" data-voc-vtm-id=\"in-text-traffic\">resintonizar la TDT<\/a>. Los sistemas de recepci\u00f3n de la se\u00f1al tienen que ser actualizados para recibir los canales en la nueva frecuencia en las que se est\u00e1n emitiendo. Si esta acci\u00f3n no se lleva a cabo no se podr\u00e1 disfrutar de la televisi\u00f3n como hasta ahora.<\/p>\n<p>El cambio de frecuencias <strong>se tendr\u00e1 que llevar a cabo por las comunidades de vecinos o las viviendas unifamiliares<\/strong>. En el primer caso, ser\u00e1 necesario adaptar las instalaciones de recepci\u00f3n de la TDT. Luego, cada vecino tendr\u00e1 que llevar a cabo la resintonizaci\u00f3n para poder seguir viendo la televisi\u00f3n. En el segundo caso, \u00fanicamente habr\u00e1 que resintonizar la televisi\u00f3n, sin el previo paso de la antena colectiva.<\/p>\n<p>Estos son los pasos a seguir para la resintonizaci\u00f3n de los canales en la tevisi\u00f3n, seg\u00fan explican desde la Secretar\u00eda de Estado para el Avance Digital:<\/p>\n<h3>C\u00f3mo resintonizar<\/h3>\n<p>Estos son los pasos a seguir para la resintonizaci\u00f3n de los canales en la tevisi\u00f3n, seg\u00fan explican desde la Secretar\u00eda de Estado para el Avance Digital:<\/p>\n<p>1. Encienda el televisor y el receptor de la TDT (en el caso de tener el dispositivo instalado aparte) y pulse la tecla Men\u00fa del mando a distancia.<\/p>\n<p>2. En la pantalla aparecer\u00e1n distintas opciones. Despl\u00e1cese con los botones hasta encontrar la opci\u00f3n Instalaci\u00f3n o Configuraci\u00f3n, y una vez localizada pulse la tecla Ok.<\/p>\n<p>3. Utilice los botones en forma de flecha para desplazarse entre el abanico de opciones, hasta encontrar B\u00fasqueda de canales y pulse Ok.<\/p>\n<p>4. El siguiente paso es encontrar, de nuevo movi\u00e9ndose con las flechas del mando, la B\u00fasqueda autom\u00e1tica o Sintonizar nuevos canales y vuelva a pulsar Ok.<\/p>\n<p>5. Deber\u00e1 esperar hasta que el receptor encuentre todos los canales e indique que la b\u00fasqueda ha concluido. Para colocar los canales en un orden determinado, deber\u00e1 localizar la opci\u00f3n Ordenar canales que aparece tras pulsar de nuevo la tecla Men\u00fa.<\/p>\n<p>6. Por \u00faltimo, pulse la tecla que indique la pantalla para salir y ya podr\u00e1 comenzar a ver la TDT.<\/p>\n","protected":false},"excerpt":{"rendered":"<p>Estos son los pasos a seguir para la resintonizaci\u00f3n de los canales en la tevisi\u00f3n,&#8230;<\/p>\n","protected":false},"author":1,"featured_media":37689,"comment_status":"closed","ping_status":"closed","sticky":false,"template":"","format":"standard","meta":{"_coblocks_attr":"","_coblocks_dimensions":"","_coblocks_responsive_height":"","_coblocks_accordion_ie_support":"","jetpack_post_was_ever_published":false,"_jetpack_newsletter_access":"","_jetpack_dont_email_post_to_subs":false,"_jetpack_newsletter_tier_id":0,"_jetpack_memberships_contains_paywalled_content":false,"_jetpack_memberships_contains_paid_content":false,"footnotes":"","jetpack_publicize_message":"","jetpack_publicize_feature_enabled":true,"jetpack_social_post_already_shared":false,"jetpack_social_options":{"image_generator_settings":{"template":"highway","default_image_id":0,"enabled":false},"version":2}},"categories":[1161,44,6920,15],"tags":[7041,7042],"class_list":["post-37688","post","type-post","status-publish","format-standard","has-post-thumbnail","hentry","category-ciudadania","category-noticias-de-hoy","category-tecnologia","category-ultimas-noticias","tag-canales-de-tv","tag-resintonizar"],"jetpack_publicize_connections":[],"jetpack_featured_media_url":"https:\/\/i0.wp.com\/miradordeatarfe.es\/wp-content\/uploads\/2020\/02\/tdt-canales.jpg?fit=624%2C385&ssl=1","jetpack_likes_enabled":true,"jetpack_sharing_enabled":true,"_links":{"self":[{"href":"https:\/\/miradordeatarfe.es\/index.php?rest_route=\/wp\/v2\/posts\/37688","targetHints":{"allow":["GET"]}}],"collection":[{"href":"https:\/\/miradordeatarfe.es\/index.php?rest_route=\/wp\/v2\/posts"}],"about":[{"href":"https:\/\/miradordeatarfe.es\/index.php?rest_route=\/wp\/v2\/types\/post"}],"author":[{"embeddable":true,"href":"https:\/\/miradordeatarfe.es\/index.php?rest_route=\/wp\/v2\/users\/1"}],"replies":[{"embeddable":true,"href":"https:\/\/miradordeatarfe.es\/index.php?rest_route=%2Fwp%2Fv2%2Fcomments&post=37688"}],"version-history":[{"count":1,"href":"https:\/\/miradordeatarfe.es\/index.php?rest_route=\/wp\/v2\/posts\/37688\/revisions"}],"predecessor-version":[{"id":37690,"href":"https:\/\/miradordeatarfe.es\/index.php?rest_route=\/wp\/v2\/posts\/37688\/revisions\/37690"}],"wp:featuredmedia":[{"embeddable":true,"href":"https:\/\/miradordeatarfe.es\/index.php?rest_route=\/wp\/v2\/media\/37689"}],"wp:attachment":[{"href":"https:\/\/miradordeatarfe.es\/index.php?rest_route=%2Fwp%2Fv2%2Fmedia&parent=37688"}],"wp:term":[{"taxonomy":"category","embeddable":true,"href":"https:\/\/miradordeatarfe.es\/index.php?rest_route=%2Fwp%2Fv2%2Fcategories&post=37688"},{"taxonomy":"post_tag","embeddable":true,"href":"https:\/\/miradordeatarfe.es\/index.php?rest_route=%2Fwp%2Fv2%2Ftags&post=37688"}],"curies":[{"name":"wp","href":"https:\/\/api.w.org\/{rel}","templated":true}]}}