{"id":37713,"date":"2020-03-02T11:49:15","date_gmt":"2020-03-02T10:49:15","guid":{"rendered":"http:\/\/miradordeatarfe.es\/?p=37713"},"modified":"2020-02-27T19:16:03","modified_gmt":"2020-02-27T18:16:03","slug":"archivo-historico-municipal-de-atarfe-por-fuencisla-moreno","status":"publish","type":"post","link":"https:\/\/miradordeatarfe.es\/?p=37713","title":{"rendered":"\u00abArchivo hist\u00f3rico municipal de Atarfe\u00bb por Fuencisla Moreno"},"content":{"rendered":"<h4 style=\"text-align: justify;\">El patrimonio escrito m\u00e1s importante que posee el municipio de Atarfe se encuentra recogido en el Archivo Municipal. Otros archivos como el Parroquial, el archivo del Juzgado o archivos privados recogen de manera espec\u00ed\ufb01ca determinados temas concretos, sin embargo es el Archivo Municipal, el que de una manera m\u00e1s completa nos acerca al conocimiento general de nuestra historia, nuestras costumbres y nuestras tradiciones.<\/h4>\n<p style=\"text-align: justify;\">\nEvidentemente no podemos a\ufb01rmar que la documentaci\u00f3n existente en el Archivo es su\ufb01ciente para elaborar un completo trabajo hist\u00f3rico de Atarfe, sin embargo si podemos acercarnos de manera \ufb01dedigna a los principales aparatados que han conformado su historia: econom\u00eda, sociedad, cultura, pol\u00edtica, etc.<\/p>\n<p style=\"text-align: justify;\">La documentaci\u00f3n hist\u00f3rica existente en el Archivo podemos dividirla en dos apartados. Por una parte tenemos libros y documentos que no se complementan con ninguna otra documentaci\u00f3n de la misma \u00e9poca. Tal es el caso de el Libro de Apeos, fechado en 1572. Gracias a \u00e9l, conocemos el periodo acaecido tras la expulsi\u00f3n de los moriscos del Reino de Granada y conocido como Repoblaci\u00f3n. El segundo libro es el Catastro del Marqu\u00e9s de la Ensenada de 1753 y que nos ofrece datos muy importantes en cuanto a poblaci\u00f3n y econom\u00eda.<\/p>\n<p style=\"text-align: justify;\">El siguiente apartado lo conforman las series documentales (en total 388 legajos). La mayor\u00eda de ellas arrancan en el siglo XIX y pr\u00e1cticamente todas ellas llegan hasta la actualidad. La m\u00e1s importante son las correspondientes a Actas Capitulares y Padr\u00f3n de habitantes. Con el estudio de esta documentaci\u00f3n se abordan los temas m\u00e1s importantes de la vida del pueblo: pol\u00edtica, econom\u00eda, demograf\u00eda, movimientos migratorios, educaci\u00f3n, etc. La primera de ellas (Actas Capitulares) se inicia en 1851 y el Padr\u00f3n de habitantes en 1868. Otros conjuntos documentales incluidos dentro de la Secci\u00f3n hist\u00f3rica del archivo aparecen en el cuadro 1.<\/p>\n<p style=\"text-align: justify;\">Al estar enclavado el municipio de Atarfe en la comarca de La Vega, la econom\u00eda tradicionalmente giraba en torno a la agricultura, por lo que el interes y la preocupaci\u00f3n por el tema del agua era muy importante. La documentaci\u00f3n relativa a estos temas es muy numerosa. Desde 1721 se tienen documentos sueltos relativos a la Acequia Gorda, existiendo un voluminoso documento de 1805, que trata sobre el Pleito de las aguas que habr\u00eda de regar la Acequia Gorda.<\/p>\n<p style=\"text-align: justify;\">En cuanto a la tierra y su aprovechamiento econ\u00f3mico, tambi\u00e9n posee el archivo una amplia documentaci\u00f3n cuya cronolog\u00eda se extiende desde 1845 hasta 1940 (Repartimientos de r\u00fastica, urbana e industrial; bienes agr\u00edcolas; c\u00e9dulas de propiedad; empadronamiento de \ufb01ncas r\u00fasticas; censo de ganader\u00eda; evoluci\u00f3n de tipos de cultivo; pol\u00edgonos de catastro; variaciones del catastro). Los cambios econ\u00f3micos que deb\u00edan producirse con la llegada de la II Rep\u00fablica, generaron bastante documentaci\u00f3n, siendo muy interesante la relaci\u00f3n de \ufb01ncas afectadas por la Reforma Agraria y la correspondiente a los Sindicatos Obreros existentes en el pueblo. Por \u00faltimo, y tambi\u00e9n relacionado con la agricultura, tenemos la documentaci\u00f3n relativa al P\u00f3sito Agr\u00edcola cuyos fondos se inician en 1755 y alcanzan hasta la segunda mitad del siglo XX.<\/p>\n<p style=\"text-align: justify;\">Aunque el archivo no est\u00e1 abierto al p\u00fablico o\ufb01cialmente, los investigadores no tienen ning\u00fan problema a la hora de acceder a la documentaci\u00f3n del mismo. La mayor\u00eda de los usuarios son estudiantes universitarios y Licenciados en Historia Contempor\u00e1nea y Sociolog\u00eda.<\/p>\n<p style=\"text-align: justify;\">El Archivo Municipal alberga tambi\u00e9n fondos de car\u00e1cter administrativo, 87 libros de entradas y salidas de documentos, 24 libros de recaudaci\u00f3n en el mercado municipal y 327 libros de contabilidad. Tambi\u00e9n posee una colecci\u00f3n de libros publicados entre 1940 y 1975 que fueron adquiridos por el Ayuntamiento, y con los que desde 1956 se pretend\u00eda crear la primera Biblioteca Municipal de Atarfe.<\/p>\n<p><a href=\"https:\/\/i0.wp.com\/miradordeatarfe.es\/wp-content\/uploads\/2020\/02\/scanner_20200218_1956202-1.jpg?ssl=1\"><img data-recalc-dims=\"1\" loading=\"lazy\" decoding=\"async\" class=\"wp-image-37715 size-large aligncenter\" src=\"https:\/\/i0.wp.com\/miradordeatarfe.es\/wp-content\/uploads\/2020\/02\/scanner_20200218_1956202-1.jpg?resize=618%2C695&#038;ssl=1\" alt=\"\" width=\"618\" height=\"695\" srcset=\"https:\/\/i0.wp.com\/miradordeatarfe.es\/wp-content\/uploads\/2020\/02\/scanner_20200218_1956202-1.jpg?resize=911%2C1024&amp;ssl=1 911w, https:\/\/i0.wp.com\/miradordeatarfe.es\/wp-content\/uploads\/2020\/02\/scanner_20200218_1956202-1.jpg?resize=267%2C300&amp;ssl=1 267w, https:\/\/i0.wp.com\/miradordeatarfe.es\/wp-content\/uploads\/2020\/02\/scanner_20200218_1956202-1.jpg?resize=768%2C863&amp;ssl=1 768w, https:\/\/i0.wp.com\/miradordeatarfe.es\/wp-content\/uploads\/2020\/02\/scanner_20200218_1956202-1.jpg?resize=600%2C674&amp;ssl=1 600w, https:\/\/i0.wp.com\/miradordeatarfe.es\/wp-content\/uploads\/2020\/02\/scanner_20200218_1956202-1.jpg?w=955&amp;ssl=1 955w\" sizes=\"auto, (max-width: 618px) 100vw, 618px\" \/><\/a><\/p>\n<p>PUBLICADO EN ATARFE EN EL PAPEL DE IDEAL EN LA PAG.110-111<\/p>\n","protected":false},"excerpt":{"rendered":"<p>El patrimonio escrito m\u00e1s importante que posee el municipio de Atarfe se encuentra recogido en&#8230;<\/p>\n","protected":false},"author":1,"featured_media":37716,"comment_status":"closed","ping_status":"closed","sticky":false,"template":"","format":"standard","meta":{"_coblocks_attr":"","_coblocks_dimensions":"","_coblocks_responsive_height":"","_coblocks_accordion_ie_support":"","jetpack_post_was_ever_published":false,"_jetpack_newsletter_access":"","_jetpack_dont_email_post_to_subs":false,"_jetpack_newsletter_tier_id":0,"_jetpack_memberships_contains_paywalled_content":false,"_jetpack_memberships_contains_paid_content":false,"footnotes":"","jetpack_publicize_message":"","jetpack_publicize_feature_enabled":true,"jetpack_social_post_already_shared":false,"jetpack_social_options":{"image_generator_settings":{"template":"highway","default_image_id":0,"enabled":false},"version":2}},"categories":[2,2949,1225,44,15],"tags":[7049,81,7050,459],"class_list":["post-37713","post","type-post","status-publish","format-standard","has-post-thumbnail","hentry","category-atarfe","category-opinion-de-fuencisla-moreno","category-ha-de-atarfe","category-noticias-de-hoy","category-ultimas-noticias","tag-archivo-municipal","tag-atarfe","tag-libro-de-apeos","tag-libros"],"jetpack_publicize_connections":[],"jetpack_featured_media_url":"https:\/\/i0.wp.com\/miradordeatarfe.es\/wp-content\/uploads\/2020\/02\/images-2.jpg?fit=259%2C194&ssl=1","jetpack_likes_enabled":true,"jetpack_sharing_enabled":true,"_links":{"self":[{"href":"https:\/\/miradordeatarfe.es\/index.php?rest_route=\/wp\/v2\/posts\/37713","targetHints":{"allow":["GET"]}}],"collection":[{"href":"https:\/\/miradordeatarfe.es\/index.php?rest_route=\/wp\/v2\/posts"}],"about":[{"href":"https:\/\/miradordeatarfe.es\/index.php?rest_route=\/wp\/v2\/types\/post"}],"author":[{"embeddable":true,"href":"https:\/\/miradordeatarfe.es\/index.php?rest_route=\/wp\/v2\/users\/1"}],"replies":[{"embeddable":true,"href":"https:\/\/miradordeatarfe.es\/index.php?rest_route=%2Fwp%2Fv2%2Fcomments&post=37713"}],"version-history":[{"count":1,"href":"https:\/\/miradordeatarfe.es\/index.php?rest_route=\/wp\/v2\/posts\/37713\/revisions"}],"predecessor-version":[{"id":37717,"href":"https:\/\/miradordeatarfe.es\/index.php?rest_route=\/wp\/v2\/posts\/37713\/revisions\/37717"}],"wp:featuredmedia":[{"embeddable":true,"href":"https:\/\/miradordeatarfe.es\/index.php?rest_route=\/wp\/v2\/media\/37716"}],"wp:attachment":[{"href":"https:\/\/miradordeatarfe.es\/index.php?rest_route=%2Fwp%2Fv2%2Fmedia&parent=37713"}],"wp:term":[{"taxonomy":"category","embeddable":true,"href":"https:\/\/miradordeatarfe.es\/index.php?rest_route=%2Fwp%2Fv2%2Fcategories&post=37713"},{"taxonomy":"post_tag","embeddable":true,"href":"https:\/\/miradordeatarfe.es\/index.php?rest_route=%2Fwp%2Fv2%2Ftags&post=37713"}],"curies":[{"name":"wp","href":"https:\/\/api.w.org\/{rel}","templated":true}]}}