{"id":3772,"date":"2015-09-30T07:55:03","date_gmt":"2015-09-30T07:55:03","guid":{"rendered":"http:\/\/miradordeatarfe.es\/?p=3772"},"modified":"2015-10-01T06:58:24","modified_gmt":"2015-10-01T06:58:24","slug":"el-fraude-de-las-emisiones-de-volkswagen-equivale-a-un-ano-de-contaminacion-en-reino-unido","status":"publish","type":"post","link":"https:\/\/miradordeatarfe.es\/?p=3772","title":{"rendered":"El fraude de las emisiones de Volkswagen equivale a un a\u00f1o de contaminaci\u00f3n en Reino Unido"},"content":{"rendered":"<p>As\u00ed de serio es el esc\u00e1ndalo del fraude de Volkswagen. Un reciente c\u00e1lculo elaborado por <a href=\"http:\/\/www.theguardian.com\/business\/2015\/sep\/22\/vw-scandal-caused-nearly-1m-tonnes-of-extra-pollution-analysis-shows\">The Guardian<\/a> se\u00f1ala que <strong>las emisiones extra que la compa\u00f1\u00eda manipul\u00f3 equivalen a toda la contaminaci\u00f3n atmosf\u00e9rica que genera el Reino Unido en un a\u00f1o.<\/strong><!--more--><\/p>\n<p><strong>El estudio se hizo a partir de una estimaci\u00f3n de las emisiones reales detectadas en los Volkswagen con motor Type EA 189 common rail diesel<\/strong>. Seg\u00fan las mediciones de la Agencia de Protecci\u00f3n Medioambiental Estadounidense (EPA), los 482.000 modelos afectados estaban emitiendo un total de 1.039 toneladas de \u00f3xidos de nitr\u00f3geno a la atm\u00f3sfera.<\/p>\n<p>Si los c\u00e1lculos de los t\u00e9cnicos consultados por The Guardian son reales, en realidad <strong>estaban emitiendo entre 10.392 y 41.571 toneladas de estos gases contaminantes<\/strong>.<\/p>\n<p>Si se multiplica esa cifra por los 11 millones de veh\u00edculos que Volkswagen ha reconocido que est\u00e1n afectados, tenemos un extra de <strong>emisiones contaminantes equivalente a todas las emisiones de un a\u00f1o en el Reino Unido<\/strong>, sean de su parque de autom\u00f3viles o de emisiones industriales.<\/p>\n<p>Pese a que el estudio est\u00e1 hecho a partir de una estimaci\u00f3n, en caso de que \u00e9sta fuese err\u00f3nea,<strong>es una realidad que las emisiones manipuladas por Volkswagen son muchas veces superiores a los m\u00e1ximos permitidos<\/strong> por Estados Unidos o la Uni\u00f3n Europea.<\/p>\n<p>Adem\u00e1s, a partir de este caso, se est\u00e1 poniendo en el tapete un problema todav\u00eda m\u00e1s grave y que afecta a toda la industria automovil\u00edstica del mundo<strong>: los diesel llevan a\u00f1os contaminando las ciudades del mundo, y los mecanismos supuestamente destinados a su control no est\u00e1n funcionando como es debido.<\/strong><\/p>\n<p><a href=\"https:\/\/i0.wp.com\/miradordeatarfe.es\/wp-content\/uploads\/2015\/09\/21515570798_ca6279e0c9_z.jpg?ssl=1\"><img data-recalc-dims=\"1\" loading=\"lazy\" decoding=\"async\" class=\"alignnone size-full wp-image-3774\" src=\"https:\/\/i0.wp.com\/miradordeatarfe.es\/wp-content\/uploads\/2015\/09\/21515570798_ca6279e0c9_z.jpg?resize=640%2C348&#038;ssl=1\" alt=\"21515570798_ca6279e0c9_z\" width=\"640\" height=\"348\" srcset=\"https:\/\/i0.wp.com\/miradordeatarfe.es\/wp-content\/uploads\/2015\/09\/21515570798_ca6279e0c9_z.jpg?w=640&amp;ssl=1 640w, https:\/\/i0.wp.com\/miradordeatarfe.es\/wp-content\/uploads\/2015\/09\/21515570798_ca6279e0c9_z.jpg?resize=300%2C163&amp;ssl=1 300w, https:\/\/i0.wp.com\/miradordeatarfe.es\/wp-content\/uploads\/2015\/09\/21515570798_ca6279e0c9_z.jpg?resize=600%2C326&amp;ssl=1 600w\" sizes=\"auto, (max-width: 640px) 100vw, 640px\" \/><\/a><\/p>\n<p>El humo de los motores diesel no es solo da\u00f1ino para el medio ambiente, un reciente estudio ha demostrado que tambien es muy perjudicial para la salud ya que produce c\u00e1ncer. La Agencia Internacional de Investigaci\u00f3n sobre el C\u00e1ncer (IARC), que pertenece a la Organizaci\u00f3n Mundial de la Salud (OMS), clasific\u00f3 hoy las emisiones de los motores diesel como cancer\u00edgenas para los seres humanos.<\/p>\n<p>Los cient\u00edficos disponen de suficientes evidencias para asegurar que la exposici\u00f3n a ese tipo de emisiones est\u00e1 \u201casociada con un incremento del riesgo de c\u00e1ncer de pulm\u00f3n\u201d, indic\u00f3 la IARC en un comunicado tras una reuni\u00f3n de expertos internacionales celebrada en Lyon (este de Francia) durante los \u00faltimos d\u00edas.<\/p>\n<p>\u00c9stos consideran, adem\u00e1s, que existen \u201cpruebas limitadas\u201d de que las emisiones de ese tipo de motores pueden tambi\u00e9n incrementar el riesgo de c\u00e1ncer de vejiga.<\/p>\n<p>El presidente del grupo de trabajo de la IARC, Christopher Portier, declar\u00f3 que la decisi\u00f3n de los expertos fue \u201cun\u00e1nime\u201d y que \u201clas emisiones de los tubos de escape de los diesel causan c\u00e1ncer de pulm\u00f3n en los humanos\u201d.<\/p>\n<p>\u201cDados los impactos adicionales para la salud humana de las part\u00edculas de los motores diesel, la exposici\u00f3n a esta mezcla de productos qu\u00edmicos deber\u00eda reducirse en el mundo entero\u201d, alert\u00f3 Portier, quien indic\u00f3 que el anuncio de la OMS supone una \u201cse\u00f1al fuerte para la salud p\u00fablica\u201d.<\/p>\n<p>El peligro de la exposici\u00f3n a las emisiones no se reduce a los tubos de escape de los coches, sino que afecta adem\u00e1s a otros motores, como los de los barcos y trenes diesel.<\/p>\n<p>Los cient\u00edficos reafirmaron adem\u00e1s que las emisiones de los motores de gasolina tambi\u00e9n pueden resultar cancer\u00edgenas para los seres humanos, tal y como se hab\u00eda estipulado en una evaluaci\u00f3n previa en 1989.<\/p>\n<p>&nbsp;<\/p>\n<p>PUBLICADO EN <a href=\"http:\/\/diarioecologia.com\/el-fraude-de-las-emisiones-de-volkswagen-equivale-a-un-ano-de-contaminacion-en-reino-unido\/\">http:\/\/diarioecologia.com\/el-fraude-de-las-emisiones-de-volkswagen-equivale-a-un-ano-de-contaminacion-en-reino-unido\/<\/a><\/p>\n<p>&nbsp;<\/p>\n","protected":false},"excerpt":{"rendered":"<p>As\u00ed de serio es el esc\u00e1ndalo del fraude de Volkswagen. Un reciente c\u00e1lculo elaborado por&#8230;<\/p>\n","protected":false},"author":1,"featured_media":3773,"comment_status":"closed","ping_status":"closed","sticky":false,"template":"","format":"standard","meta":{"_coblocks_attr":"","_coblocks_dimensions":"","_coblocks_responsive_height":"","_coblocks_accordion_ie_support":"","jetpack_post_was_ever_published":false,"_jetpack_newsletter_access":"","_jetpack_dont_email_post_to_subs":false,"_jetpack_newsletter_tier_id":0,"_jetpack_memberships_contains_paywalled_content":false,"_jetpack_memberships_contains_paid_content":false,"footnotes":"","jetpack_publicize_message":"","jetpack_publicize_feature_enabled":true,"jetpack_social_post_already_shared":false,"jetpack_social_options":{"image_generator_settings":{"template":"highway","default_image_id":0,"enabled":false},"version":2}},"categories":[9,15,10],"tags":[1360,1361],"class_list":["post-3772","post","type-post","status-publish","format-standard","has-post-thumbnail","hentry","category-medio-ambiente","category-ultimas-noticias","category-salud","tag-humos","tag-volkswagen"],"jetpack_publicize_connections":[],"jetpack_featured_media_url":"https:\/\/i0.wp.com\/miradordeatarfe.es\/wp-content\/uploads\/2015\/09\/HUMO.jpg?fit=640%2C480&ssl=1","jetpack_likes_enabled":true,"jetpack_sharing_enabled":true,"_links":{"self":[{"href":"https:\/\/miradordeatarfe.es\/index.php?rest_route=\/wp\/v2\/posts\/3772","targetHints":{"allow":["GET"]}}],"collection":[{"href":"https:\/\/miradordeatarfe.es\/index.php?rest_route=\/wp\/v2\/posts"}],"about":[{"href":"https:\/\/miradordeatarfe.es\/index.php?rest_route=\/wp\/v2\/types\/post"}],"author":[{"embeddable":true,"href":"https:\/\/miradordeatarfe.es\/index.php?rest_route=\/wp\/v2\/users\/1"}],"replies":[{"embeddable":true,"href":"https:\/\/miradordeatarfe.es\/index.php?rest_route=%2Fwp%2Fv2%2Fcomments&post=3772"}],"version-history":[{"count":1,"href":"https:\/\/miradordeatarfe.es\/index.php?rest_route=\/wp\/v2\/posts\/3772\/revisions"}],"predecessor-version":[{"id":3775,"href":"https:\/\/miradordeatarfe.es\/index.php?rest_route=\/wp\/v2\/posts\/3772\/revisions\/3775"}],"wp:featuredmedia":[{"embeddable":true,"href":"https:\/\/miradordeatarfe.es\/index.php?rest_route=\/wp\/v2\/media\/3773"}],"wp:attachment":[{"href":"https:\/\/miradordeatarfe.es\/index.php?rest_route=%2Fwp%2Fv2%2Fmedia&parent=3772"}],"wp:term":[{"taxonomy":"category","embeddable":true,"href":"https:\/\/miradordeatarfe.es\/index.php?rest_route=%2Fwp%2Fv2%2Fcategories&post=3772"},{"taxonomy":"post_tag","embeddable":true,"href":"https:\/\/miradordeatarfe.es\/index.php?rest_route=%2Fwp%2Fv2%2Ftags&post=3772"}],"curies":[{"name":"wp","href":"https:\/\/api.w.org\/{rel}","templated":true}]}}