{"id":3779,"date":"2015-09-29T07:27:29","date_gmt":"2015-09-29T07:27:29","guid":{"rendered":"http:\/\/miradordeatarfe.es\/?p=3779"},"modified":"2015-09-30T08:12:19","modified_gmt":"2015-09-30T08:12:19","slug":"cuando-fuimos-refugiados-78-anos-de-la-salida-de-los-ninos-de-la-guerra","status":"publish","type":"post","link":"https:\/\/miradordeatarfe.es\/?p=3779","title":{"rendered":"Cuando fuimos refugiados. 78 a\u00f1os de la salida de los Ni\u00f1os de la Guerra"},"content":{"rendered":"<div>\n<div><b>Araceli Ruiz, Presidenta de la Asociaci\u00f3n Asturiana de Ni\u00f1os de la Guerra: \u201cYo tambi\u00e9n fui una refugiada\u201d<\/b><\/div>\n<div>\n<p><!--more--><\/p>\n<\/div>\n<div><b>\u00a0<\/b><\/div>\n<div>El pasado 23 de septiembre se cumplieron 78 a\u00f1os de una salida dolorosa, de una salida triste e injusta. 78 a\u00f1os de que ni\u00f1os y ni\u00f1as que tuvieron que sufrieron en sus carnes la Guerra Civil espa\u00f1ola gestada por el francofascismo tuvieran que huir para poder tener un futuro en paz y de oportunidad. Muchos ser\u00edan los destinos, unos a M\u00e9xico, otros a pa\u00edses europeos como B\u00e9lgica o Suiza y otros, como los 100 ni\u00f1os asturianos que partieron en 1937 del Puerto de El Musel de Gij\u00f3n, rumbo a la URSS.<\/div>\n<\/div>\n<div><\/div>\n<div>El s\u00e1bado 26 de septiembre, la Asociaci\u00f3n L\u00e1zaro C\u00e1rdenas conmemor\u00f3 en Gij\u00f3n este aniversario acompa\u00f1ado de otras organizaciones como Asturias Laica, La Sociedad Cultural Gijonesa, Soldepaz Pachakuti, el Ateneo Obrero de Gij\u00f3n y el Comit\u00e9 de Solidaridad con la Causa \u00c1rabe, junto con organizaciones pol\u00edticas invitadas como Izquierda Unida de Xix\u00f3n y el Partido Comunista de Asturias.<\/div>\n<div>\nUn a\u00f1o m\u00e1s que recordar y un a\u00f1o m\u00e1s para reflexionar sobre los porqu\u00e9s, los cu\u00e1ndos, los qui\u00e9nes y los c\u00f3mos. 100 ni\u00f1os y ni\u00f1as junto a sus maestros part\u00edan en un barco rumbo a la URSS en busca de una nueva vida. \u201cFuimos refugiados en Am\u00e9rica y en Europa. Pa\u00edses como M\u00e9xico o la URSS nos dieron la oportunidad de vivir una segunda vida. Hoy en d\u00eda, vivimos en una sociedad desmemoriada, en una Europa que recibe a refugiados trat\u00e1ndolos como animales, con vallas, militares, concertinas\u2026 Hace 78 a\u00f1os otros pa\u00edses fueron generosos con nosotros y nos dieron todo, incluso lo que no ten\u00edan\u201d afirm\u00f3 Manuel Villar, Presidente de la Asociaci\u00f3n L\u00e1zaro C\u00e1rdenas que quiso poner en valor a todos aquellos que acogieron a los refugiados de la Guerra Civil con los brazos abiertos como una clara muestra de lo que es la solidaridad internacionalista.<\/div>\n<div><\/div>\n<div>Las breves intervenciones posteriores, quisieron alabar y poner en valor la valent\u00eda y el compromiso de quienes se vieron obligados a marchar y de qui\u00e9nes les acogieron. Desde el Ateneo Obrero de Gij\u00f3n se quiso hacer referencia a la reciprocidad entre quienes nada ten\u00edan pero todo compart\u00edan. Por su parte la Asociaci\u00f3n Cultural Gijonesa reafirmar\u00eda la cr\u00edtica a los gobiernos traidores de Europa que dejan a su suerte a los refugiados, mientras que desde Soldepaz Pachakuti se quiso recordar a los 43 j\u00f3venes estudiantes de Ayotzinapa y agradecer a M\u00e9xico su solidaridad con los espa\u00f1oles que tambi\u00e9n fueron acogidos en el pa\u00eds. Desde Asturias Laica y El Comit\u00e9 de solidaridad con la Causa \u00c1rabe se enviar\u00eda un fraternal abrazo a los compa\u00f1eros y camaradas all\u00ed presentes, ejemplo vivo de solidaridad y resistencia.<\/div>\n<div><\/div>\n<div>Finalmente, llegar\u00eda el momento m\u00e1s emotivo. En representaci\u00f3n de los ni\u00f1os y ni\u00f1as de la guerra, recitar\u00eda un poema la nonagenaria presidenta de la Asociaci\u00f3n asturiana de ni\u00f1os y ni\u00f1as de la guerra, Araceli Ortiz que quiso celebrar la llegada a Leningrado que les recibi\u00f3 hace 78 a\u00f1os con los brazos abiertos y exhort\u00f3 a los presentes a ser solidarios y luchar contra las injusticias justo antes de que sonaran los himnos de la Rep\u00fablica Espa\u00f1ola y de la Uni\u00f3n Sovi\u00e9tica mientras los ahora ya no tan ni\u00f1os y ni\u00f1as se fund\u00edan en un abrazo junto a la estatua que recuerda su partida.<\/div>\n<div><\/div>\n<div><b>David Santirso Ruiz | Mundo Obrero<\/b><\/div>\n<div><\/div>\n<div>Fuente:\u00a0<a href=\"http:\/\/www.mundoobrero.es\/pl.php?id=5129\" target=\"_blank\">www.mundoobrero.es<\/a><\/div>\n","protected":false},"excerpt":{"rendered":"<p>Araceli Ruiz, Presidenta de la Asociaci\u00f3n Asturiana de Ni\u00f1os de la Guerra: \u201cYo tambi\u00e9n fui&#8230;<\/p>\n","protected":false},"author":1,"featured_media":3780,"comment_status":"closed","ping_status":"closed","sticky":false,"template":"","format":"standard","meta":{"_coblocks_attr":"","_coblocks_dimensions":"","_coblocks_responsive_height":"","_coblocks_accordion_ie_support":"","jetpack_post_was_ever_published":false,"_jetpack_newsletter_access":"","_jetpack_dont_email_post_to_subs":false,"_jetpack_newsletter_tier_id":0,"_jetpack_memberships_contains_paywalled_content":false,"_jetpack_memberships_contains_paid_content":false,"footnotes":"","jetpack_publicize_message":"","jetpack_publicize_feature_enabled":true,"jetpack_social_post_already_shared":false,"jetpack_social_options":{"image_generator_settings":{"template":"highway","default_image_id":0,"enabled":false},"version":2}},"categories":[1161,15],"tags":[1363,254,1364,679],"class_list":["post-3779","post","type-post","status-publish","format-standard","has-post-thumbnail","hentry","category-ciudadania","category-ultimas-noticias","tag-espanoles","tag-guerra","tag-ninos","tag-refugiados"],"jetpack_publicize_connections":[],"jetpack_featured_media_url":"https:\/\/i0.wp.com\/miradordeatarfe.es\/wp-content\/uploads\/2015\/09\/ni_os_exiliados.jpg?fit=584%2C361&ssl=1","jetpack_likes_enabled":true,"jetpack_sharing_enabled":true,"_links":{"self":[{"href":"https:\/\/miradordeatarfe.es\/index.php?rest_route=\/wp\/v2\/posts\/3779","targetHints":{"allow":["GET"]}}],"collection":[{"href":"https:\/\/miradordeatarfe.es\/index.php?rest_route=\/wp\/v2\/posts"}],"about":[{"href":"https:\/\/miradordeatarfe.es\/index.php?rest_route=\/wp\/v2\/types\/post"}],"author":[{"embeddable":true,"href":"https:\/\/miradordeatarfe.es\/index.php?rest_route=\/wp\/v2\/users\/1"}],"replies":[{"embeddable":true,"href":"https:\/\/miradordeatarfe.es\/index.php?rest_route=%2Fwp%2Fv2%2Fcomments&post=3779"}],"version-history":[{"count":1,"href":"https:\/\/miradordeatarfe.es\/index.php?rest_route=\/wp\/v2\/posts\/3779\/revisions"}],"predecessor-version":[{"id":3781,"href":"https:\/\/miradordeatarfe.es\/index.php?rest_route=\/wp\/v2\/posts\/3779\/revisions\/3781"}],"wp:featuredmedia":[{"embeddable":true,"href":"https:\/\/miradordeatarfe.es\/index.php?rest_route=\/wp\/v2\/media\/3780"}],"wp:attachment":[{"href":"https:\/\/miradordeatarfe.es\/index.php?rest_route=%2Fwp%2Fv2%2Fmedia&parent=3779"}],"wp:term":[{"taxonomy":"category","embeddable":true,"href":"https:\/\/miradordeatarfe.es\/index.php?rest_route=%2Fwp%2Fv2%2Fcategories&post=3779"},{"taxonomy":"post_tag","embeddable":true,"href":"https:\/\/miradordeatarfe.es\/index.php?rest_route=%2Fwp%2Fv2%2Ftags&post=3779"}],"curies":[{"name":"wp","href":"https:\/\/api.w.org\/{rel}","templated":true}]}}