{"id":3795,"date":"2015-10-13T06:32:06","date_gmt":"2015-10-13T06:32:06","guid":{"rendered":"http:\/\/miradordeatarfe.es\/?p=3795"},"modified":"2015-10-07T08:59:55","modified_gmt":"2015-10-07T08:59:55","slug":"la-cadena-del-frio","status":"publish","type":"post","link":"https:\/\/miradordeatarfe.es\/?p=3795","title":{"rendered":"La Cadena del fr\u00edo"},"content":{"rendered":"<p>Romper la cadena del fr\u00edo de los alimentos refrigerados y congelados acorta su fecha de caducidad y pasa factura a su calidad\u2026 y tambi\u00e9n a tu seguridad. Revisamos las temperaturas de congelados y refrigerados en 63 supermercados e hipermercados de 6 ciudades: deben mejorar, y tambi\u00e9n es cosa tuya.<!--more--><\/p>\n<p>No rompas la cadena del fr\u00edo de los alimentos.Romper la cadena del fr\u00edo de los alimentos refrigerados y congelados\u00a0acorta su fecha de caducidad y pasa factura a su calidad\u2026 y tambi\u00e9n a tu seguridad. Revisamos las temperaturas de congelados y refrigerados en 63 supermercados e hipermercados de 6 ciudades: deben mejorar, y tambi\u00e9n es cosa tuya.<\/p>\n<p>Los\u00a0productos refrigerados\u00a0deben mantenerse fr\u00edos, pero en la actualidad no hay ninguna normativa que establezca los l\u00edmites de temperatura. Lo que est\u00e1 claro es <strong>que por encima de los 7 \u00b0C empiezan los problemas,<\/strong> pues los microorganismos que viven en los alimentos se multiplican m\u00e1s de la cuenta y pueden deteriorarlos o, como ocurre con los pat\u00f3genos, llegar a causar <strong>graves intoxicaciones.<\/strong><\/p>\n<p>En el caso de los\u00a0congelados, el riesgo no son los microorganismos sino la textura. Cuando suben las temperaturas los cristales de hielo crecen o se reagrupan y da\u00f1an las c\u00e9lulas. Al final <strong>la textura resulta m\u00e1s estropajosa.<\/strong><\/p>\n<h3>Los refrigerados est\u00e1n regular conservados<\/h3>\n<p>Term\u00f3metro en mano, revisamos si los alimentos se encuentran a la temperatura correcta en las c\u00e1maras de fr\u00edo y congelados \u00a0de los s\u00faper e hipermercados. Visitamos\u00a063 establecimientos de 6 ciudades.<\/p>\n<ul>\n<li>La situaci\u00f3n entre los refrigerados es muy mejorable: siguen siendo mayor\u00eda las c\u00e1maras abiertas, sin puertas, donde la temperatura se dispara.<\/li>\n<li>Los embutidos no deber\u00edan superar los 6 \u00b0C, pero en las c\u00e1maras sin puertas lo hacen.<\/li>\n<li>En los congelados hay menos problemas.<\/li>\n<\/ul>\n<h3>Mejor que hace 4 a\u00f1os<\/h3>\n<p>No es la primera vez que hacemos este estudio: ya en 2011 en OCU hicimos un estudio similar. En general, los resultados son bastante mejores que entonces: solo en Mercadona y Eroski bajan la nota ligeramente, pero hay que destacar la mejora de Alcampo, Hipercor y Carrefour.<\/p>\n<p>En la actualidad, <strong>Hipercor<\/strong>\u00a0ha sido la cadena con mejores resultados (69 sobre 100). A continuaci\u00f3n le siguen <strong>Alcampo<\/strong> (61\/100), <strong>Carrefour<\/strong> (57\/100),<strong> Dia<\/strong> (56\/100), <strong>Mercadona <\/strong>(53\/100), <strong>El Corte Ingl\u00e9s<\/strong> (50\/100) y, en \u00faltimo lugar, <strong>Eroski<\/strong> (44\/100).<\/p>\n<h3>Deprisa deprisa<\/h3>\n<p>La cadena del fr\u00edo no debe romperse. Y el consumidor tambi\u00e9n tiene un papel en esto: despu\u00e9s de hacer la compra,\u00a0<strong>aseg\u00farate de que llevas los congelados de manera correcta:<\/strong><\/p>\n<ul>\n<li><strong>Coge los alimentos refrigerados y congelados en \u00faltimo lugar,<\/strong> cuando hayas acabado el recorrido por las distintas secciones y ya vayas hacia las cajas: as\u00ed acortar\u00e1s el tiempo que van a pasar fuera de la nevera.<\/li>\n<li>Si es posible,\u00a0escoge los productos que est\u00e9n <strong>m\u00e1s al fondo de la c\u00e1mara.<\/strong> No cojas congelados que est\u00e9n colocados por encima de la l\u00ednea del expositor. Por supuesto, no olvides mirar la fecha de caducidad.<\/li>\n<li>Descarta los productos que tengan escarcha\u00a0o se presenten apelmazados: es se\u00f1al de que no han mantenido la temperatura adecuada.<\/li>\n<li>Lo mejor para el transporte es meterlos en una bolsa con una fuente de fr\u00edo dentro (un acumulador o hielo).<\/li>\n<li>Evita entretenerte\u00a0en el camino de vuelta y m\u00e9telos deprisa en la nevera o congelador.<\/li>\n<\/ul>\n<p>publicado en :<a href=\"http:\/\/nlnmocu.ocu.org\/septiembre-2015\/\"> http:\/\/nlnmocu.ocu.org\/septiembre-2015\/<\/a><\/p>\n","protected":false},"excerpt":{"rendered":"<p>Romper la cadena del fr\u00edo de los alimentos refrigerados y congelados acorta su fecha de&#8230;<\/p>\n","protected":false},"author":1,"featured_media":3796,"comment_status":"closed","ping_status":"closed","sticky":false,"template":"","format":"standard","meta":{"_coblocks_attr":"","_coblocks_dimensions":"","_coblocks_responsive_height":"","_coblocks_accordion_ie_support":"","jetpack_post_was_ever_published":false,"_jetpack_newsletter_access":"","_jetpack_dont_email_post_to_subs":false,"_jetpack_newsletter_tier_id":0,"_jetpack_memberships_contains_paywalled_content":false,"_jetpack_memberships_contains_paid_content":false,"footnotes":"","jetpack_publicize_message":"","jetpack_publicize_feature_enabled":true,"jetpack_social_post_already_shared":false,"jetpack_social_options":{"image_generator_settings":{"template":"highway","default_image_id":0,"enabled":false},"version":2}},"categories":[15,10],"tags":[1371,1372,1373],"class_list":["post-3795","post","type-post","status-publish","format-standard","has-post-thumbnail","hentry","category-ultimas-noticias","category-salud","tag-cadena-de-frio","tag-refrigeracion","tag-supermercados"],"jetpack_publicize_connections":[],"jetpack_featured_media_url":"https:\/\/i0.wp.com\/miradordeatarfe.es\/wp-content\/uploads\/2015\/09\/frio.jpg?fit=303%2C166&ssl=1","jetpack_likes_enabled":true,"jetpack_sharing_enabled":true,"_links":{"self":[{"href":"https:\/\/miradordeatarfe.es\/index.php?rest_route=\/wp\/v2\/posts\/3795","targetHints":{"allow":["GET"]}}],"collection":[{"href":"https:\/\/miradordeatarfe.es\/index.php?rest_route=\/wp\/v2\/posts"}],"about":[{"href":"https:\/\/miradordeatarfe.es\/index.php?rest_route=\/wp\/v2\/types\/post"}],"author":[{"embeddable":true,"href":"https:\/\/miradordeatarfe.es\/index.php?rest_route=\/wp\/v2\/users\/1"}],"replies":[{"embeddable":true,"href":"https:\/\/miradordeatarfe.es\/index.php?rest_route=%2Fwp%2Fv2%2Fcomments&post=3795"}],"version-history":[{"count":1,"href":"https:\/\/miradordeatarfe.es\/index.php?rest_route=\/wp\/v2\/posts\/3795\/revisions"}],"predecessor-version":[{"id":3797,"href":"https:\/\/miradordeatarfe.es\/index.php?rest_route=\/wp\/v2\/posts\/3795\/revisions\/3797"}],"wp:featuredmedia":[{"embeddable":true,"href":"https:\/\/miradordeatarfe.es\/index.php?rest_route=\/wp\/v2\/media\/3796"}],"wp:attachment":[{"href":"https:\/\/miradordeatarfe.es\/index.php?rest_route=%2Fwp%2Fv2%2Fmedia&parent=3795"}],"wp:term":[{"taxonomy":"category","embeddable":true,"href":"https:\/\/miradordeatarfe.es\/index.php?rest_route=%2Fwp%2Fv2%2Fcategories&post=3795"},{"taxonomy":"post_tag","embeddable":true,"href":"https:\/\/miradordeatarfe.es\/index.php?rest_route=%2Fwp%2Fv2%2Ftags&post=3795"}],"curies":[{"name":"wp","href":"https:\/\/api.w.org\/{rel}","templated":true}]}}