{"id":38097,"date":"2020-03-14T08:48:36","date_gmt":"2020-03-14T07:48:36","guid":{"rendered":"http:\/\/miradordeatarfe.es\/?p=38097"},"modified":"2020-03-11T23:09:49","modified_gmt":"2020-03-11T22:09:49","slug":"la-gente-que-ayuda-a-las-personas-refugiadas-y-migrantes-se-expone-a-la-carcel-y-el-hostigamiento-en-europa","status":"publish","type":"post","link":"https:\/\/miradordeatarfe.es\/?p=38097","title":{"rendered":"La gente que ayuda a las personas refugiadas y migrantes se expone a la c\u00e1rcel y el hostigamiento en Europa"},"content":{"rendered":"<h4 style=\"text-align: justify;\">En toda Europa se est\u00e1 procesando y hostigando a gente por actos de solidaridad con personas refugiadas, solicitantes de asilo y migrantes como proporcionar ropa de abrigo, ofrecer refugio y salvar vidas en el mar, ha manifestado Amnist\u00eda Internacional hoy.<\/h4>\n<p style=\"text-align: justify;\">En un nuevo informe titulado Punishing compassion: solidarity on trial in Fortress Europe (\u201cCastigo a la compasi\u00f3n: la solidaridad a juicio en la Fortaleza Europa\u201d), la organizaci\u00f3n documenta c\u00f3mo la polic\u00eda y las fiscal\u00edas hacen uso indebido de leyes contra el contrabando y medidas antiterroristas de por s\u00ed deficientes contra defensores y defensoras de los derechos humanos que ayudan a las personas refugiadas, solicitantes de asilo y migrantes.<\/p>\n<p style=\"text-align: justify;\">\u201cLa creciente atenci\u00f3n que se presta a la limitaci\u00f3n y disuasi\u00f3n de las llegadas a Europa ha supuesto que hacer que las personas refugiadas y migrantes se sientan a salvo y bien acogidas se considere una amenaza\u201d, ha manifestado Elisa De Pieri, investigadora regional de Amnist\u00eda Internacional.<\/p>\n<figure class=\"wp-block-image size-large\" style=\"text-align: justify;\"><img loading=\"lazy\" decoding=\"async\" class=\"td-animation-stack-type0-2\" src=\"https:\/\/i1.wp.com\/66.media.tumblr.com\/c28cdd2f469404290258d5e0811a96a0\/8e7b0e9dfcc8a4dd-01\/s1280x1920\/54cbfa06c8d11c431c4cb544db8d3182721da543.jpg?w=640&amp;ssl=1\" alt=\"\" width=\"640\" height=\"456\" \/><\/figure>\n<p style=\"text-align: justify;\">\u201cLa falta de medidas de los Estados europeos para atender las necesidades b\u00e1sicas de las tales personas ha supuesto que a menudo la prestaci\u00f3n de apoyo y servicios esenciales se deje en manos de gente corriente. Al castigar a quienes se ofrecen a paliar la carencias existentes, los gobiernos europeos hacen que las personas en movimiento corran mayor peligro a\u00fan.\u201d<\/p>\n<p style=\"text-align: justify;\">En el informe se examinan casos de defensores y defensoras de los derechos humanos contra quienes, entre 2017 y 2019, se presentaron cargos falsos en Croacia, Espa\u00f1a, Francia, Grecia, Italia, Suiza y Reino Unido. Se muestra en \u00e9l c\u00f3mo se est\u00e1n utilizando injustamente recursos judiciales y policiales, as\u00ed como leyes promulgadas para procesar a redes delictivas de contrabando, contra quienes ayudan a las personas refugiadas, migrantes y solicitantes de asilo.<\/p>\n<blockquote class=\"wp-embedded-content\" data-secret=\"eylFLnzNMt\"><p><a href=\"https:\/\/contrainformacion.es\/la-gente-que-ayuda-a-las-personas-refugiadas-y-migrantes-se-expone-a-la-carcel-y-el-hostigamiento-en-europa\/\">La gente que ayuda a las personas refugiadas y migrantes se expone a la c\u00e1rcel y el hostigamiento en Europa<\/a><\/p><\/blockquote>\n<p><iframe loading=\"lazy\" class=\"wp-embedded-content\" sandbox=\"allow-scripts\" security=\"restricted\" style=\"position: absolute; visibility: hidden;\" title=\"\u00abLa gente que ayuda a las personas refugiadas y migrantes se expone a la c\u00e1rcel y el hostigamiento en Europa\u00bb \u2014 Contrainformaci\u00f3n\" src=\"https:\/\/contrainformacion.es\/la-gente-que-ayuda-a-las-personas-refugiadas-y-migrantes-se-expone-a-la-carcel-y-el-hostigamiento-en-europa\/embed\/#?secret=94vd2GRvbJ#?secret=eylFLnzNMt\" data-secret=\"eylFLnzNMt\" width=\"600\" height=\"338\" frameborder=\"0\" marginwidth=\"0\" marginheight=\"0\" scrolling=\"no\"><\/iframe><\/p>\n<p>FOTO: LA SEXTA<\/p>\n","protected":false},"excerpt":{"rendered":"<p>En toda Europa se est\u00e1 procesando y hostigando a gente por actos de solidaridad con&#8230;<\/p>\n","protected":false},"author":1,"featured_media":38098,"comment_status":"closed","ping_status":"closed","sticky":false,"template":"","format":"standard","meta":{"_coblocks_attr":"","_coblocks_dimensions":"","_coblocks_responsive_height":"","_coblocks_accordion_ie_support":"","jetpack_post_was_ever_published":false,"_jetpack_newsletter_access":"","_jetpack_dont_email_post_to_subs":false,"_jetpack_newsletter_tier_id":0,"_jetpack_memberships_contains_paywalled_content":false,"_jetpack_memberships_contains_paid_content":false,"footnotes":"","jetpack_publicize_message":"","jetpack_publicize_feature_enabled":true,"jetpack_social_post_already_shared":false,"jetpack_social_options":{"image_generator_settings":{"template":"highway","default_image_id":0,"enabled":false},"version":2}},"categories":[1161,44,6937,15],"tags":[2680],"class_list":["post-38097","post","type-post","status-publish","format-standard","has-post-thumbnail","hentry","category-ciudadania","category-noticias-de-hoy","category-sociedad","category-ultimas-noticias","tag-refugiadas"],"jetpack_publicize_connections":[],"jetpack_featured_media_url":"https:\/\/i0.wp.com\/miradordeatarfe.es\/wp-content\/uploads\/2020\/03\/58.jpg?fit=1000%2C567&ssl=1","jetpack_likes_enabled":true,"jetpack_sharing_enabled":true,"_links":{"self":[{"href":"https:\/\/miradordeatarfe.es\/index.php?rest_route=\/wp\/v2\/posts\/38097","targetHints":{"allow":["GET"]}}],"collection":[{"href":"https:\/\/miradordeatarfe.es\/index.php?rest_route=\/wp\/v2\/posts"}],"about":[{"href":"https:\/\/miradordeatarfe.es\/index.php?rest_route=\/wp\/v2\/types\/post"}],"author":[{"embeddable":true,"href":"https:\/\/miradordeatarfe.es\/index.php?rest_route=\/wp\/v2\/users\/1"}],"replies":[{"embeddable":true,"href":"https:\/\/miradordeatarfe.es\/index.php?rest_route=%2Fwp%2Fv2%2Fcomments&post=38097"}],"version-history":[{"count":2,"href":"https:\/\/miradordeatarfe.es\/index.php?rest_route=\/wp\/v2\/posts\/38097\/revisions"}],"predecessor-version":[{"id":38100,"href":"https:\/\/miradordeatarfe.es\/index.php?rest_route=\/wp\/v2\/posts\/38097\/revisions\/38100"}],"wp:featuredmedia":[{"embeddable":true,"href":"https:\/\/miradordeatarfe.es\/index.php?rest_route=\/wp\/v2\/media\/38098"}],"wp:attachment":[{"href":"https:\/\/miradordeatarfe.es\/index.php?rest_route=%2Fwp%2Fv2%2Fmedia&parent=38097"}],"wp:term":[{"taxonomy":"category","embeddable":true,"href":"https:\/\/miradordeatarfe.es\/index.php?rest_route=%2Fwp%2Fv2%2Fcategories&post=38097"},{"taxonomy":"post_tag","embeddable":true,"href":"https:\/\/miradordeatarfe.es\/index.php?rest_route=%2Fwp%2Fv2%2Ftags&post=38097"}],"curies":[{"name":"wp","href":"https:\/\/api.w.org\/{rel}","templated":true}]}}