{"id":3816,"date":"2015-09-30T08:20:25","date_gmt":"2015-09-30T08:20:25","guid":{"rendered":"http:\/\/miradordeatarfe.es\/?p=3816"},"modified":"2015-10-01T06:58:17","modified_gmt":"2015-10-01T06:58:17","slug":"charla-para-garantizar-la-seguridad-de-nuestros-mayores","status":"publish","type":"post","link":"https:\/\/miradordeatarfe.es\/?p=3816","title":{"rendered":"HOY EN ATARFE: Charla para garantizar la seguridad de nuestros mayores"},"content":{"rendered":"<p><span class=\"contenidos_subtitulo\">La Guardia Civil ofrece HOY mi\u00e9rcoles una charla para informar de las pautas que deben seguir la poblaci\u00f3n mayor para evitar ser v\u00edctimas de actos delictivos.<\/span><br \/>\n<!--more--><\/p>\n<div>El Centro Cultural Medina Elvira acoge este mi\u00e9rcoles, 30 de septiembre, la charla informativa de la Guardia Civil para salvaguardar la seguridad de los personas mayores del municipio.<\/div>\n<div><\/div>\n<div>El <strong>Plan Mayor Seguridad de la Guardia Civil<\/strong>\u00a0tiene como principal objetivo facilitar a las personas mayores pautas de conducta para la prevenci\u00f3n de actos delictivos. La charla tiene lugar el mi\u00e9rcoles a las 18 horas, se dirige a la poblaci\u00f3n mayor y ser\u00e1 impartida por el alf\u00e9rez comandante del puesto de la Guardia Civil de Atarfe, <strong>Antonio Ram\u00edrez<\/strong>, y<\/div>\n<div>por el sargento responsable del Plan Mayor), <strong>Lucas Barrientos<\/strong>.<\/div>\n<div><\/div>\n<div>Desde la Concejal\u00eda de Bienestar Social del Ayuntamiento de Atarfe se hace un llamamiento a todos los mayores del municipio a que acudan a la conferencia donde se dar\u00e1n consejos para adoptar precauciones en la v\u00eda p\u00fablica, el domicilio, internet, cuando se emprendan viajes o en tr\u00e1mites en entidades financieras.<\/div>\n<div><\/div>\n","protected":false},"excerpt":{"rendered":"<p>La Guardia Civil ofrece HOY mi\u00e9rcoles una charla para informar de las pautas que deben&#8230;<\/p>\n","protected":false},"author":1,"featured_media":3817,"comment_status":"closed","ping_status":"closed","sticky":false,"template":"","format":"standard","meta":{"_coblocks_attr":"","_coblocks_dimensions":"","_coblocks_responsive_height":"","_coblocks_accordion_ie_support":"","jetpack_post_was_ever_published":false,"_jetpack_newsletter_access":"","_jetpack_dont_email_post_to_subs":false,"_jetpack_newsletter_tier_id":0,"_jetpack_memberships_contains_paywalled_content":false,"_jetpack_memberships_contains_paid_content":false,"footnotes":"","jetpack_publicize_message":"","jetpack_publicize_feature_enabled":true,"jetpack_social_post_already_shared":false,"jetpack_social_options":{"image_generator_settings":{"template":"highway","default_image_id":0,"enabled":false},"version":2}},"categories":[2,15],"tags":[1384,1383,1382],"class_list":["post-3816","post","type-post","status-publish","format-standard","has-post-thumbnail","hentry","category-atarfe","category-ultimas-noticias","tag-guardia-civil","tag-jubilados","tag-mayores"],"jetpack_publicize_connections":[],"jetpack_featured_media_url":"https:\/\/i0.wp.com\/miradordeatarfe.es\/wp-content\/uploads\/2015\/09\/JUBI.jpg?fit=271%2C186&ssl=1","jetpack_likes_enabled":true,"jetpack_sharing_enabled":true,"_links":{"self":[{"href":"https:\/\/miradordeatarfe.es\/index.php?rest_route=\/wp\/v2\/posts\/3816","targetHints":{"allow":["GET"]}}],"collection":[{"href":"https:\/\/miradordeatarfe.es\/index.php?rest_route=\/wp\/v2\/posts"}],"about":[{"href":"https:\/\/miradordeatarfe.es\/index.php?rest_route=\/wp\/v2\/types\/post"}],"author":[{"embeddable":true,"href":"https:\/\/miradordeatarfe.es\/index.php?rest_route=\/wp\/v2\/users\/1"}],"replies":[{"embeddable":true,"href":"https:\/\/miradordeatarfe.es\/index.php?rest_route=%2Fwp%2Fv2%2Fcomments&post=3816"}],"version-history":[{"count":2,"href":"https:\/\/miradordeatarfe.es\/index.php?rest_route=\/wp\/v2\/posts\/3816\/revisions"}],"predecessor-version":[{"id":3819,"href":"https:\/\/miradordeatarfe.es\/index.php?rest_route=\/wp\/v2\/posts\/3816\/revisions\/3819"}],"wp:featuredmedia":[{"embeddable":true,"href":"https:\/\/miradordeatarfe.es\/index.php?rest_route=\/wp\/v2\/media\/3817"}],"wp:attachment":[{"href":"https:\/\/miradordeatarfe.es\/index.php?rest_route=%2Fwp%2Fv2%2Fmedia&parent=3816"}],"wp:term":[{"taxonomy":"category","embeddable":true,"href":"https:\/\/miradordeatarfe.es\/index.php?rest_route=%2Fwp%2Fv2%2Fcategories&post=3816"},{"taxonomy":"post_tag","embeddable":true,"href":"https:\/\/miradordeatarfe.es\/index.php?rest_route=%2Fwp%2Fv2%2Ftags&post=3816"}],"curies":[{"name":"wp","href":"https:\/\/api.w.org\/{rel}","templated":true}]}}