{"id":3820,"date":"2015-10-07T07:39:55","date_gmt":"2015-10-07T05:39:55","guid":{"rendered":"http:\/\/miradordeatarfe.es\/?p=3820"},"modified":"2020-06-26T13:07:10","modified_gmt":"2020-06-26T11:07:10","slug":"primer-ayuntamiento-democratico-de-atarfe-por-jose-enrique-granados","status":"publish","type":"post","link":"https:\/\/miradordeatarfe.es\/?p=3820","title":{"rendered":"PRIMER AYUNTAMIENTO DEMOCR\u00c1TICO DE ATARFE. Por Jos\u00e9 Enrique Granados"},"content":{"rendered":"<p style=\"text-align: justify;\">La gacetilla de hoy recoge la noticia de <strong>abril de 1979<\/strong>, de la elecci\u00f3n del alcalde y constituci\u00f3n del primer ayuntamiento democr\u00e1tico de nuestro pueblo, tras la muerte del dictador. La cr\u00f3nica la firmaba Paco Rami\u00f3n y las fotograf\u00edas Recio. Jos\u00e9 Evaristo Lucena Aguilera, elegido alcalde.<!--more--><\/p>\n<p style=\"text-align: justify;\">Atarfe (de nuestro corresponsal Francisco Rami\u00f3n). En el sal\u00f3n de actos del ayuntamiento de Atarfe y con el local totalmente abarrotado de p\u00fablico con m\u00e1s de dos mil personas asistentes en la<span class=\"text_exposed_show\"> plaza del Ayuntamiento, y que siguieron las incidencias del mismo por medio de altavoces, se celebr\u00f3 el pasado d\u00eda 19 y a las ocho de la tarde, el acto de investidura y proclamaci\u00f3n de alcalde a favor de Jos\u00e9 Evaristo Lucena Aguilera, cabeza de lista de las pasadas elecciones municipales por el PCE.<\/span><\/p>\n<div class=\"text_exposed_show\">\n<p style=\"text-align: justify;\">La mesa fue constituida por el concejal de mayor edad, Gumersindo Fern\u00e1ndez Povedano y por el de menor edad, V\u00edctor S\u00e1nchez Mart\u00ednez; se abri\u00f3 la sesi\u00f3n por el secretario, don Francisco Mancilla Ruiz, dando a conocer los nombres de los trece concejales electos por orden de candidatura, los que fueron ocupando sus asientos en la presidencia. Como no hubo necesidad de votaci\u00f3n, ya que por aclamaci\u00f3n fue elegido alcalde el se\u00f1or Lucena, el secretario de dicho ayuntamiento dio a conocer la nueva Corporaci\u00f3n compuesta por Jos\u00e9 Evaristo Lucena Aguilera, alcalde; como primer teniente de alcalde, Manuel Navarro Lamolda; tenientes de alcalde, Jos\u00e9 Rivera Terriente, Jos\u00e9 Zaragoza L\u00f3pez, Juan Arrabal T\u00e9llez, Antonio Castro L\u00f3pez, Antonio Jim\u00e9nez Lorite, Jos\u00e9 Rom\u00e1n Garc\u00eda, Gumersindo Fern\u00e1ndez Povedano, Miguel Rivera Ram\u00edrez, Jos\u00e9 Castro Jim\u00e9nez, Jos\u00e9 Rodr\u00edguez Jim\u00e9nez y V\u00edctor S\u00e1nchez Mart\u00ednez. Despu\u00e9s dio a conocer los nombres de la Comisi\u00f3n permanente que recayeron en dos del PCE, uno del PSOE y uno de la UCD. Jos\u00e9 Rivera Terriente y Jos\u00e9 Zaragoza L\u00f3pez del PCE; Manuel Navarro Lamolda del PSOE y Juan Arrabal T\u00e9llez de la UCD.<\/p>\n<p style=\"text-align: justify;\"><a href=\"https:\/\/i0.wp.com\/miradordeatarfe.es\/wp-content\/uploads\/2015\/09\/12042603_893425237410159_2296187129161847043_n.jpg?ssl=1\"><img data-recalc-dims=\"1\" loading=\"lazy\" decoding=\"async\" class=\"alignnone size-full wp-image-3821\" src=\"https:\/\/i0.wp.com\/miradordeatarfe.es\/wp-content\/uploads\/2015\/09\/12042603_893425237410159_2296187129161847043_n.jpg?resize=253%2C406&#038;ssl=1\" alt=\"12042603_893425237410159_2296187129161847043_n\" width=\"253\" height=\"406\" srcset=\"https:\/\/i0.wp.com\/miradordeatarfe.es\/wp-content\/uploads\/2015\/09\/12042603_893425237410159_2296187129161847043_n.jpg?w=253&amp;ssl=1 253w, https:\/\/i0.wp.com\/miradordeatarfe.es\/wp-content\/uploads\/2015\/09\/12042603_893425237410159_2296187129161847043_n.jpg?resize=187%2C300&amp;ssl=1 187w\" sizes=\"auto, (max-width: 253px) 100vw, 253px\" \/><\/a><\/p>\n<p style=\"text-align: justify;\">Acto seguido el secretario dio lectura al patrimonio e inventario. Despu\u00e9s ante la multitud que esperaban en la plaza del Ayuntamiento, el primer teniente alcalde, desde el balc\u00f3n central, se dirigi\u00f3 al pueblo para hacer la presentaci\u00f3n del nuevo alcalde de esta localidad y del primer Ayuntamiento democr\u00e1tico. Al hacer la aparici\u00f3n en el balc\u00f3n el se\u00f1or Lucena, fue recibido por el pueblo atarfe\u00f1o con una ovaci\u00f3n cerrada y largu\u00edsima como jam\u00e1s se hab\u00eda presenciado, durante el tiempo que se estuvo dirigi\u00e9ndose al pueblo fue interrumpido en varias ocasiones, y la ovaci\u00f3n m\u00e1s larga fue cuando para finalizar, grit\u00f3 viva Andaluc\u00eda, viva Atarfe y un viva muy fuerte para Espa\u00f1a.<\/p>\n<p style=\"text-align: justify;\">Curiosidades elvirenses<\/p>\n<p>GACETILLA\u00a0 Y CURIOSIDADES ELVIRENSES:\u00a0 <a href=\"https:\/\/www.facebook.com\/permalink.php?story_fbid=893425287410154&amp;id=732817910137560\">https:\/\/www.facebook.com\/permalink.php?story_fbid=893425287410154&amp;id=732817910137560<\/a><\/p>\n<\/div>\n","protected":false},"excerpt":{"rendered":"<p>La gacetilla de hoy recoge la noticia de abril de 1979, de la elecci\u00f3n del&#8230;<\/p>\n","protected":false},"author":1,"featured_media":3822,"comment_status":"closed","ping_status":"closed","sticky":false,"template":"","format":"standard","meta":{"_coblocks_attr":"","_coblocks_dimensions":"","_coblocks_responsive_height":"","_coblocks_accordion_ie_support":"","jetpack_post_was_ever_published":false,"_jetpack_newsletter_access":"","_jetpack_dont_email_post_to_subs":false,"_jetpack_newsletter_tier_id":0,"_jetpack_memberships_contains_paywalled_content":false,"_jetpack_memberships_contains_paid_content":false,"footnotes":"","jetpack_publicize_message":"","jetpack_publicize_feature_enabled":true,"jetpack_social_post_already_shared":false,"jetpack_social_options":{"image_generator_settings":{"template":"highway","default_image_id":0,"enabled":false},"version":2}},"categories":[2,1225,38,15],"tags":[898,864,104],"class_list":["post-3820","post","type-post","status-publish","format-standard","has-post-thumbnail","hentry","category-atarfe","category-ha-de-atarfe","category-opinion-de-jose-enrique-granados","category-ultimas-noticias","tag-alcalde","tag-ayuntamiento","tag-democracia"],"jetpack_publicize_connections":[],"jetpack_featured_media_url":"https:\/\/i0.wp.com\/miradordeatarfe.es\/wp-content\/uploads\/2015\/09\/12031632_893425140743502_2001328331193236089_o.jpg?fit=1302%2C446&ssl=1","jetpack_likes_enabled":true,"jetpack_sharing_enabled":true,"_links":{"self":[{"href":"https:\/\/miradordeatarfe.es\/index.php?rest_route=\/wp\/v2\/posts\/3820","targetHints":{"allow":["GET"]}}],"collection":[{"href":"https:\/\/miradordeatarfe.es\/index.php?rest_route=\/wp\/v2\/posts"}],"about":[{"href":"https:\/\/miradordeatarfe.es\/index.php?rest_route=\/wp\/v2\/types\/post"}],"author":[{"embeddable":true,"href":"https:\/\/miradordeatarfe.es\/index.php?rest_route=\/wp\/v2\/users\/1"}],"replies":[{"embeddable":true,"href":"https:\/\/miradordeatarfe.es\/index.php?rest_route=%2Fwp%2Fv2%2Fcomments&post=3820"}],"version-history":[{"count":3,"href":"https:\/\/miradordeatarfe.es\/index.php?rest_route=\/wp\/v2\/posts\/3820\/revisions"}],"predecessor-version":[{"id":3825,"href":"https:\/\/miradordeatarfe.es\/index.php?rest_route=\/wp\/v2\/posts\/3820\/revisions\/3825"}],"wp:featuredmedia":[{"embeddable":true,"href":"https:\/\/miradordeatarfe.es\/index.php?rest_route=\/wp\/v2\/media\/3822"}],"wp:attachment":[{"href":"https:\/\/miradordeatarfe.es\/index.php?rest_route=%2Fwp%2Fv2%2Fmedia&parent=3820"}],"wp:term":[{"taxonomy":"category","embeddable":true,"href":"https:\/\/miradordeatarfe.es\/index.php?rest_route=%2Fwp%2Fv2%2Fcategories&post=3820"},{"taxonomy":"post_tag","embeddable":true,"href":"https:\/\/miradordeatarfe.es\/index.php?rest_route=%2Fwp%2Fv2%2Ftags&post=3820"}],"curies":[{"name":"wp","href":"https:\/\/api.w.org\/{rel}","templated":true}]}}