{"id":38251,"date":"2020-03-25T09:35:19","date_gmt":"2020-03-25T08:35:19","guid":{"rendered":"http:\/\/miradordeatarfe.es\/?p=38251"},"modified":"2020-03-19T18:49:12","modified_gmt":"2020-03-19T17:49:12","slug":"la-onu-aplaza-a-final-de-ano-la-decision-sobre-el-uso-medicinal-del-cannabis-por-la-falta-de-acuerdo","status":"publish","type":"post","link":"https:\/\/miradordeatarfe.es\/?p=38251","title":{"rendered":"La ONU aplaza a final de a\u00f1o la decisi\u00f3n sobre el uso medicinal del cannabis por la falta de acuerdo"},"content":{"rendered":"<h3 id=\"m69-68-70\" style=\"text-align: justify;\">La presidencia del 63 periodo de sesiones del CND ha presentado una propuesta para que sea aprobada por el plenario reunido en Viena en la que insta a aplazar la votaci\u00f3n a fin de \u00abaclarar las repercusiones y consecuencias\u00bb de las recomendaciones de la OMS.<\/h3>\n<p id=\"m82-81-83\" class=\"pb-article-item-iteration\" style=\"text-align: justify;\">a falta de acuerdo entre los pa\u00edses miembros aboca a la Comisi\u00f3n de Estupefacientes de la ONU (CND) a un nuevo aplazamiento de su decisi\u00f3n sobre la propuesta de la Organizaci\u00f3n Mundial de la Salud (OMS) de rebajar la fiscalizaci\u00f3n internacional del cannabis para facilitar su uso medicinal. La presidencia del 63 periodo de sesiones del CND ha presentado una propuesta para que sea aprobada en la ma\u00f1ana de este mi\u00e9rcoles por el plenario reunido en Viena en la que insta a <b>aplazar la votaci\u00f3n<\/b> hasta el mes de diciembre a fin de \u00abaclarar las repercusiones y consecuencias\u00bb de las recomendaciones de la OMS.<\/p>\n<p id=\"m87-1-88\" class=\"pb-article-item-iteration\" style=\"text-align: justify;\">El mundo, por tanto, ha decidido <b>seguir sesteando con el cannabis<\/b>. \u00c9ste es el segundo aplazamiento de la votaci\u00f3n sobre la rebaja de la fiscalizaci\u00f3n internacional de una sustancia que la OMS recomienda suprimir de la Lista IV, donde se encuentran las consideradas m\u00e1s peligrosas, como la hero\u00edna, para dejarla \u00fanicamente en la Lista I, a la que se aplica un control m\u00e1s liviano que facilita el acceso para usos m\u00e9dicos, cient\u00edficos y farmacol\u00f3gicos como el que se aplica a la morfina. El a\u00f1o pasado, en el 62 periodo de sesiones, el CND decidi\u00f3 aplazarlo m\u00e1s o menos por el motivo que ahora aduce la presidencia para tomar el mismo acuerdo: <b>la necesidad de seguir estudiando los pros y los contras<\/b> de un paso crucial en el tratamiento legal de la marihuana en el mundo.<\/p>\n<p id=\"m92-2-93\" class=\"pb-article-item-iteration\" style=\"text-align: justify;\">Sin embargo, la excusa de la falta de tiempo era m\u00e1s comprensible en la sesi\u00f3n de marzo de 2019, puesto que entonces s\u00f3lo hab\u00edan transcurrido dos meses desde que la OMS hiciera su hist\u00f3rica recomendaci\u00f3n para suavizar la rigurosa fiscalizaci\u00f3n del cannabis implantada ya hace cerca de seis d\u00e9cadas. Durante el resto del a\u00f1o, varios pa\u00edses miembros de la CND mantuvieron, adem\u00e1s, un di\u00e1logo con la Organizaci\u00f3n Mundial de la Salud <b>intercambiando preguntas y respuestas<\/b> para aclarar las dudas que les segu\u00eda suscitando sus recomendaciones. Tiempo, por tanto, parece que han tenido suficiente para solventar todas las inquietudes.<\/p>\n<div class=\"relacionadas\" style=\"text-align: justify;\">\n<div class=\"related-module related-news-between-text\">\n<div class=\"related\">\n<div class=\"item-related-news-between-text\">\n<div class=\"img\"><a class=\"image page-item-link\" href=\"https:\/\/www.publico.es\/internacional\/marihuana-mapa-mundial-cannabis-paises-han-acometido-regulacion.html\"><img data-recalc-dims=\"1\" decoding=\"async\" src=\"https:\/\/i0.wp.com\/www.publico.es\/files\/module_small_modules_list_horizontal\/uploads\/2020\/02\/28\/5e5939b12f251.jpeg?w=640&#038;ssl=1\" alt=\"Mapa mundial del cannabis: \u00bfQu\u00e9 pa\u00edses han acometido ya su regulaci\u00f3n?\" \/><\/a><\/div>\n<div class=\"text\">\n<div class=\"title\">\u00a0<\/div>\n<\/div>\n<\/div>\n<\/div>\n<div>\u00a0<\/div>\n<\/div>\n<\/div>\n<p style=\"text-align: justify;\">Tras meses de debate continuado, el CND no ha avanzado un mil\u00edmetro, al menos en sus resoluciones oficiales<\/p>\n<p id=\"m102-4-103\" class=\"pb-article-item-iteration\" style=\"text-align: justify;\">Pero un a\u00f1o despu\u00e9s, y tras meses de debate continuado, el CND no ha avanzado un mil\u00edmetro, al menos en sus resoluciones oficiales. La propuesta que este mi\u00e9rcoles llevar\u00e1 la presidencia a la aprobaci\u00f3n de los 53 estados miembros con derecho a voto, entre ellos Espa\u00f1a, es celebrar la votaci\u00f3n sobre la rebaja de la fiscalizaci\u00f3n del cannabis en el mes de diciembre, cuando <b>terminar\u00e1 el 63 periodo de sesiones<\/b>, debido a la \u00abcomplejidad\u00bb del tema y con el fin de \u00abaclarar las repercusiones y consecuencias\u00bb de las recomendaciones de la OMS y el razonamiento en el que est\u00e1n fundamentadas. Todo ello con el objetivo, precisa, de \u00abpreservar la integralidad del sistema de fiscalizaci\u00f3n internacional de drogas\u00bb.<\/p>\n<p id=\"m107-5-108\" class=\"pb-article-item-iteration\" style=\"text-align: justify;\">\u00c9sa es la explicaci\u00f3n oficial, pero otras fuentes que est\u00e1n siguiendo el desarrollo del CND en Viena aseguran que la falta de acuerdo entre los pa\u00edses desde el comienzo de la sesi\u00f3n ha sido determinante para aplazar una vez m\u00e1s la decisi\u00f3n de este \u00f3rgano de la ONU sobre el futuro legal del cannabis. La posici\u00f3n contraria a cualquier tipo de rebaja fiscal de dos potencias como China y Rusia han podido <b>marcar las pautas de las negociaciones<\/b> entre los diferentes bloques geogr\u00e1ficos en los que se divide la Comisi\u00f3n. Y eso, a la postre, habr\u00eda acabado en la propuesta de resoluci\u00f3n de la presidencia como una forma de soluci\u00f3n intermedia entre las posturas prohibicionistas y las aperturistas para evitar un choque de trenes muy perjudicial para futuras decisiones de este \u00f3rgano de la ONU que basa en el consenso la mayor\u00eda de sus decisiones sobre la fiscalizaci\u00f3n de las drogas en el mundo.<\/p>\n<p id=\"m112-6-113\" class=\"pb-article-item-iteration\" style=\"text-align: justify;\">No ha sido posible conocer cu\u00e1l es la posici\u00f3n final de la Uni\u00f3n Europea en Viena, y por tanto la de Espa\u00f1a, puesto que el documento definitivo que aprob\u00f3 el Consejo de la UE el pasado mes de febrero ten\u00eda car\u00e1cter secreto. Previamente, la Comisi\u00f3n Europea hab\u00eda propuesto en diciembre que los 12 estados miembros con derecho a voto en la Comisi\u00f3n de Estupefacientes aprobasen retirar el cannabis de la Lista IV, pero que solicitasen un nuevo informe a la OMS para seguir analizando la conveniencia de dejar de considerar fiscalizable el cannabidiol (CBD), <b>componente utilizado en algunos f\u00e1rmacos<\/b>, o las tinturas y extractos.<\/p>\n<div class=\"relacionadas\" style=\"text-align: justify;\">\n<div class=\"related-module related-news-between-text\">\n<div class=\"related\">\n<div class=\"item-related-news-between-text\">\n<div class=\"img\"><a class=\"image page-item-link\" href=\"https:\/\/www.publico.es\/internacional\/marihuana-mundo-decide-semana-viena-avanza-regulacion-cannabis.html\"><img data-recalc-dims=\"1\" decoding=\"async\" src=\"https:\/\/i0.wp.com\/www.publico.es\/files\/module_small_modules_list_horizontal\/uploads\/2020\/02\/28\/5e59366f5d290.jpeg?w=640&#038;ssl=1\" alt=\"El mundo decide esta semana en Viena si avanza en la regulaci\u00f3n del cannabis\" \/><\/a><\/div>\n<\/div>\n<\/div>\n<div>\u00a0<\/div>\n<\/div>\n<\/div>\n<p id=\"m117-7-118\" class=\"pb-article-item-iteration\" style=\"text-align: justify;\">La \u00fanica organizaci\u00f3n no gubernamental espa\u00f1ola que ha participado con voz sobre este tema en las sesiones de la CND que comenzaron el pasado lunes, el Observatorio Europeo para el Consumo y Cultivo de Cannabis, ha denunciado en su intervenci\u00f3n que \u00abel fracaso de las pol\u00edticas prohibicionistas\u00bb, tras cerca de un siglo de fiscalizaci\u00f3n del cannabis sin un estudio cient\u00edfico que lo avale ni determine su peligrosidad, est\u00e1 afectando a los derechos humanos y a la salud de las personas, y por eso es absolutamente necesario hacer cambios tal como ha propuesto la OMS.<\/p>\n<p id=\"m122-8-123\" class=\"pb-article-item-iteration\" style=\"text-align: justify;\">A juicio de este grupo espa\u00f1ol de expertos, la decisi\u00f3n de aplazar nuevamente la decisi\u00f3n sobre la rebaja de la fiscalizaci\u00f3n no es del todo una mala noticia, por cuanto que el resultado de la votaci\u00f3n podr\u00eda haber sido muy negativo y, al menos, ahora permite <b>abrir un nuevo periodo para seguir avanzando<\/b> e intentar convencer a la comunidad internacional de los beneficios que aportan las recomendaciones de la OMS sobre la reclasificaci\u00f3n del cannabis.<\/p>\n<h2 id=\"m127-9-128\" class=\"highlighted\" style=\"text-align: justify;\">Menos asistencia por el coronavirus<\/h2>\n<p id=\"m132-10-133\" class=\"pb-article-item-iteration\" style=\"text-align: justify;\">A la 63 sesi\u00f3n, que concluye el pr\u00f3ximo viernes, asisten m\u00e1s de 1.100 personas, entre representantes de 131 pa\u00edses, 17 organizaciones intergubernamentales y 97 de organizaciones no gubernamentales y de la comunidad cient\u00edfica, una participaci\u00f3n menor de la esperada a causa de la incidencia mundial del coronavirus que motiv\u00f3 algunas cancelaciones, seg\u00fan ha se\u00f1alado la propia organizaci\u00f3n del CND en un comunicado.<\/p>\n<div class=\"relacionadas\" style=\"text-align: justify;\">\n<div class=\"related-module related-news-between-text\">\n<div class=\"related\">\n<div class=\"item-related-news-between-text\">\n<div class=\"img\"><a class=\"image page-item-link\" href=\"https:\/\/www.publico.es\/sociedad\/cannabis-juez-anula-multa-consumo-drogas-impuesta-ley-mordaza-pueblo-murcia.html\"><img data-recalc-dims=\"1\" decoding=\"async\" src=\"https:\/\/i0.wp.com\/www.publico.es\/files\/module_small_modules_list_horizontal\/uploads\/2020\/02\/26\/5e56c36c6453b.jpeg?w=640&#038;ssl=1\" alt=\"Un juez anula una multa por consumo de drogas impuesta por la Ley Mordaza en un pueblo de Murcia\" \/><\/a><\/div>\n<\/div>\n<\/div>\n<\/div>\n<\/div>\n<p id=\"m137-11-138\" class=\"pb-article-item-iteration\" style=\"text-align: justify;\">La Comisi\u00f3n de Estupefacientes forma parte del Consejo Econ\u00f3mico y Social de la ONU, que es el \u00f3rgano que se encarga de elegir a sus 53 estados miembros. Peri\u00f3dicamente, la Comisi\u00f3n modifica la lista de las sustancias que figuran en la Convenci\u00f3n sobre Estupefacientes y en el Convenio sobre Sustancias Psicotr\u00f3picas, bas\u00e1ndose en las recomendaciones de la OMS, que a su vez est\u00e1 asesorada por el <b>Comit\u00e9 de Expertos en Farmacodependencia<\/b>. El 24 de enero del a\u00f1o pasado, la OMS present\u00f3 al secretario general de la ONU seis recomendaciones derivadas del an\u00e1lisis cr\u00edtico realizado sobre el cannabis por ese comit\u00e9, cuya votaci\u00f3n ha sido ahora nuevamente aplazada.<\/p>\n<p id=\"m142-12-143\" class=\"pb-article-item-iteration\" style=\"text-align: justify;\">En esas recomendaciones, la OMS considera que el cannabis debe estar incluido en las listas de estupefacientes a un nivel que garantice un control para evitar los perjuicios ocasionados por su consumo, pero que no impida el acceso a preparados relacionados con esta planta para uso m\u00e9dico ni a la investigaci\u00f3n cient\u00edfica, que ya han mostrado \u00abposibilidades de uso terap\u00e9utico en los tratamientos de dolor y otras afecciones m\u00e9dicas, como la epilepsia o los espasmos asociados a la esclerosis m\u00faltiple\u00bb.<\/p>\n<p style=\"text-align: justify;\">\u00a0<\/p>\n<p>Santiago F. Reviejo<\/p>\n<p>https:\/\/www.publico.es\/sociedad\/onu-aplaza-final-ano-decision-medicinal-cannabis-falta-acuerdo.html<\/p>\n","protected":false},"excerpt":{"rendered":"<p>La presidencia del 63 periodo de sesiones del CND ha presentado una propuesta para que&#8230;<\/p>\n","protected":false},"author":1,"featured_media":38252,"comment_status":"closed","ping_status":"closed","sticky":false,"template":"","format":"standard","meta":{"_coblocks_attr":"","_coblocks_dimensions":"","_coblocks_responsive_height":"","_coblocks_accordion_ie_support":"","jetpack_post_was_ever_published":false,"_jetpack_newsletter_access":"","_jetpack_dont_email_post_to_subs":false,"_jetpack_newsletter_tier_id":0,"_jetpack_memberships_contains_paywalled_content":false,"_jetpack_memberships_contains_paid_content":false,"footnotes":"","jetpack_publicize_message":"","jetpack_publicize_feature_enabled":true,"jetpack_social_post_already_shared":false,"jetpack_social_options":{"image_generator_settings":{"template":"highway","default_image_id":0,"enabled":false},"version":2}},"categories":[1161,44,15,10],"tags":[2500,7021,7121],"class_list":["post-38251","post","type-post","status-publish","format-standard","has-post-thumbnail","hentry","category-ciudadania","category-noticias-de-hoy","category-ultimas-noticias","category-salud","tag-cannabis","tag-coronavirus","tag-uso-medicinal"],"jetpack_publicize_connections":[],"jetpack_featured_media_url":"https:\/\/i0.wp.com\/miradordeatarfe.es\/wp-content\/uploads\/2020\/03\/5e5ea66faf4c5.jpeg?fit=990%2C660&ssl=1","jetpack_likes_enabled":true,"jetpack_sharing_enabled":true,"_links":{"self":[{"href":"https:\/\/miradordeatarfe.es\/index.php?rest_route=\/wp\/v2\/posts\/38251","targetHints":{"allow":["GET"]}}],"collection":[{"href":"https:\/\/miradordeatarfe.es\/index.php?rest_route=\/wp\/v2\/posts"}],"about":[{"href":"https:\/\/miradordeatarfe.es\/index.php?rest_route=\/wp\/v2\/types\/post"}],"author":[{"embeddable":true,"href":"https:\/\/miradordeatarfe.es\/index.php?rest_route=\/wp\/v2\/users\/1"}],"replies":[{"embeddable":true,"href":"https:\/\/miradordeatarfe.es\/index.php?rest_route=%2Fwp%2Fv2%2Fcomments&post=38251"}],"version-history":[{"count":1,"href":"https:\/\/miradordeatarfe.es\/index.php?rest_route=\/wp\/v2\/posts\/38251\/revisions"}],"predecessor-version":[{"id":38253,"href":"https:\/\/miradordeatarfe.es\/index.php?rest_route=\/wp\/v2\/posts\/38251\/revisions\/38253"}],"wp:featuredmedia":[{"embeddable":true,"href":"https:\/\/miradordeatarfe.es\/index.php?rest_route=\/wp\/v2\/media\/38252"}],"wp:attachment":[{"href":"https:\/\/miradordeatarfe.es\/index.php?rest_route=%2Fwp%2Fv2%2Fmedia&parent=38251"}],"wp:term":[{"taxonomy":"category","embeddable":true,"href":"https:\/\/miradordeatarfe.es\/index.php?rest_route=%2Fwp%2Fv2%2Fcategories&post=38251"},{"taxonomy":"post_tag","embeddable":true,"href":"https:\/\/miradordeatarfe.es\/index.php?rest_route=%2Fwp%2Fv2%2Ftags&post=38251"}],"curies":[{"name":"wp","href":"https:\/\/api.w.org\/{rel}","templated":true}]}}