{"id":38330,"date":"2020-03-15T11:30:15","date_gmt":"2020-03-15T10:30:15","guid":{"rendered":"http:\/\/miradordeatarfe.es\/?p=38330"},"modified":"2023-10-21T20:05:46","modified_gmt":"2023-10-21T18:05:46","slug":"para-cuando-atarfe-tendra-un-centro-de-interpretacion-sobre-medina-elvira","status":"publish","type":"post","link":"https:\/\/miradordeatarfe.es\/?p=38330","title":{"rendered":"\u00bfPARA CUANDO ATARFE TENDR\u00c1 UN CENTRO DE INTERPRETACI\u00d3N SOBRE MEDINA ELVIRA?"},"content":{"rendered":"<h3 lang=\"es-ES\" align=\"JUSTIFY\"><span style=\"font-family: Calibri, sans-serif;\"><span style=\"font-size: medium;\">Hasta hace unos cuantos a\u00f1os, la ciudadan\u00eda ATARFE\u00d1AS no \u00e9ra consciente de la <\/span><\/span><span style=\"font-family: Calibri, sans-serif;\"><span style=\"font-size: medium;\">importancia de nuestro patrimonio hist\u00f3rico, como se\u00f1a de identidad y que est\u00e1 intr\u00ednsecamente vinculado a nuestras vida econ\u00f3mica, tur\u00edstica y comercial. <\/span><\/span><\/h3>\n<p align=\"JUSTIFY\"><span style=\"font-family: Calibri, sans-serif;\"><span style=\"font-size: medium;\"><span lang=\"es-ES\">O\u00edmos hablar de las excavaciones de Medina Elvira, hemos visto a unos \u201ctipos raros\u201d trabajando en los entornos de nuestro municipio, se dice y se comenta, que mucha gente tiene en sus casa piezas originales encontradas por los caballitos del rey y alrededores, el alumnado de los centros educativos de nuestro pueblo ha visitado las excavaciones, se han realizado charlas y encuentros sobre lo que fue la ciudad de MADINAT ILBIRA, pero a d\u00eda de hoy todav\u00eda <\/span><\/span><\/span><span style=\"font-family: Calibri, sans-serif;\"><span style=\"font-size: medium;\"><span lang=\"es-ES\"><b>no se aprecia como recurso cultural o tur\u00edstico y se hace dificil comprender el <\/b><\/span><\/span><\/span><span style=\"font-family: Calibri, Bold;\"><span style=\"font-size: medium;\"><span lang=\"es-ES\"><b> valor <\/b><\/span><\/span><\/span><span style=\"font-family: Calibri, sans-serif;\"><span style=\"font-size: medium;\"><span lang=\"es-ES\"><b>hist\u00f3rico-art\u00edstico y arqueol\u00f3gico de la ciudad \u00e1rabe que fue tan importante en su tiempo.<\/b><\/span><\/span><\/span><\/p>\n<p lang=\"es-ES\" align=\"JUSTIFY\"><span style=\"font-family: Calibri, sans-serif;\"><span style=\"font-size: medium;\">En las \u00faltimas d\u00e9cadas, en nuestro pa\u00eds han ido proliferando los Centros de Interpretaci\u00f3n. Este fen\u00f3meno trata de incorporar el turismo de masas que quiere disfrutar del patrimonio y que demanda un espacio f\u00edsico en el que se pueda encontrar con un discurso expositivo did\u00e1ctico, cercano e incluso l\u00fadico.<\/span><\/span><\/p>\n<p align=\"JUSTIFY\"><span style=\"font-family: Calibri, sans-serif;\"><span style=\"font-size: medium;\"><span lang=\"es-ES\">Esos Centros de Interpretaci\u00f3n o\u201cparamuseos\u201d, <\/span><\/span><\/span><span style=\"font-family: Calibri, Bold;\"><span style=\"font-size: medium;\"><span lang=\"es-ES\">como tambi\u00e9n lo denominan ciertos autores, hacen que m<\/span><\/span><\/span><span style=\"font-family: Calibri, sans-serif;\"><span style=\"font-size: medium;\"><span lang=\"es-ES\">uchas localidades que poseen un patrimonio tangible o intangible, susceptible de ser <\/span><\/span><\/span><span style=\"font-family: Calibri, sans-serif;\"><span style=\"font-size: medium;\"><span lang=\"es-ES\">puesto en valor propicien la atracci\u00f3n de visitantes como recurso cultural o tur\u00edstico, facilitando el conocimiento de los valores <\/span><\/span><\/span><span style=\"font-family: Calibri, sans-serif;\"><span style=\"font-size: medium;\"><span lang=\"es-ES\">hist\u00f3rico-art\u00edsticos y arqueol\u00f3gicos de la ciudad, utilizando las convocatorias de subvenciones<\/span><\/span><\/span><span style=\"font-family: Calibri, sans-serif;\"><span style=\"font-size: medium;\"><span lang=\"es-ES\"> de fondos europeos destinadas a equipamientos e industrias culturales.<\/span><\/span><\/span><\/p>\n<p lang=\"es-ES\" align=\"JUSTIFY\"><span style=\"font-family: Calibri, sans-serif;\"><span style=\"font-size: medium;\">Para poder acceder a este tipo de ayudas, es preciso contar con la autorizaci\u00f3n de la Junta de Andaluc\u00eda, as\u00ed como cumplir una serie de requisitos: tener unas instalaciones permanentes y abiertas al p\u00fablico, contar con una presentaci\u00f3n de los contenidos adecuada, disponer de un plan museol\u00f3gico, poseer un inventario de los bienes culturales, poseer un presupuesto suficiente y tener un horario estable&#8230;<\/span><\/span><\/p>\n<p lang=\"es-ES\" align=\"JUSTIFY\"><span style=\"font-family: Calibri, sans-serif;\"><span style=\"font-size: medium;\">La nueva era de la comunicaci\u00f3n se impone, y las gu\u00edas, folletos, carteles, etc., est\u00e1n dejando paso a las nuevas tecnolog\u00edas como impulsoras de la informaci\u00f3n y la divulgaci\u00f3n: P\u00e1ginas webs, museos virtuales y otras v\u00edas al servicio de la comunicaci\u00f3n. Adem\u00e1s, el sentido y la percepci\u00f3n del monumento tambi\u00e9n han cambiado sustancialmente. Ya no s\u00f3lo es su cultura, sino que los nuevos tiempos traen consigo la universalizaci\u00f3n de la cultura. La cultura, ya es un valor a compartir. <\/span><\/span><\/p>\n<p lang=\"es-ES\" align=\"JUSTIFY\"><span style=\"font-family: Calibri, sans-serif;\"><span style=\"font-size: medium;\">El p\u00fablico desea, en cierto modo, que se le ofrezcan escenarios y conceptos, no solo objetos.<\/span><\/span><\/p>\n<p lang=\"es-ES\" align=\"JUSTIFY\"><span style=\"font-family: Calibri, sans-serif;\"><span style=\"font-size: medium;\">Casi nos atrever\u00edamos a decir que la alternativa actual es la cultura como consumo y casi como espect\u00e1culo. Todo lo que no divierte, tiende a desaparecer. Prima lo inmediato, lo ef\u00edmero, lo s\u00fabito\u2026Parece como si la sociedad actual, m\u00e1s culta que nunca, parad\u00f3jicamente, no estuviera preparada para detenerse a pensar a analizar; lo quiere ya, y si es posible traducido.<\/span><\/span><\/p>\n<p lang=\"es-ES\" align=\"JUSTIFY\"><span style=\"font-family: Calibri, sans-serif;\"><span style=\"font-size: medium;\">Para un Centro de Interpretaci\u00f3n lo m\u00e1s importante es el p\u00fablico y por supuesto el tema a interpretar, ya que si no se consigue despertar nuestro inter\u00e9s todo el esfuerzo habr\u00e1 sido in\u00fatil. <\/span><\/span><\/p>\n<p lang=\"es-ES\" align=\"JUSTIFY\"><span style=\"font-family: Calibri, sans-serif;\"><span style=\"font-size: medium;\">Los Centros de interpretaci\u00f3n tienen la particularidad de que no hace falta que el bien original se encuentre all\u00ed en la exposici\u00f3n. Hoy en d\u00eda se utilizan mucho en estos equipamientos r\u00e9plicas y reproducciones e incluso nuevas t\u00e9cnicas a trav\u00e9s de las cuales el car\u00e1cter virtual sustituye a la realidad, mediante pantallas o aplicando t\u00e9cnicas de realidad aumentada.<\/span><\/span><\/p>\n<p lang=\"es-ES\" align=\"JUSTIFY\"><span style=\"font-family: Calibri, sans-serif;\"><span style=\"font-size: medium;\">En teor\u00eda, estos centros debieran estar orientados a cubrir cuatro funciones b\u00e1sicas: <\/span><\/span><\/p>\n<p align=\"JUSTIFY\"><span style=\"font-family: Calibri, sans-serif;\"><span style=\"font-size: medium;\"><span lang=\"es-ES\">La primera, <\/span><\/span><\/span><span style=\"font-family: Calibri, sans-serif;\"><span style=\"font-size: medium;\"><span lang=\"es-ES\"><b>la puesta en valor del bien a interpretar<\/b><\/span><\/span><\/span><span style=\"font-family: Calibri, sans-serif;\"><span style=\"font-size: medium;\"><span lang=\"es-ES\">, en segundo lugar, <\/span><\/span><\/span><span style=\"font-family: Calibri, sans-serif;\"><span style=\"font-size: medium;\"><span lang=\"es-ES\"><b>provocar su conocimiento y divulgaci\u00f3n,<\/b><\/span><\/span><\/span><span style=\"font-family: Calibri, sans-serif;\"><span style=\"font-size: medium;\"><span lang=\"es-ES\"> esto llevar\u00eda a <\/span><\/span><\/span><span style=\"font-family: Calibri, sans-serif;\"><span style=\"font-size: medium;\"><span lang=\"es-ES\"><b>concienciar a las personas de la importancia de su conservaci\u00f3n<\/b><\/span><\/span><\/span><span style=\"font-family: Calibri, sans-serif;\"><span style=\"font-size: medium;\"><span lang=\"es-ES\"> y por \u00faltimo<\/span><\/span><\/span><span style=\"font-family: Calibri, sans-serif;\"><span style=\"font-size: medium;\"><span lang=\"es-ES\"><b> incentivar <\/b><\/span><\/span><\/span><span style=\"font-family: Calibri, sans-serif;\"><span style=\"font-size: medium;\"><span lang=\"es-ES\">a trav\u00e9s de muchas de las diferentes disciplinas que se utilizan para la comunicaci\u00f3n de este bien, <\/span><\/span><\/span><span style=\"font-family: Calibri, sans-serif;\"><span style=\"font-size: medium;\"><span lang=\"es-ES\"><b>su investigaci\u00f3n<\/b><\/span><\/span><\/span><span style=\"font-family: Calibri, sans-serif;\"><span style=\"font-size: medium;\"><span lang=\"es-ES\">.<\/span><\/span><\/span><\/p>\n<p lang=\"es-ES\" align=\"JUSTIFY\"><span style=\"font-family: Calibri, sans-serif;\"><span style=\"font-size: medium;\"><b>\u00bfY DONDE ESTAR\u00cdA ESE CENTRO DE INTERPRETACI\u00d3N?<\/b><\/span><\/span><\/p>\n<p align=\"JUSTIFY\"><span style=\"font-family: Calibri, sans-serif;\"><span style=\"font-size: medium;\"><span lang=\"es-ES\">Elegir la ubicaci\u00f3n del Centro de de Madinat Ilbira en nuestro pueblo es un asunto muy complicado, pero despues de hacer una peque\u00f1a ruta por distintos parajes, y a modo de facilitar a corto medio plazo su creaci\u00f3n y puesta en marcha, considero que tenemos un espacio, cerrado al p\u00fablico desde hace unos a\u00f1os, y que fue objeto de mucha admiraci\u00f3n en su d\u00eda, me estoy refiriendo a la <\/span><\/span><\/span><span style=\"font-family: Calibri, sans-serif;\"><span style=\"font-size: medium;\"><span lang=\"es-ES\"><b>Torre de los Tiempos, emplazada en el centro del Parque Ram\u00f3n Gard\u00f3n.<\/b><\/span><\/span><\/span><\/p>\n<p lang=\"es-ES\" align=\"JUSTIFY\"><span style=\"font-family: Calibri, sans-serif;\"><span style=\"font-size: medium;\">Est\u00e1 claro que ser\u00eda necesario realizar adaptaciones, pero mientras se localiza un terreno en las inmediaciones del yacimiento y se consiguen los recursos econ\u00f3micos correspondientes para afrontar su adquisici\u00f3n y la construcci\u00f3n de un Centro de interpretaci\u00f3n, merece la pena tenerlo en cuenta. <\/span><\/span><\/p>\n<p lang=\"es-ES\" align=\"JUSTIFY\"><span style=\"font-family: Calibri, sans-serif;\"><span style=\"font-size: medium;\">Teniendo conocimiento del inter\u00e9s que el Ayuntamiento de Atarfe ha manifestado en la recuperaci\u00f3n de la ciudad de Madinat Ilbira y sabiendo las dificultades que la creaci\u00f3n del Centro de Interpretaci\u00f3n conlleva, es por lo que realizo esta propuesta.<\/span><\/span><\/p>\n<p lang=\"es-ES\" align=\"JUSTIFY\">MANUEL CODINA VALERO<\/p>\n","protected":false},"excerpt":{"rendered":"<p>Hasta hace unos cuantos a\u00f1os, la ciudadan\u00eda ATARFE\u00d1AS no \u00e9ra consciente de la importancia de&#8230;<\/p>\n","protected":false},"author":1,"featured_media":38331,"comment_status":"closed","ping_status":"closed","sticky":false,"template":"","format":"standard","meta":{"_coblocks_attr":"","_coblocks_dimensions":"","_coblocks_responsive_height":"","_coblocks_accordion_ie_support":"","jetpack_post_was_ever_published":false,"_jetpack_newsletter_access":"","_jetpack_dont_email_post_to_subs":false,"_jetpack_newsletter_tier_id":0,"_jetpack_memberships_contains_paywalled_content":false,"_jetpack_memberships_contains_paid_content":false,"footnotes":"","jetpack_publicize_message":"","jetpack_publicize_feature_enabled":true,"jetpack_social_post_already_shared":false,"jetpack_social_options":{"image_generator_settings":{"template":"highway","default_image_id":0,"enabled":false},"version":2}},"categories":[2,1161,9029,5359,10431],"tags":[81,7133,5363],"class_list":["post-38330","post","type-post","status-publish","format-standard","has-post-thumbnail","hentry","category-atarfe","category-ciudadania","category-la-cora-de-ilbira","category-madinat-ilbira","category-medina-elvira-2","tag-atarfe","tag-centro-de-interpretacion","tag-madinatilbira"],"jetpack_publicize_connections":[],"jetpack_featured_media_url":"https:\/\/i0.wp.com\/miradordeatarfe.es\/wp-content\/uploads\/2020\/03\/parq-de-la-torre.jpg?fit=270%2C228&ssl=1","jetpack_likes_enabled":true,"jetpack_sharing_enabled":true,"_links":{"self":[{"href":"https:\/\/miradordeatarfe.es\/index.php?rest_route=\/wp\/v2\/posts\/38330","targetHints":{"allow":["GET"]}}],"collection":[{"href":"https:\/\/miradordeatarfe.es\/index.php?rest_route=\/wp\/v2\/posts"}],"about":[{"href":"https:\/\/miradordeatarfe.es\/index.php?rest_route=\/wp\/v2\/types\/post"}],"author":[{"embeddable":true,"href":"https:\/\/miradordeatarfe.es\/index.php?rest_route=\/wp\/v2\/users\/1"}],"replies":[{"embeddable":true,"href":"https:\/\/miradordeatarfe.es\/index.php?rest_route=%2Fwp%2Fv2%2Fcomments&post=38330"}],"version-history":[{"count":1,"href":"https:\/\/miradordeatarfe.es\/index.php?rest_route=\/wp\/v2\/posts\/38330\/revisions"}],"predecessor-version":[{"id":38332,"href":"https:\/\/miradordeatarfe.es\/index.php?rest_route=\/wp\/v2\/posts\/38330\/revisions\/38332"}],"wp:featuredmedia":[{"embeddable":true,"href":"https:\/\/miradordeatarfe.es\/index.php?rest_route=\/wp\/v2\/media\/38331"}],"wp:attachment":[{"href":"https:\/\/miradordeatarfe.es\/index.php?rest_route=%2Fwp%2Fv2%2Fmedia&parent=38330"}],"wp:term":[{"taxonomy":"category","embeddable":true,"href":"https:\/\/miradordeatarfe.es\/index.php?rest_route=%2Fwp%2Fv2%2Fcategories&post=38330"},{"taxonomy":"post_tag","embeddable":true,"href":"https:\/\/miradordeatarfe.es\/index.php?rest_route=%2Fwp%2Fv2%2Ftags&post=38330"}],"curies":[{"name":"wp","href":"https:\/\/api.w.org\/{rel}","templated":true}]}}