{"id":38351,"date":"2020-03-15T09:49:11","date_gmt":"2020-03-15T08:49:11","guid":{"rendered":"http:\/\/miradordeatarfe.es\/?p=38351"},"modified":"2020-03-14T18:59:36","modified_gmt":"2020-03-14T17:59:36","slug":"descacaticemos-atarfe-en-canal-sur","status":"publish","type":"post","link":"https:\/\/miradordeatarfe.es\/?p=38351","title":{"rendered":"\u201cDescacaticemos Atarfe\u201d en Canal Sur"},"content":{"rendered":"<h3 style=\"text-align: justify;\">Canal Sur se ha interesado por el Proyecto \u201cDescacaticemos Atarfe\u201d de l@s alumn@s de 5 a\u00f1os de Educaci\u00f3n Infantil del Colegio SAFA de Atarfe.<\/h3>\n<p style=\"text-align: justify;\">Sin duda una buen\u00edsima idea a la que se suma el Ayuntamiento dentro de las actuaciones que se van a realizar a este respecto durante los pr\u00f3ximos meses. Tomemos buena nota de lo que nos dicen l@s m\u00e1s peque\u00f1@s de la casa y seamos un ejemplo en nuestra responsabilidad a la hora de sacar nuestras mascotas a la calle.<\/p>\n<p><div class=\"jetpack-video-wrapper\"><iframe loading=\"lazy\" title=\"DESCACATICEMOS ATARFE EN CANAL SUR\" width=\"640\" height=\"360\" src=\"https:\/\/www.youtube.com\/embed\/3WIXKSxGbK4?feature=oembed\" frameborder=\"0\" allow=\"accelerometer; autoplay; clipboard-write; encrypted-media; gyroscope; picture-in-picture; web-share\" referrerpolicy=\"strict-origin-when-cross-origin\" allowfullscreen><\/iframe><\/div><\/p>\n","protected":false},"excerpt":{"rendered":"<p>Canal Sur se ha interesado por el Proyecto \u201cDescacaticemos Atarfe\u201d de l@s alumn@s de 5&#8230;<\/p>\n","protected":false},"author":1,"featured_media":0,"comment_status":"closed","ping_status":"closed","sticky":false,"template":"","format":"standard","meta":{"_coblocks_attr":"","_coblocks_dimensions":"","_coblocks_responsive_height":"","_coblocks_accordion_ie_support":"","jetpack_post_was_ever_published":false,"_jetpack_newsletter_access":"","_jetpack_dont_email_post_to_subs":false,"_jetpack_newsletter_tier_id":0,"_jetpack_memberships_contains_paywalled_content":false,"_jetpack_memberships_contains_paid_content":false,"footnotes":"","jetpack_publicize_message":"","jetpack_publicize_feature_enabled":true,"jetpack_social_post_already_shared":false,"jetpack_social_options":{"image_generator_settings":{"template":"highway","default_image_id":0,"enabled":false},"version":2}},"categories":[2,187,44,15],"tags":[],"class_list":["post-38351","post","type-post","status-publish","format-standard","hentry","category-atarfe","category-centros-educativos","category-noticias-de-hoy","category-ultimas-noticias"],"jetpack_publicize_connections":[],"jetpack_featured_media_url":"","jetpack_likes_enabled":true,"jetpack_sharing_enabled":true,"_links":{"self":[{"href":"https:\/\/miradordeatarfe.es\/index.php?rest_route=\/wp\/v2\/posts\/38351","targetHints":{"allow":["GET"]}}],"collection":[{"href":"https:\/\/miradordeatarfe.es\/index.php?rest_route=\/wp\/v2\/posts"}],"about":[{"href":"https:\/\/miradordeatarfe.es\/index.php?rest_route=\/wp\/v2\/types\/post"}],"author":[{"embeddable":true,"href":"https:\/\/miradordeatarfe.es\/index.php?rest_route=\/wp\/v2\/users\/1"}],"replies":[{"embeddable":true,"href":"https:\/\/miradordeatarfe.es\/index.php?rest_route=%2Fwp%2Fv2%2Fcomments&post=38351"}],"version-history":[{"count":1,"href":"https:\/\/miradordeatarfe.es\/index.php?rest_route=\/wp\/v2\/posts\/38351\/revisions"}],"predecessor-version":[{"id":38352,"href":"https:\/\/miradordeatarfe.es\/index.php?rest_route=\/wp\/v2\/posts\/38351\/revisions\/38352"}],"wp:attachment":[{"href":"https:\/\/miradordeatarfe.es\/index.php?rest_route=%2Fwp%2Fv2%2Fmedia&parent=38351"}],"wp:term":[{"taxonomy":"category","embeddable":true,"href":"https:\/\/miradordeatarfe.es\/index.php?rest_route=%2Fwp%2Fv2%2Fcategories&post=38351"},{"taxonomy":"post_tag","embeddable":true,"href":"https:\/\/miradordeatarfe.es\/index.php?rest_route=%2Fwp%2Fv2%2Ftags&post=38351"}],"curies":[{"name":"wp","href":"https:\/\/api.w.org\/{rel}","templated":true}]}}