{"id":38354,"date":"2020-03-15T11:16:03","date_gmt":"2020-03-15T10:16:03","guid":{"rendered":"http:\/\/miradordeatarfe.es\/?p=38354"},"modified":"2020-03-14T19:23:53","modified_gmt":"2020-03-14T18:23:53","slug":"comunicados-del-ayuntamiento-sobre-prevencion-del-coronavirus","status":"publish","type":"post","link":"https:\/\/miradordeatarfe.es\/?p=38354","title":{"rendered":"COMUNICADOS DEL AYUNTAMIENTO SOBRE PREVENCI\u00d3N DEL CORONAVIRUS"},"content":{"rendered":"<h3>EVITA AGLOMERACIONES EN LOS COMERCIOS DE ALIMENTACI\u00d3N. DEMOS UN EJEMPLO DE SOCIEDAD SOLIDARIA Y COMPORTAMIENTO C\u00cdVICO<\/h3>\n<p>La situaci\u00f3n desencadenada por la Crisis Sanitaria Global del Coronavirus, est\u00e1 provocando aglomeraciones en los Comercios de Alimentaci\u00f3n, as\u00ed como el no cumplimiento de las normas establecidas por el Ministerio de Sanidad para prevenir el contagio, por ejemplo: no respetar las distancias de seguridad, la no utilizaci\u00f3n de mascarillas, no utilizar guantes par<span class=\"text_exposed_show\">a tocar los carros y alimentos, etc.<\/span><\/p>\n<div class=\"text_exposed_show\">\n<p>Desde el Ayuntamiento hemos contactado con responsables de estos comercios y hemos obtenido el compromiso de que van a contar con personal para controlar los accesos y un aforo que garantice la seguridad. Tambi\u00e9n nos han transmitido un mensaje de tranquilidad para toda la poblaci\u00f3n en lo que respecta a la garant\u00eda de suministros, por lo que hacemos un llamamiento para que realic\u00e9is compras escalonadas y adquiriendo cantidades razonables de productos como medida de solidaridad con nuestr@s vecin@s.<\/p>\n<p>Con la declaraci\u00f3n del Estado de Alarma decretado por el Gobierno de Espa\u00f1a, podr\u00e1n intervenir los Cuerpos y Fuerzas de Seguridad para garantizar la seguridad, el cumplimiento de las normas sanitarias y el comportamiento c\u00edvico de las personas que acudan a realizar sus compras.<\/p>\n<p>Desde el Ayuntamiento de Atarfe invitamos a la colaboraci\u00f3n y responsabilidad colectiva. Demos un ejemplo de sociedad solidaria y comportamiento c\u00edvico.<\/p>\n<p><a class=\"_58cn\" href=\"https:\/\/www.facebook.com\/hashtag\/quedateencasa?source=feed_text&amp;epa=HASHTAG&amp;__xts__%5B0%5D=68.ARDuuTpOjmijkuWyX4JEDSmrPFiXNIuA8geaV9v8MpJ1S2i4EsKEb9TRh-rqQE_uh_anQ4HOWPi3NF9wOqbVr9T1LqQqBEgIVQyYhn345PlVrkOYLm2t9ab4QqsVd2gu0bLQYlPxLp29Dc8awbSCFygQ0-NAE1QdJtPFCLyh3OKLMwkDDR-o9DHspOBL7f0NBI-0joYYJge_va_Wcqdz3rOFr2v1SNR_DjddssQ6yezz5Zfumve1PT7qYwHkcVtIbKCCfFhYuOegG33WEzHyl4LUD9vvADwfjct-PUEKuBA7YXZF5EWAoQU5flKJRp56NoSGasBxkA07C5eFaniy-YNWEQ&amp;__tn__=%2ANK-R\" data-ft=\"{&quot;type&quot;:104,&quot;tn&quot;:&quot;*N&quot;}\"><span class=\"_5afx\"><span class=\"_58cl _5afz\" aria-label=\"hashtag\">#<\/span><span class=\"_58cm\">QuedateEnCasa<\/span><\/span><\/a><\/p>\n<p><a href=\"https:\/\/i0.wp.com\/miradordeatarfe.es\/wp-content\/uploads\/2020\/03\/89826588_2938294579567726_126308829192257536_n.jpg?ssl=1\"><img data-recalc-dims=\"1\" loading=\"lazy\" decoding=\"async\" class=\"wp-image-38355 size-full aligncenter\" src=\"https:\/\/i0.wp.com\/miradordeatarfe.es\/wp-content\/uploads\/2020\/03\/89826588_2938294579567726_126308829192257536_n.jpg?resize=640%2C360&#038;ssl=1\" alt=\"\" width=\"640\" height=\"360\" srcset=\"https:\/\/i0.wp.com\/miradordeatarfe.es\/wp-content\/uploads\/2020\/03\/89826588_2938294579567726_126308829192257536_n.jpg?w=643&amp;ssl=1 643w, https:\/\/i0.wp.com\/miradordeatarfe.es\/wp-content\/uploads\/2020\/03\/89826588_2938294579567726_126308829192257536_n.jpg?resize=300%2C169&amp;ssl=1 300w, https:\/\/i0.wp.com\/miradordeatarfe.es\/wp-content\/uploads\/2020\/03\/89826588_2938294579567726_126308829192257536_n.jpg?resize=600%2C338&amp;ssl=1 600w\" sizes=\"auto, (max-width: 640px) 100vw, 640px\" \/><\/a><\/p>\n<\/div>\n<div id=\"js_bp\" class=\"_5pbx userContent _3576\" data-testid=\"post_message\" data-ft=\"{&quot;tn&quot;:&quot;K&quot;}\">\n<h3>CEMENTERIO MUNICIPAL CERRADO PARA VISITAS<\/h3>\n<p>Enmarcado en las Medias de cierre de Espacios P\u00fablicos Municipales, adoptadas para la contenci\u00f3n de la propagaci\u00f3n del Coronavirus, el Cementerio de Atarfe queda cerrado al p\u00fablico.<\/p>\n<p>S\u00f3lo se permitir\u00e1 el acceso a los Actos de Inhumaci\u00f3n. Pedimos la colaboraci\u00f3n ciudadana para impedir aglomeraciones y en cualquiera de los casos sigan las indicaciones de Distancia Social aconsejadas por el Ministerio de Sanidad.<\/p>\n<p><a href=\"https:\/\/i0.wp.com\/miradordeatarfe.es\/wp-content\/uploads\/2020\/03\/88983684_2937888802941637_8558300968159019008_o.jpg?ssl=1\"><img data-recalc-dims=\"1\" loading=\"lazy\" decoding=\"async\" class=\"wp-image-38356 size-full aligncenter\" src=\"https:\/\/i0.wp.com\/miradordeatarfe.es\/wp-content\/uploads\/2020\/03\/88983684_2937888802941637_8558300968159019008_o.jpg?resize=640%2C853&#038;ssl=1\" alt=\"\" width=\"640\" height=\"853\" srcset=\"https:\/\/i0.wp.com\/miradordeatarfe.es\/wp-content\/uploads\/2020\/03\/88983684_2937888802941637_8558300968159019008_o.jpg?w=720&amp;ssl=1 720w, https:\/\/i0.wp.com\/miradordeatarfe.es\/wp-content\/uploads\/2020\/03\/88983684_2937888802941637_8558300968159019008_o.jpg?resize=225%2C300&amp;ssl=1 225w, https:\/\/i0.wp.com\/miradordeatarfe.es\/wp-content\/uploads\/2020\/03\/88983684_2937888802941637_8558300968159019008_o.jpg?resize=600%2C800&amp;ssl=1 600w\" sizes=\"auto, (max-width: 640px) 100vw, 640px\" \/><\/a><\/p>\n<\/div>\n<p>&nbsp;<\/p>\n<h3>CIERRE DE PARQUES MUNICIPALES Y RECOMENDACI\u00d3N DE NO ACCEDER A \u00c1REAS RECREATIVAS<\/h3>\n<p>Se ha constatado un notable incremento en la afluencia de personas mayores y ni\u00f1os a los parques municipales en manifiesta contradicci\u00f3n con las pautas y recomendaciones de las autoridades sanitarias y las medidas adoptadas por las distintas Administraciones P\u00fablicas.<\/p>\n<p>Es por ello que a partir de las 15:00 horas del d\u00eda 13 de marzo de 2020 y hasta el dia 31 de este mes, y sin perjuicio de su prorro<span class=\"text_exposed_show\">ga si fuese necesario, todos los parques municipales permanecer\u00e1n cerrados no permiti\u00e9ndose el acceso a los mismos.<\/span><\/p>\n<div class=\"text_exposed_show\">\n<p>Por la misma raz\u00f3n se recomienda que en las pr\u00f3ximas fechas no se acuda a las \u00e1reas recreativas para la celebraci\u00f3n de comidas, eventos, etc.. que supongan una concentraci\u00f3n de personas.<\/p>\n<p>Puedes descargar el Bando Municipal en el siguiente enlace:<\/p>\n<p><a href=\"https:\/\/l.facebook.com\/l.php?u=http%3A%2F%2Fwww.atarfe.es%2Fpdf%2Fbando-municipal-cierre-parques.pdf%3Ffbclid%3DIwAR2Ur3rDbPIA6BruMFMWA2fzdKPygXljpUIKjM210GQl1bPkd0m2wKLocPk&amp;h=AT1cT58B_DkFImUJ5n6KcFlG0sflXjnCXOFtsaaXm6m-fy0yn8N3m_B8YXaUzpzzQayGDal27-qyVDtsd66diFE0NmMDR8BJaoI87WiIxRVKoSc5MUQoy8ro2F75edP9i0DIYw5EDV8z05XHQhEqdT_0aJQWCk34FCuiYtOIZdbZvs9GVFIch_9mxjO5DI3RqtWYBkJUwNDxHmEiSTDfgr9nsPOq7MkVG-7pZ3xVBugEhTs3vwXbAG1yZPcaj0Vl5d-68_z068uQGbZWo7GHAQYANhrxguY9dILsz_fRLUUVatJynHT-mJHjgFLD1MBBf8oTSUokwkYxn9RcJntOJiHY9syGPpoVyHL5GbhktBw427k0yT-Hkv1VXGeoh9RVlDAaqU7vurNvZp9gvD48XsssC_Y56nZFwKXzrwYtFt_giIP8s1ma9QQCAVIuKyPTGEjhFZPmkkcolw8lXDfiDBQ9ZTLIjrWo-RUTusCRy0--1OBoVNuV6NoO-5NeF8LeKFYlvlp29npLsqCqca3Ggq0u-1Pytzt77w9IkugZvDU03_K568lLwFxyh44HVUclD4ToCboiro_L2RwiajPF19GsdmsTZwF_dBEO4dKGxoEGKXoXYFmHQAqKlj3eFYGNf7s\" target=\"_blank\" rel=\"noopener nofollow noreferrer\" data-ft=\"{&quot;tn&quot;:&quot;-U&quot;}\" data-lynx-mode=\"async\">www.atarfe.es\/pdf\/bando-municipal-cierre-parques.pdf<\/a><\/p>\n<\/div>\n<p><a href=\"https:\/\/i0.wp.com\/miradordeatarfe.es\/wp-content\/uploads\/2020\/03\/88958496_2936148219782362_1691728639403491328_o.jpg?ssl=1\"><img data-recalc-dims=\"1\" loading=\"lazy\" decoding=\"async\" class=\"wp-image-38357 size-full aligncenter\" src=\"https:\/\/i0.wp.com\/miradordeatarfe.es\/wp-content\/uploads\/2020\/03\/88958496_2936148219782362_1691728639403491328_o.jpg?resize=640%2C905&#038;ssl=1\" alt=\"\" width=\"640\" height=\"905\" srcset=\"https:\/\/i0.wp.com\/miradordeatarfe.es\/wp-content\/uploads\/2020\/03\/88958496_2936148219782362_1691728639403491328_o.jpg?w=679&amp;ssl=1 679w, https:\/\/i0.wp.com\/miradordeatarfe.es\/wp-content\/uploads\/2020\/03\/88958496_2936148219782362_1691728639403491328_o.jpg?resize=212%2C300&amp;ssl=1 212w, https:\/\/i0.wp.com\/miradordeatarfe.es\/wp-content\/uploads\/2020\/03\/88958496_2936148219782362_1691728639403491328_o.jpg?resize=600%2C848&amp;ssl=1 600w\" sizes=\"auto, (max-width: 640px) 100vw, 640px\" \/><\/a><\/p>\n","protected":false},"excerpt":{"rendered":"<p>EVITA AGLOMERACIONES EN LOS COMERCIOS DE ALIMENTACI\u00d3N. DEMOS UN EJEMPLO DE SOCIEDAD SOLIDARIA Y COMPORTAMIENTO&#8230;<\/p>\n","protected":false},"author":1,"featured_media":0,"comment_status":"closed","ping_status":"closed","sticky":false,"template":"","format":"standard","meta":{"_coblocks_attr":"","_coblocks_dimensions":"","_coblocks_responsive_height":"","_coblocks_accordion_ie_support":"","jetpack_post_was_ever_published":false,"_jetpack_newsletter_access":"","_jetpack_dont_email_post_to_subs":false,"_jetpack_newsletter_tier_id":0,"_jetpack_memberships_contains_paywalled_content":false,"_jetpack_memberships_contains_paid_content":false,"footnotes":"","jetpack_publicize_message":"","jetpack_publicize_feature_enabled":true,"jetpack_social_post_already_shared":false,"jetpack_social_options":{"image_generator_settings":{"template":"highway","default_image_id":0,"enabled":false},"version":2}},"categories":[1],"tags":[],"class_list":["post-38354","post","type-post","status-publish","format-standard","hentry","category-uncategorized"],"jetpack_publicize_connections":[],"jetpack_featured_media_url":"","jetpack_likes_enabled":true,"jetpack_sharing_enabled":true,"_links":{"self":[{"href":"https:\/\/miradordeatarfe.es\/index.php?rest_route=\/wp\/v2\/posts\/38354","targetHints":{"allow":["GET"]}}],"collection":[{"href":"https:\/\/miradordeatarfe.es\/index.php?rest_route=\/wp\/v2\/posts"}],"about":[{"href":"https:\/\/miradordeatarfe.es\/index.php?rest_route=\/wp\/v2\/types\/post"}],"author":[{"embeddable":true,"href":"https:\/\/miradordeatarfe.es\/index.php?rest_route=\/wp\/v2\/users\/1"}],"replies":[{"embeddable":true,"href":"https:\/\/miradordeatarfe.es\/index.php?rest_route=%2Fwp%2Fv2%2Fcomments&post=38354"}],"version-history":[{"count":1,"href":"https:\/\/miradordeatarfe.es\/index.php?rest_route=\/wp\/v2\/posts\/38354\/revisions"}],"predecessor-version":[{"id":38358,"href":"https:\/\/miradordeatarfe.es\/index.php?rest_route=\/wp\/v2\/posts\/38354\/revisions\/38358"}],"wp:attachment":[{"href":"https:\/\/miradordeatarfe.es\/index.php?rest_route=%2Fwp%2Fv2%2Fmedia&parent=38354"}],"wp:term":[{"taxonomy":"category","embeddable":true,"href":"https:\/\/miradordeatarfe.es\/index.php?rest_route=%2Fwp%2Fv2%2Fcategories&post=38354"},{"taxonomy":"post_tag","embeddable":true,"href":"https:\/\/miradordeatarfe.es\/index.php?rest_route=%2Fwp%2Fv2%2Ftags&post=38354"}],"curies":[{"name":"wp","href":"https:\/\/api.w.org\/{rel}","templated":true}]}}