{"id":38359,"date":"2020-03-14T19:23:24","date_gmt":"2020-03-14T18:23:24","guid":{"rendered":"http:\/\/miradordeatarfe.es\/?p=38359"},"modified":"2020-03-14T19:23:24","modified_gmt":"2020-03-14T18:23:24","slug":"entran-en-vigor-las-medidas-municipales-de-contencion-de-la-crisis-sanitaria-del-coronavirus","status":"publish","type":"post","link":"https:\/\/miradordeatarfe.es\/?p=38359","title":{"rendered":"ENTRAN EN VIGOR LAS MEDIDAS MUNICIPALES DE CONTENCI\u00d3N DE LA CRISIS SANITARIA DEL CORONAVIRUS"},"content":{"rendered":"<h3>A partir del Viernes 13 de Marzo, entran en vigor las Medidas Municipales de Contenci\u00f3n de la Crisis Sanitaria del Coronavirus.<\/h3>\n<p>Os compartimos el Bando Municipal publicado en el d\u00eda de ayer siguiendo las directrices del Ministerio de Sanidad y otras Administraciones de \u00c1mbito Andaluz y Estatal.<\/p>\n<div class=\"text_exposed_show\">\n<p>Desde el Ayuntamiento de Atarfe se hace un llamamiento a la colaboraci\u00f3n ciudadana y a la responsabilidad colectiva.<\/p>\n<p><a href=\"https:\/\/i0.wp.com\/miradordeatarfe.es\/wp-content\/uploads\/2020\/03\/3.jpg?ssl=1\"><img data-recalc-dims=\"1\" loading=\"lazy\" decoding=\"async\" class=\"wp-image-38360 size-full aligncenter\" src=\"https:\/\/i0.wp.com\/miradordeatarfe.es\/wp-content\/uploads\/2020\/03\/3.jpg?resize=640%2C905&#038;ssl=1\" alt=\"\" width=\"640\" height=\"905\" srcset=\"https:\/\/i0.wp.com\/miradordeatarfe.es\/wp-content\/uploads\/2020\/03\/3.jpg?w=679&amp;ssl=1 679w, https:\/\/i0.wp.com\/miradordeatarfe.es\/wp-content\/uploads\/2020\/03\/3.jpg?resize=212%2C300&amp;ssl=1 212w, https:\/\/i0.wp.com\/miradordeatarfe.es\/wp-content\/uploads\/2020\/03\/3.jpg?resize=600%2C848&amp;ssl=1 600w\" sizes=\"auto, (max-width: 640px) 100vw, 640px\" \/><\/a><\/p>\n<\/div>\n<p><a href=\"https:\/\/i0.wp.com\/miradordeatarfe.es\/wp-content\/uploads\/2020\/03\/89771582_2935663513164166_6221774493539368960_o.jpg?ssl=1\"><img data-recalc-dims=\"1\" loading=\"lazy\" decoding=\"async\" class=\"wp-image-38361 size-full aligncenter\" src=\"https:\/\/i0.wp.com\/miradordeatarfe.es\/wp-content\/uploads\/2020\/03\/89771582_2935663513164166_6221774493539368960_o.jpg?resize=640%2C905&#038;ssl=1\" alt=\"\" width=\"640\" height=\"905\" srcset=\"https:\/\/i0.wp.com\/miradordeatarfe.es\/wp-content\/uploads\/2020\/03\/89771582_2935663513164166_6221774493539368960_o.jpg?w=679&amp;ssl=1 679w, https:\/\/i0.wp.com\/miradordeatarfe.es\/wp-content\/uploads\/2020\/03\/89771582_2935663513164166_6221774493539368960_o.jpg?resize=212%2C300&amp;ssl=1 212w, https:\/\/i0.wp.com\/miradordeatarfe.es\/wp-content\/uploads\/2020\/03\/89771582_2935663513164166_6221774493539368960_o.jpg?resize=600%2C848&amp;ssl=1 600w\" sizes=\"auto, (max-width: 640px) 100vw, 640px\" \/><\/a><\/p>\n<p>Estamos ante una Crisis Sanitaria cuya gravedad requiere la colaboraci\u00f3n y actuaci\u00f3n responsable de toda la ciudadan\u00eda. Ninguna de estas acciones preventivas ser\u00e1 efectiva si no realizamos correctamente la cuarentena y adoptamos medidas especiales de higiene.<\/p>\n<p>Desde el Ayuntamiento de Atarfe se hace un llamamiento a seguir las recomendaciones que el Ministerio de Sanidad realiza en torno a la asistencia a Centros Sanitarios y Lugares P\u00fablicos. Todos debemos ser<span class=\"text_exposed_show\"> conscientes de que estamos ante un problema que requiere la colaboraci\u00f3n y una actuaci\u00f3n responsable por parte de tod@s l@s ciudadan@s.<\/span><\/p>\n<div class=\"text_exposed_show\">\n<p><a class=\"_58cn\" href=\"https:\/\/www.facebook.com\/hashtag\/quedateencasa?source=feed_text&amp;epa=HASHTAG&amp;__xts__%5B0%5D=68.ARBlPGcAddoRiOjjRBSqDAVWbzee7q_1qYGch4HTp0bBct0N_E8kwJ_ioioG7zU8LyaJgse4RCELsxAntXs_O5372pMvFE9QC6AKPXnJKY_jQLlvCYi_YGRZ2nCnknDfaCvsE2S2R4Xs2QsoBM_LwSPMvbIjDPHRW73MghNxKcx2j9IO3K1MqY-OOUuu7j42tY2diEL4pmRzE4CDTdckP7vkOIby1R7CdQknNBxjZdYFnBca-J30o7MVlIm0SznKM1DqM4fQ2H1trzwiAUbzhur38Jc5yEbSvlgZeRTTe5HKdknPnakzJeqt3stNOXHp8ikdM35tk_XQnEZ8cZy5dbSvUQ&amp;__tn__=%2ANK-R\" data-ft=\"{&quot;type&quot;:104,&quot;tn&quot;:&quot;*N&quot;}\"><span class=\"_5afx\"><span class=\"_58cl _5afz\" aria-label=\"hashtag\">#<\/span><span class=\"_58cm\">QuedateEnCasa<\/span><\/span><\/a><\/p>\n<\/div>\n","protected":false},"excerpt":{"rendered":"<p>A partir del Viernes 13 de Marzo, entran en vigor las Medidas Municipales de Contenci\u00f3n&#8230;<\/p>\n","protected":false},"author":1,"featured_media":38331,"comment_status":"closed","ping_status":"closed","sticky":false,"template":"","format":"standard","meta":{"_coblocks_attr":"","_coblocks_dimensions":"","_coblocks_responsive_height":"","_coblocks_accordion_ie_support":"","jetpack_post_was_ever_published":false,"_jetpack_newsletter_access":"","_jetpack_dont_email_post_to_subs":false,"_jetpack_newsletter_tier_id":0,"_jetpack_memberships_contains_paywalled_content":false,"_jetpack_memberships_contains_paid_content":false,"footnotes":"","jetpack_publicize_message":"","jetpack_publicize_feature_enabled":true,"jetpack_social_post_already_shared":false,"jetpack_social_options":{"image_generator_settings":{"template":"highway","default_image_id":0,"enabled":false},"version":2}},"categories":[2,1161,44,6937,15],"tags":[81,7135,7021],"class_list":["post-38359","post","type-post","status-publish","format-standard","has-post-thumbnail","hentry","category-atarfe","category-ciudadania","category-noticias-de-hoy","category-sociedad","category-ultimas-noticias","tag-atarfe","tag-bandos","tag-coronavirus"],"jetpack_publicize_connections":[],"jetpack_featured_media_url":"https:\/\/i0.wp.com\/miradordeatarfe.es\/wp-content\/uploads\/2020\/03\/parq-de-la-torre.jpg?fit=270%2C228&ssl=1","jetpack_likes_enabled":true,"jetpack_sharing_enabled":true,"_links":{"self":[{"href":"https:\/\/miradordeatarfe.es\/index.php?rest_route=\/wp\/v2\/posts\/38359","targetHints":{"allow":["GET"]}}],"collection":[{"href":"https:\/\/miradordeatarfe.es\/index.php?rest_route=\/wp\/v2\/posts"}],"about":[{"href":"https:\/\/miradordeatarfe.es\/index.php?rest_route=\/wp\/v2\/types\/post"}],"author":[{"embeddable":true,"href":"https:\/\/miradordeatarfe.es\/index.php?rest_route=\/wp\/v2\/users\/1"}],"replies":[{"embeddable":true,"href":"https:\/\/miradordeatarfe.es\/index.php?rest_route=%2Fwp%2Fv2%2Fcomments&post=38359"}],"version-history":[{"count":1,"href":"https:\/\/miradordeatarfe.es\/index.php?rest_route=\/wp\/v2\/posts\/38359\/revisions"}],"predecessor-version":[{"id":38362,"href":"https:\/\/miradordeatarfe.es\/index.php?rest_route=\/wp\/v2\/posts\/38359\/revisions\/38362"}],"wp:featuredmedia":[{"embeddable":true,"href":"https:\/\/miradordeatarfe.es\/index.php?rest_route=\/wp\/v2\/media\/38331"}],"wp:attachment":[{"href":"https:\/\/miradordeatarfe.es\/index.php?rest_route=%2Fwp%2Fv2%2Fmedia&parent=38359"}],"wp:term":[{"taxonomy":"category","embeddable":true,"href":"https:\/\/miradordeatarfe.es\/index.php?rest_route=%2Fwp%2Fv2%2Fcategories&post=38359"},{"taxonomy":"post_tag","embeddable":true,"href":"https:\/\/miradordeatarfe.es\/index.php?rest_route=%2Fwp%2Fv2%2Ftags&post=38359"}],"curies":[{"name":"wp","href":"https:\/\/api.w.org\/{rel}","templated":true}]}}