{"id":38375,"date":"2020-03-15T20:33:01","date_gmt":"2020-03-15T19:33:01","guid":{"rendered":"http:\/\/miradordeatarfe.es\/?p=38375"},"modified":"2020-03-15T20:33:01","modified_gmt":"2020-03-15T19:33:01","slug":"sanidad-niega-que-el-ibuprofeno-agrave-el-coronavirus","status":"publish","type":"post","link":"https:\/\/miradordeatarfe.es\/?p=38375","title":{"rendered":"Sanidad niega que el ibuprofeno agrave el coronavirus"},"content":{"rendered":"<h3 style=\"text-align: justify;\">La <strong>Agencia Espa\u00f1ola de Medicamentos y Productos Sanitarios (AEMPS)\u00a0<\/strong>informa que\u00a0no existe ning\u00fan dato actualmente que permita afirmar un agravamiento de la infecci\u00f3n por <strong>coronavirus<\/strong> con el <strong>ibuprofeno<\/strong> u otros antiinflamatorios no esteroideos, por lo que no hay razones para que los pacientes que est\u00e9n en tratamiento cr\u00f3nico con estos medicamentos los interrumpan.<\/h3>\n<p style=\"text-align: justify;\">De esta forma, la\u00a0AEMPS, dependiente del <a title=\"Ministerio de Sanidad\" href=\"https:\/\/www.mscbs.gob.es\/\" target=\"_blank\" rel=\"nofollow noopener noreferrer\" data-external=\"1\">Ministerio de Sanidad<\/a>, desmienta <em>la alerta que lanzaban este s\u00e1bado las autoridades sanitarias francesas<\/em>. Tanto el ministro de Sanidad galo,\u00a0<strong>Olivier V\u00e9ran<\/strong>, como\u00a0el director general de Salud,\u00a0<strong>J\u00e9r\u00f4me Salomon<\/strong>, aseguraron en sus redes sociales que tomar\u00a0ibuprofeno\u00a0y otros medicamentos antiinflamatorios puede empeorar la infecci\u00f3n por\u00a0coronavirus, por lo que recomendaban\u00a0a quienes tengan fiebre que tomen\u00a0<a title=\"Peligros de recurrir excesivamente al paracetamol en personas mayores\" href=\"https:\/\/www.65ymas.com\/salud\/peligros-recurrir-excesivamente-paracetamol-personas-mayores_9475_102.html\">paracetamol<\/a>.<\/p>\n<p style=\"text-align: justify;\">\u00abEste an\u00e1lisis finalizar\u00e1 previsiblemente en <strong>mayo de 2020<\/strong> pero, con la informaci\u00f3n disponible es complejo determinar si esta asociaci\u00f3n existe, ya que el ibuprofeno se utiliza para el <strong>tratamiento de los s\u00edntomas iniciales de las infecciones<\/strong> y, por lo tanto, la relaci\u00f3n causa-efecto no es f\u00e1cil de establecer\u00bb, a\u00f1ade.<\/p>\n<p style=\"text-align: justify;\">Igualmente, se\u00f1ala que \u00ablas fichas t\u00e9cnicas de los medicamentos que contienen ibuprofeno ya indican que este medicamento <strong>puede enmascarar los s\u00edntomas de las infecciones<\/strong>, lo que podr\u00eda retrasar su diagn\u00f3stico y ser la causa de que se diagnostiquen en estadios m\u00e1s floridos, aunque esto se refiere a las infecciones en general, <strong>no espec\u00edficamente a la infecci\u00f3n por Covid-19<\/strong>\u00ab.<\/p>\n<div class=\"body-article\">\n<p style=\"text-align: justify;\"><strong>Covid-19<\/strong>\u00ab.<\/p>\n<div class=\"article-image\" style=\"text-align: justify;\" data-ck-asset-wrapper=\"\"><img data-recalc-dims=\"1\" loading=\"lazy\" decoding=\"async\" class=\"loading\" title=\"Peligros de recurrir excesivamente al paracetamol en mayores\" src=\"https:\/\/i0.wp.com\/www.65ymas.com\/uploads\/s1\/22\/19\/38\/peligros-de-recurrir-excesivamente-al-paracetamol-en-mayores_6_928x621.jpeg?resize=640%2C428&#038;ssl=1\" alt=\"Peligros de recurrir excesivamente al paracetamol en mayores\" width=\"640\" height=\"428\" data-id=\"221932\" data-resize=\"6\" data-was-processed=\"true\" \/><\/p>\n<div class=\"seedtag-gohan seedtag-adunit st-in-image\">\n<div class=\"st-container\">\u00a0<\/div>\n<\/div>\n<\/div>\n<h3 style=\"text-align: justify;\">\u00abEl paracetamol, primera alternativa para la fiebre\u00bb<\/h3>\n<p style=\"text-align: justify;\">El ibuprofeno es un <strong>medicamento\u00a0antinflamatorio no esteroideo (AINE)\u00a0<\/strong>que se usa para el\u00a0tratamiento de la fiebre y el alivio de determinados tipos de dolor\u00a0asociados con ciertas inflamaciones.\u00a0En Espa\u00f1a, el ibuprofeno es\u00a0<strong>uno de los medicamentos m\u00e1s vendidos<\/strong>. En 2016, se vendieron hasta 44 millones de cajetillas.<\/p>\n<p style=\"text-align: justify;\">\u00abLas gu\u00edas recomiendan el uso de <strong><a title=\"Peligros de recurrir excesivamente al paracetamol en personas mayores\" href=\"https:\/\/www.65ymas.com\/salud\/peligros-recurrir-excesivamente-paracetamol-personas-mayores_9475_102.html\" target=\"_self\" rel=\"follow noopener noreferrer\" data-external=\"0\" data-intl-links-es=\"https:\/\/www.65ymas.com\/salud\/peligros-recurrir-excesivamente-paracetamol-personas-mayores_9475_102.html\">paracetamol<\/a> <\/strong>para el tratamiento sintom\u00e1tico de la fiebre\u00a0como primera alternativa. Sin embargo, tampoco hay ninguna evidencia que contraindique el uso de ibuprofeno en el tratamiento de s\u00edntomas menores. En ambos casos, los medicamentos deben ser utilizados en base a la ficha t\u00e9cnica y a la menor dosis capaz de controlar los s\u00edntomas\u00bb, concluye la AEMPS.<\/p>\n<div class=\"google-auto-placed\">\u00a0<\/div>\n<\/div>\n","protected":false},"excerpt":{"rendered":"<p>La Agencia Espa\u00f1ola de Medicamentos y Productos Sanitarios (AEMPS)\u00a0informa que\u00a0no existe ning\u00fan dato actualmente que&#8230;<\/p>\n","protected":false},"author":1,"featured_media":38376,"comment_status":"closed","ping_status":"closed","sticky":false,"template":"","format":"standard","meta":{"_coblocks_attr":"","_coblocks_dimensions":"","_coblocks_responsive_height":"","_coblocks_accordion_ie_support":"","jetpack_post_was_ever_published":false,"_jetpack_newsletter_access":"","_jetpack_dont_email_post_to_subs":false,"_jetpack_newsletter_tier_id":0,"_jetpack_memberships_contains_paywalled_content":false,"_jetpack_memberships_contains_paid_content":false,"footnotes":"","jetpack_publicize_message":"","jetpack_publicize_feature_enabled":true,"jetpack_social_post_already_shared":false,"jetpack_social_options":{"image_generator_settings":{"template":"highway","default_image_id":0,"enabled":false},"version":2}},"categories":[1161,44,6937,15],"tags":[6479,4538,3531],"class_list":["post-38375","post","type-post","status-publish","format-standard","has-post-thumbnail","hentry","category-ciudadania","category-noticias-de-hoy","category-sociedad","category-ultimas-noticias","tag-agencia-del-medicamento","tag-ibuprofeno","tag-paracetamol"],"jetpack_publicize_connections":[],"jetpack_featured_media_url":"https:\/\/i0.wp.com\/miradordeatarfe.es\/wp-content\/uploads\/2020\/03\/bigstock-london-uk-july-th-317247544_1_621x621.jpeg?fit=621%2C621&ssl=1","jetpack_likes_enabled":true,"jetpack_sharing_enabled":true,"_links":{"self":[{"href":"https:\/\/miradordeatarfe.es\/index.php?rest_route=\/wp\/v2\/posts\/38375","targetHints":{"allow":["GET"]}}],"collection":[{"href":"https:\/\/miradordeatarfe.es\/index.php?rest_route=\/wp\/v2\/posts"}],"about":[{"href":"https:\/\/miradordeatarfe.es\/index.php?rest_route=\/wp\/v2\/types\/post"}],"author":[{"embeddable":true,"href":"https:\/\/miradordeatarfe.es\/index.php?rest_route=\/wp\/v2\/users\/1"}],"replies":[{"embeddable":true,"href":"https:\/\/miradordeatarfe.es\/index.php?rest_route=%2Fwp%2Fv2%2Fcomments&post=38375"}],"version-history":[{"count":1,"href":"https:\/\/miradordeatarfe.es\/index.php?rest_route=\/wp\/v2\/posts\/38375\/revisions"}],"predecessor-version":[{"id":38377,"href":"https:\/\/miradordeatarfe.es\/index.php?rest_route=\/wp\/v2\/posts\/38375\/revisions\/38377"}],"wp:featuredmedia":[{"embeddable":true,"href":"https:\/\/miradordeatarfe.es\/index.php?rest_route=\/wp\/v2\/media\/38376"}],"wp:attachment":[{"href":"https:\/\/miradordeatarfe.es\/index.php?rest_route=%2Fwp%2Fv2%2Fmedia&parent=38375"}],"wp:term":[{"taxonomy":"category","embeddable":true,"href":"https:\/\/miradordeatarfe.es\/index.php?rest_route=%2Fwp%2Fv2%2Fcategories&post=38375"},{"taxonomy":"post_tag","embeddable":true,"href":"https:\/\/miradordeatarfe.es\/index.php?rest_route=%2Fwp%2Fv2%2Ftags&post=38375"}],"curies":[{"name":"wp","href":"https:\/\/api.w.org\/{rel}","templated":true}]}}