{"id":38440,"date":"2020-03-21T10:35:51","date_gmt":"2020-03-21T09:35:51","guid":{"rendered":"http:\/\/miradordeatarfe.es\/?p=38440"},"modified":"2020-03-18T16:44:35","modified_gmt":"2020-03-18T15:44:35","slug":"geometria-de-una-pandemia","status":"publish","type":"post","link":"https:\/\/miradordeatarfe.es\/?p=38440","title":{"rendered":"Geometr\u00eda de una pandemia"},"content":{"rendered":"<h2 class=\"font_secondary color_gray_dark normal\">El estado de alarma decretado por el Gobierno no es para protegerte a ti, sino a los dem\u00e1s<\/h2>\n<p class=\"\" style=\"text-align: justify;\">Los cient\u00edficos llevaban un mes preocupados por una cuesti\u00f3n coronav\u00edrica fundamental. Sab\u00edan que China hab\u00eda logrado controlar sus focos de infecci\u00f3n, en particular la ciudad de Wuhan, con 11 millones de habitantes, por el simple prospecto de aislarlos del resto del mundo. Pero \u00bfser\u00eda posible aplicar ese tipo de medidas en las democracias occidentales? Acabamos de ver que s\u00ed. Las medidas del Gobierno espa\u00f1ol, como las de otros pa\u00edses de nuestro entorno, se basan casi por entero en la experiencia china. Los aislamientos y las cuarentenas ralentizan la propagaci\u00f3n del virus. Eso no quiere decir que lo eliminen \u2014este coronavirus no tiene pinta de estar en riesgo de extinci\u00f3n\u2014, pero s\u00ed que permite a los sistemas sanitarios gestionar sus efectos. Esta es la clave para entender la crisis sanitaria. Las Bolsas son otra historia.<\/p>\n<p class=\"\" style=\"text-align: justify;\">El coronavirus (SARS-CoV-2, en la jerga, causante de la enfermedad respiratoria Covid-19, pero ruego al lector que se olvide de estas espesuras lexicol\u00f3gicas) se propaga mejor que su predecesor el SARS, y hasta mejor que la gripe, que hasta ahora era la verdadera pesadilla de los epidemi\u00f3logos. Pocos cient\u00edficos esperar\u00e1n eliminarlo a estas alturas. Lo m\u00e1s probable es que el coronavirus infecte tarde o temprano a la mayor parte de la poblaci\u00f3n europea, y seguramente de la mundial. La canciller alemana, Angela Merkel, lo ha cifrado esta semana en un 70% de la poblaci\u00f3n, y qui\u00e9n sabe si se qued\u00f3 corta. Pero esto no es un dato tan preocupante como parece.<\/p>\n<p class=\"\" style=\"text-align: justify;\">Una buena regla que han aprendido los epidemi\u00f3logos en esta crisis es 80\/15\/5. Son porcentajes, y por eso suman 100. El 80% de los espa\u00f1oles, y de los europeos, se infectar\u00e1n sin casi enterarse. Para ellos, la enfermedad ser\u00e1 tan leve que ni le prestar\u00e1n atenci\u00f3n m\u00e1s all\u00e1 de un ocasional paracetamol. El 15% puede sufrir neumon\u00eda y necesitar\u00e1 tratamiento. Y el otro 5% tendr\u00e1 que ingresar en la unidad de cuidados intensivos (UCI) de su hospital. 80\/15\/5 es la clave para entender las medidas que est\u00e1n tomando el Gobierno. Esas medidas son correctas, pero no siempre f\u00e1ciles de entender por la poblaci\u00f3n. Ni por los mercados, por las fluctuaciones cu\u00e1nticas que venimos observando en ese gallinero.<\/p>\n<p class=\"\" style=\"text-align: justify;\">Hay una geometr\u00eda de la pandemia. Si el virus va a acabar por contagiarnos a casi todos, \u00bfpor qu\u00e9 empe\u00f1arse en frenar su propagaci\u00f3n? El objetivo del estado de alerta declarado por el Gobierno no es protegerte a ti, desocupado lector, sino al sistema sanitario que, con toda seguridad, necesitar\u00e1s alguna vez en tu vida. El 5% de 100 infectados son cinco pacientes en la UCI. El 5% de un mill\u00f3n de infectados son 50.000 pacientes en la UCI. Ning\u00fan sistema sanitario puede soportar eso y las medidas son necesarias para <a href=\"https:\/\/elpais.com\/ciencia\/2020-03-11\/objetivo-numero-uno-aplanar-la-curva-del-coronavirus.html\" data-link-track-dtm=\"\">allanar la curva de contagio<\/a>, como puedes leer en Materia. El n\u00famero final de infectados puede ser el mismo, pero su llegada a los hospitales se escalonar\u00e1 lo bastante como para hacer posible la atenci\u00f3n a los casos m\u00e1s graves. Tu aislamiento no es para ti, sino para los dem\u00e1s. P\u00f3rtate bien.<\/p>\n<p><span class=\"margin_bottom uppercase flex align_items_center margin_right\"><a class=\"color_black\" title=\"Ver todas las noticias de Javier Sampedro\" href=\"https:\/\/elpais.com\/autor\/javier_sampedro\/a\/\">Javier Sampedro<\/a><\/span><\/p>\n<p>FOTO: Un trabajador m\u00e9dico descansa en el control de frontera entre Alemania y la Rep\u00fablica Checa.<span class=\"color_black margin_left uppercase light\">Petr David Josek \/ AP (AP)<\/span><\/p>\n<p>https:\/\/elpais.com\/autor\/javier_sampedro\/a\/<\/p>\n","protected":false},"excerpt":{"rendered":"<p>El estado de alarma decretado por el Gobierno no es para protegerte a ti, sino&#8230;<\/p>\n","protected":false},"author":1,"featured_media":38441,"comment_status":"closed","ping_status":"closed","sticky":false,"template":"","format":"standard","meta":{"_coblocks_attr":"","_coblocks_dimensions":"","_coblocks_responsive_height":"","_coblocks_accordion_ie_support":"","jetpack_post_was_ever_published":false,"_jetpack_newsletter_access":"","_jetpack_dont_email_post_to_subs":false,"_jetpack_newsletter_tier_id":0,"_jetpack_memberships_contains_paywalled_content":false,"_jetpack_memberships_contains_paid_content":false,"footnotes":"","jetpack_publicize_message":"","jetpack_publicize_feature_enabled":true,"jetpack_social_post_already_shared":false,"jetpack_social_options":{"image_generator_settings":{"template":"highway","default_image_id":0,"enabled":false},"version":2}},"categories":[1161,44,6937,15],"tags":[7021],"class_list":["post-38440","post","type-post","status-publish","format-standard","has-post-thumbnail","hentry","category-ciudadania","category-noticias-de-hoy","category-sociedad","category-ultimas-noticias","tag-coronavirus"],"jetpack_publicize_connections":[],"jetpack_featured_media_url":"https:\/\/i0.wp.com\/miradordeatarfe.es\/wp-content\/uploads\/2020\/03\/5UKWIILR7FCWLEOQWYHJI7Z65E.jpg?fit=1500%2C1023&ssl=1","jetpack_likes_enabled":true,"jetpack_sharing_enabled":true,"_links":{"self":[{"href":"https:\/\/miradordeatarfe.es\/index.php?rest_route=\/wp\/v2\/posts\/38440","targetHints":{"allow":["GET"]}}],"collection":[{"href":"https:\/\/miradordeatarfe.es\/index.php?rest_route=\/wp\/v2\/posts"}],"about":[{"href":"https:\/\/miradordeatarfe.es\/index.php?rest_route=\/wp\/v2\/types\/post"}],"author":[{"embeddable":true,"href":"https:\/\/miradordeatarfe.es\/index.php?rest_route=\/wp\/v2\/users\/1"}],"replies":[{"embeddable":true,"href":"https:\/\/miradordeatarfe.es\/index.php?rest_route=%2Fwp%2Fv2%2Fcomments&post=38440"}],"version-history":[{"count":1,"href":"https:\/\/miradordeatarfe.es\/index.php?rest_route=\/wp\/v2\/posts\/38440\/revisions"}],"predecessor-version":[{"id":38442,"href":"https:\/\/miradordeatarfe.es\/index.php?rest_route=\/wp\/v2\/posts\/38440\/revisions\/38442"}],"wp:featuredmedia":[{"embeddable":true,"href":"https:\/\/miradordeatarfe.es\/index.php?rest_route=\/wp\/v2\/media\/38441"}],"wp:attachment":[{"href":"https:\/\/miradordeatarfe.es\/index.php?rest_route=%2Fwp%2Fv2%2Fmedia&parent=38440"}],"wp:term":[{"taxonomy":"category","embeddable":true,"href":"https:\/\/miradordeatarfe.es\/index.php?rest_route=%2Fwp%2Fv2%2Fcategories&post=38440"},{"taxonomy":"post_tag","embeddable":true,"href":"https:\/\/miradordeatarfe.es\/index.php?rest_route=%2Fwp%2Fv2%2Ftags&post=38440"}],"curies":[{"name":"wp","href":"https:\/\/api.w.org\/{rel}","templated":true}]}}