{"id":38464,"date":"2020-03-24T11:00:10","date_gmt":"2020-03-24T10:00:10","guid":{"rendered":"http:\/\/miradordeatarfe.es\/?p=38464"},"modified":"2020-03-21T19:32:57","modified_gmt":"2020-03-21T18:32:57","slug":"5o-concurso-de-cuentos-joaquin-lamolda-gomez","status":"publish","type":"post","link":"https:\/\/miradordeatarfe.es\/?p=38464","title":{"rendered":"5\u00ba Concurso de Cuentos \u00abJoaqu\u00edn Lamolda G\u00f3mez\u00bb"},"content":{"rendered":"<h3>La Fundaci\u00f3n Sierra Elvira, cumpliendo sus objetivos de promover y difundir la cultura, convoca este <i><b>5\u00ba Concurso de Cuentos<\/b><\/i> dirigido a adultos no mayores de 32 a\u00f1os.<\/h3>\n<p>\n\u00a0\u00a0Los participantes han de residir en alguna de las Provincias de Almer\u00eda, Granada, Ja\u00e9n o M\u00e1laga, actualmente.<\/p>\n<p>\u00a0 Texto escrito en espa\u00f1ol con una extensi\u00f3n entre 10 y 12 p\u00e1ginas, mas ilustraci\u00f3n de dibujo de l\u00ednea (ver punto 2 de las <a href=\"http:\/\/www.fundacionsierraelvira.org\/cuento\/cuento2020.doc\">Bases<\/a>).<\/p>\n<p>\u00a0 Cada participante ha de enviar, junto con la obra escogida, una <a href=\"http:\/\/www.fundacionsierraelvira.org\/cuento\/inscuento20.doc\">Ficha de Inscripci\u00f3n<\/a> cumplimentada y copia de un documento de identificaci\u00f3n v\u00e1lido.\u00a0 El Comit\u00e9 de Lectura seleccionar\u00e1 un m\u00e1ximo 12 cuentos finalistas, entre los cuales se seleccionar\u00e1 tres premios, atendiendo a la calidad literaria y a la creatividad del autor.<\/p>\n<p>\u00a0 Cada participante garantiza ser el titular de los derechos de propiedad intelectual de la obra presentada por lo que exime a la Fundaci\u00f3n de cualquier reclamaci\u00f3n al respecto.<\/p>\n<p>\u00a0 Los cuentos premiados y los finalistas, seleccionados, ser\u00e1n publicados por la Fundaci\u00f3n en la Colecci\u00f3n \u00abCuentos de la Fundaci\u00f3n\u00bb. Cada autor recibir\u00e1 10 ejemplares.<\/p>\n<p align=\"right\"><strong>\u00a0Plazo de Inscripci\u00f3n: hasta el 20 de julio de 2020.<\/strong><\/p>\n<p>Lo expuesto es un resumen. Las condiciones detalladas se encuentran en las <a href=\"http:\/\/www.fundacionsierraelvira.org\/cuento\/cuento2020.doc\">Bases del concurso<\/a>, que prevalecen sobre este resumen informativo.<\/p>\n","protected":false},"excerpt":{"rendered":"<p>La Fundaci\u00f3n Sierra Elvira, cumpliendo sus objetivos de promover y difundir la cultura, convoca este&#8230;<\/p>\n","protected":false},"author":1,"featured_media":38466,"comment_status":"closed","ping_status":"closed","sticky":false,"template":"","format":"standard","meta":{"_coblocks_attr":"","_coblocks_dimensions":"","_coblocks_responsive_height":"","_coblocks_accordion_ie_support":"","jetpack_post_was_ever_published":false,"_jetpack_newsletter_access":"","_jetpack_dont_email_post_to_subs":false,"_jetpack_newsletter_tier_id":0,"_jetpack_memberships_contains_paywalled_content":false,"_jetpack_memberships_contains_paid_content":false,"footnotes":"","jetpack_publicize_message":"","jetpack_publicize_feature_enabled":true,"jetpack_social_post_already_shared":false,"jetpack_social_options":{"image_generator_settings":{"template":"highway","default_image_id":0,"enabled":false},"version":2}},"categories":[2,186,44,15],"tags":[81,911,332],"class_list":["post-38464","post","type-post","status-publish","format-standard","has-post-thumbnail","hentry","category-atarfe","category-instituciones","category-noticias-de-hoy","category-ultimas-noticias","tag-atarfe","tag-cuentos","tag-fundacion-sierra-elvira"],"jetpack_publicize_connections":[],"jetpack_featured_media_url":"https:\/\/i0.wp.com\/miradordeatarfe.es\/wp-content\/uploads\/2020\/03\/lapiz-1494534317080.jpg?fit=712%2C350&ssl=1","jetpack_likes_enabled":true,"jetpack_sharing_enabled":true,"_links":{"self":[{"href":"https:\/\/miradordeatarfe.es\/index.php?rest_route=\/wp\/v2\/posts\/38464","targetHints":{"allow":["GET"]}}],"collection":[{"href":"https:\/\/miradordeatarfe.es\/index.php?rest_route=\/wp\/v2\/posts"}],"about":[{"href":"https:\/\/miradordeatarfe.es\/index.php?rest_route=\/wp\/v2\/types\/post"}],"author":[{"embeddable":true,"href":"https:\/\/miradordeatarfe.es\/index.php?rest_route=\/wp\/v2\/users\/1"}],"replies":[{"embeddable":true,"href":"https:\/\/miradordeatarfe.es\/index.php?rest_route=%2Fwp%2Fv2%2Fcomments&post=38464"}],"version-history":[{"count":1,"href":"https:\/\/miradordeatarfe.es\/index.php?rest_route=\/wp\/v2\/posts\/38464\/revisions"}],"predecessor-version":[{"id":38467,"href":"https:\/\/miradordeatarfe.es\/index.php?rest_route=\/wp\/v2\/posts\/38464\/revisions\/38467"}],"wp:featuredmedia":[{"embeddable":true,"href":"https:\/\/miradordeatarfe.es\/index.php?rest_route=\/wp\/v2\/media\/38466"}],"wp:attachment":[{"href":"https:\/\/miradordeatarfe.es\/index.php?rest_route=%2Fwp%2Fv2%2Fmedia&parent=38464"}],"wp:term":[{"taxonomy":"category","embeddable":true,"href":"https:\/\/miradordeatarfe.es\/index.php?rest_route=%2Fwp%2Fv2%2Fcategories&post=38464"},{"taxonomy":"post_tag","embeddable":true,"href":"https:\/\/miradordeatarfe.es\/index.php?rest_route=%2Fwp%2Fv2%2Ftags&post=38464"}],"curies":[{"name":"wp","href":"https:\/\/api.w.org\/{rel}","templated":true}]}}