{"id":38471,"date":"2020-03-24T10:15:53","date_gmt":"2020-03-24T09:15:53","guid":{"rendered":"http:\/\/miradordeatarfe.es\/?p=38471"},"modified":"2020-03-21T19:33:17","modified_gmt":"2020-03-21T18:33:17","slug":"pinceladas-de-arte-con-alberto-amate","status":"publish","type":"post","link":"https:\/\/miradordeatarfe.es\/?p=38471","title":{"rendered":"Pinceladas de arte con Alberto Amate"},"content":{"rendered":"<header class=\"pg-head\">\n<h3 style=\"text-align: justify;\">El artista granadino presenta hoy su muestra &#8216;Ser diferente es un punto&#8217; que se expone en la Biblioteca P\u00fablica de Gran Capit\u00e1n a las 18:30 horas ( SUPONEMOS UE CUANDO TERMINE<\/h3>\n<\/header>\n<div class=\"gd\">\n<div class=\"gdu u16 u-first\">\n<div class=\"pg-media\" style=\"text-align: justify;\">\n<div class=\"md-gallery md\" data-gallery-navigation=\"true\" data-gallery-lazy-loading=\"true\">\n<div class=\"gallery-content-wrap\">\n<div class=\"gallery-slider swiper-container swiper-container-horizontal\">\n<div class=\"swiper-wrapper\">\n<div class=\"gallery-slide swiper-slide swiper-slide-active\">\n<div class=\"inner\">\n<figure id=\"media-holder_1155539776\" class=\"image-holder\"><span class=\"obj-img\">\u00a0 <\/span><figcaption><\/figcaption><\/figure>\n<\/div>\n<\/div>\n<div class=\"gallery-slide swiper-slide swiper-slide-next\">\n<div class=\"inner\">\n<figure id=\"media-holder_93025111\" class=\"image-holder\"><span class=\"obj-img\"> <img data-recalc-dims=\"1\" loading=\"lazy\" decoding=\"async\" class=\"swiper-lazy swiper-lazy-loaded\" src=\"https:\/\/i0.wp.com\/www.granadahoy.com\/2020\/03\/11\/vivir\/Balbino-Montiano-Alberto-Educarconarte-Educarconcarte_1445266035_118401706_667x375.jpg?resize=640%2C360&#038;ssl=1\" alt=\"Balbino Montiano, profesor de Alberto en Educarconarte; Alberto y Nuria Garay, directora de Educarconcarte, en el centro ubicado en Atarfe.\" width=\"640\" height=\"360\" \/> <\/span><figcaption>\n<div class=\"footnote\">\n<p class=\"text\">Balbino Montiano, profesor de Alberto en Educarconarte; Alberto y Nuria Garay, directora de Educarconcarte, en el centro ubicado en Atarfe. <wbr \/><\/p>\n<\/div>\n<\/figcaption><\/figure>\n<\/div>\n<\/div>\n<div class=\"gallery-slide swiper-slide\">\n<div class=\"inner\">\n<figure id=\"media-holder_246704625\" class=\"image-holder\"><span class=\"obj-img\"> <img data-recalc-dims=\"1\" loading=\"lazy\" decoding=\"async\" class=\"swiper-lazy swiper-lazy-loaded\" src=\"https:\/\/i0.wp.com\/www.granadahoy.com\/2020\/03\/11\/vivir\/Pinceladas-arte-Alberto-Amate_1445266040_118401960_667x375.jpg?resize=640%2C360&#038;ssl=1\" alt=\"Pinceladas de arte con Alberto Amate\" width=\"640\" height=\"360\" \/> <\/span><figcaption>\n<div class=\"footnote\">\n<p class=\"text\">Pinceladas de arte con Alberto Amate <wbr \/><\/p>\n<\/div>\n<\/figcaption><\/figure>\n<\/div>\n<\/div>\n<\/div>\n<\/div>\n<\/div>\n<\/div>\n<\/div>\n<div class=\"pg-body\">\n<div class=\"mce-body \" style=\"text-align: justify;\">\n<div class=\"mce\">El arte es una <strong class=\"mce\">forma de expresi\u00f3n<\/strong> que no entiende de cromosomas. El dibujo, independientemente de la t\u00e9cnica, es una herramienta de comunicaci\u00f3n entre el artista y el mundo. Son muchas las personas con S\u00edndrome de Down con <strong class=\"mce\">altas capacidades art\u00edsticas<\/strong> que encuentran en el lienzo su lugar de inspiraci\u00f3n, como es el caso de<strong class=\"mce\"> Alberto Amate<\/strong>, el joven artista granadino, que presenta hoy en la <strong class=\"mce\">Biblioteca P\u00fablica de Gran Capit\u00e1n<\/strong> a las 18:30 horas su muestra <em class=\"mce\">Ser diferente es un punto<\/em>.<\/div>\n<div class=\"mce\">\n<div class=\"mce\">La exposici\u00f3n, que podr\u00e1 visitarse<strong class=\"mce\"> hasta el 3 de abril<\/strong>, recoge m\u00e1s de una veintena de obras de Amate en las que se puede ver la evoluci\u00f3n del artista. Esta muestra que se inici\u00f3 en 2018, ahora es m\u00e1s amplia y completa como comenta su padre, Jes\u00fas Amate: \u201cHay dibujos de sus inicios, donde se percibe una t\u00e9cnica m\u00e1s infantil, y nuevas piezas en las que se ve el <strong class=\"mce\">crecimiento personal y art\u00edstico<\/strong> de Alberto\u201d. De hecho, ha pasado de dibujos con rotulador y l\u00e1piz al uso de acr\u00edlicos y acuarelas. Lo que no ha variado es su <strong class=\"mce\">pasi\u00f3n por el color<\/strong>. Le encantan los colores estridentes, usa una l\u00ednea definitoria y tiende a <strong class=\"mce\">encerrar los vol\u00famenes<\/strong> y contrastarlos fuertemente con tonos muy c\u00e1lidos, le chiflan los naranjas, amarillos y contrastarlos con el verde o colores fr\u00edos.<\/div>\n<div class=\"mce\">\u00a0<\/div>\n<div class=\"mce\">El joven dedica dos horas diarias a este arte en el Centro de Educaci\u00f3n Especial Pur\u00edsima Concepci\u00f3n y perfecciona y pule su talento en <strong class=\"mce\">Educaconarte<\/strong> (Atarfe) un centro en el que trabajan con personas con necesidades educativas a trav\u00e9s de talleres de creatividad y artes pl\u00e1sticas, donde le muestra diversidad de t\u00e9cnicas y materiales.<\/div>\n<div class=\"mce\">\u00a0<\/div>\n<div class=\"mce\">Balbino Montiano, profesor de Bellas Artes y de Alberto en Educaconarte, comenta que \u00abAlberto es capaz de asombrarnos en cada nuevo trabajo. Es sorprendente su <strong class=\"mce\">capacidad de s\u00edntesis<\/strong> independientemente de lo que se est\u00e9 trabajando, de forma abstracta o figurativa. Analiza su entorno, sintetiza una idea y la plasma a trav\u00e9s del pincel\u00bb.\u00a0<\/div>\n<div class=\"mce\">\u00a0<\/div>\n<div class=\"mce\">Montiano apunta que Alberto destaca \u00abpor el alto potencial creativo que tiene. Utiliza un lenguaje muy particular, un <strong class=\"mce\">c\u00f3digo muy personal<\/strong>, que hace que sus cuadros tengan su sello y su pintura sea muy espectacular\u00bb. La <strong class=\"mce\">constancia<\/strong> es otra de las virtudes que su profesor subraya de \u00e9l.<\/div>\n<div class=\"mce\">\u00a0<\/div>\n<p>La exposici\u00f3n<em class=\"mce\"> Ser diferente es un punto<\/em> <strong class=\"mce\">itinerar\u00e1<\/strong> por Andaluc\u00eda en los pr\u00f3ximos meses: viajar\u00e1 por Almer\u00eda (Roquetas de Mar), Almu\u00f1\u00e9car, Marbella, Sevilla y Madrid\u00a0para convertir la obra del artista granadino en un escaparate de arte inclusivo abierto a la sociedad.<\/div>\n<div class=\"mce\">\u00a0<\/div>\n<\/div>\n<aside class=\"rel-content-more mce-body\">\n<h2 class=\"label\" style=\"text-align: justify;\">Educarconarte, premio emprendimiento social<\/h2>\n<p class=\"mce\" style=\"text-align: justify;\">EducaConArte es un gabinete de intervenci\u00f3n educativa, social y art\u00edstica dirigido por profesionales y ubicado en Atarfe (Granada). Ofrecen talleres de creatividad y artes pl\u00e1sticas. Esta empresa ha sido una de las ganadoras en el VIII Concurso de Emprendimiento Universitario, en la categor\u00eda de\u00a0\u00a0mejor iniciativa universitaria de\u00a0<strong class=\"mce\">Emprendimiento Social<\/strong>:\u00a0<strong class=\"mce\">Educarconarte.<\/strong>\u00a0Este concurso fomenta e impulsa la capacidad emprendedora basada en la innovaci\u00f3n, el <strong class=\"mce\">talento<\/strong> y la creatividad. La intenci\u00f3n es impulsar las iniciativas <strong class=\"mce\">intraemprendedoras<\/strong> e innovadoras surgidas en la universidad que redunden en la mejora del entorno social y econ\u00f3mico.<\/p>\n<p>https:\/\/www.granadahoy.com\/vivir\/Pinceladas-arte-Alberto-Amate_0_1445255811.html<\/p>\n<p>FOTO: Pinceladas de arte con Alberto Amate <wbr \/> <span class=\"source\">Photographer Sports<\/span><\/p>\n<\/aside>\n<\/div>\n<\/div>\n<\/div>\n","protected":false},"excerpt":{"rendered":"<p>El artista granadino presenta hoy su muestra &#8216;Ser diferente es un punto&#8217; que se expone&#8230;<\/p>\n","protected":false},"author":1,"featured_media":38472,"comment_status":"closed","ping_status":"closed","sticky":false,"template":"","format":"standard","meta":{"_coblocks_attr":"","_coblocks_dimensions":"","_coblocks_responsive_height":"","_coblocks_accordion_ie_support":"","jetpack_post_was_ever_published":false,"_jetpack_newsletter_access":"","_jetpack_dont_email_post_to_subs":false,"_jetpack_newsletter_tier_id":0,"_jetpack_memberships_contains_paywalled_content":false,"_jetpack_memberships_contains_paid_content":false,"footnotes":"","jetpack_publicize_message":"","jetpack_publicize_feature_enabled":true,"jetpack_social_post_already_shared":false,"jetpack_social_options":{"image_generator_settings":{"template":"highway","default_image_id":0,"enabled":false},"version":2}},"categories":[186,44,15],"tags":[5269,1485],"class_list":["post-38471","post","type-post","status-publish","format-standard","has-post-thumbnail","hentry","category-instituciones","category-noticias-de-hoy","category-ultimas-noticias","tag-educaconarte","tag-pintura"],"jetpack_publicize_connections":[],"jetpack_featured_media_url":"https:\/\/i0.wp.com\/miradordeatarfe.es\/wp-content\/uploads\/2020\/03\/Pinceladas-arte-Alberto-Amate_1445266032_118401581_667x375.jpg?fit=667%2C375&ssl=1","jetpack_likes_enabled":true,"jetpack_sharing_enabled":true,"_links":{"self":[{"href":"https:\/\/miradordeatarfe.es\/index.php?rest_route=\/wp\/v2\/posts\/38471","targetHints":{"allow":["GET"]}}],"collection":[{"href":"https:\/\/miradordeatarfe.es\/index.php?rest_route=\/wp\/v2\/posts"}],"about":[{"href":"https:\/\/miradordeatarfe.es\/index.php?rest_route=\/wp\/v2\/types\/post"}],"author":[{"embeddable":true,"href":"https:\/\/miradordeatarfe.es\/index.php?rest_route=\/wp\/v2\/users\/1"}],"replies":[{"embeddable":true,"href":"https:\/\/miradordeatarfe.es\/index.php?rest_route=%2Fwp%2Fv2%2Fcomments&post=38471"}],"version-history":[{"count":2,"href":"https:\/\/miradordeatarfe.es\/index.php?rest_route=\/wp\/v2\/posts\/38471\/revisions"}],"predecessor-version":[{"id":38474,"href":"https:\/\/miradordeatarfe.es\/index.php?rest_route=\/wp\/v2\/posts\/38471\/revisions\/38474"}],"wp:featuredmedia":[{"embeddable":true,"href":"https:\/\/miradordeatarfe.es\/index.php?rest_route=\/wp\/v2\/media\/38472"}],"wp:attachment":[{"href":"https:\/\/miradordeatarfe.es\/index.php?rest_route=%2Fwp%2Fv2%2Fmedia&parent=38471"}],"wp:term":[{"taxonomy":"category","embeddable":true,"href":"https:\/\/miradordeatarfe.es\/index.php?rest_route=%2Fwp%2Fv2%2Fcategories&post=38471"},{"taxonomy":"post_tag","embeddable":true,"href":"https:\/\/miradordeatarfe.es\/index.php?rest_route=%2Fwp%2Fv2%2Ftags&post=38471"}],"curies":[{"name":"wp","href":"https:\/\/api.w.org\/{rel}","templated":true}]}}