{"id":38477,"date":"2020-03-21T08:41:24","date_gmt":"2020-03-21T07:41:24","guid":{"rendered":"http:\/\/miradordeatarfe.es\/?p=38477"},"modified":"2020-03-19T16:55:21","modified_gmt":"2020-03-19T15:55:21","slug":"la-historia-del-coronavirus","status":"publish","type":"post","link":"https:\/\/miradordeatarfe.es\/?p=38477","title":{"rendered":"LA HISTORIA DEL CORONAVIRUS CONTADA POR UN ABUELO"},"content":{"rendered":"<h3 style=\"text-align: justify;\">Abuelo&#8230; Abuelo! en mi libro de historia dice que en marzo de 2020 hubo una pandemia! Pero qu\u00e9 pas\u00f3?\u00bb<\/h3>\n<p style=\"text-align: justify;\">-\u00bb Sucedi\u00f3 que desde China lleg\u00f3 hasta nosotros un terr<span class=\"text_exposed_show\">ible virus de gripe nunca estudiado antes&#8230;\u00bb<\/span><\/p>\n<div class=\"text_exposed_show\">\n<p style=\"text-align: justify;\">\u00bb Y luego?\u00bb<\/p>\n<p style=\"text-align: justify;\">-\u00bb Todos nos pusimos en cuarentena, nadie pod\u00eda moverse de casa excepto para comprar alimentos en el supermercado.<br \/>\nSucedi\u00f3 en cualquier momento, el d\u00eda anterior est\u00e1bamos todos juntos&#8230; amigos, familiares, luego la ma\u00f1ana del 9 de marzo nos encontramos con la vida al rev\u00e9s.\u00bb<\/p>\n<p><a href=\"https:\/\/i0.wp.com\/miradordeatarfe.es\/wp-content\/uploads\/2020\/03\/89811587_2548262885426655_8758674876283224064_n.jpg?ssl=1\"><img data-recalc-dims=\"1\" loading=\"lazy\" decoding=\"async\" class=\"size-medium wp-image-38478 aligncenter\" src=\"https:\/\/i0.wp.com\/miradordeatarfe.es\/wp-content\/uploads\/2020\/03\/89811587_2548262885426655_8758674876283224064_n.jpg?resize=241%2C300&#038;ssl=1\" alt=\"\" width=\"241\" height=\"300\" srcset=\"https:\/\/i0.wp.com\/miradordeatarfe.es\/wp-content\/uploads\/2020\/03\/89811587_2548262885426655_8758674876283224064_n.jpg?resize=241%2C300&amp;ssl=1 241w, https:\/\/i0.wp.com\/miradordeatarfe.es\/wp-content\/uploads\/2020\/03\/89811587_2548262885426655_8758674876283224064_n.jpg?w=530&amp;ssl=1 530w\" sizes=\"auto, (max-width: 241px) 100vw, 241px\" \/><\/a><\/p>\n<p style=\"text-align: justify;\">\u00bb Y luego qu\u00e9 pas\u00f3?\u00bb<\/p>\n<p style=\"text-align: justify;\">-\u00bb Nos quedamos mucho tiempo con solo contacto por internet, por suerte exist\u00edan tel\u00e9fonos y computadoras. La gente se ha responsabilizado, hemos contaminado menos, hemos redescubierto cosas que no cre\u00edamos que sab\u00edamos hacer.<br \/>\nFinalmente lleg\u00f3 la buena temporada, y el primer pensamiento fue salir para conocer a todos. El mundo se hab\u00eda parado para nosotros, pero hubo un aspecto positivo: entendemos el valor de las cosas precisamente porque nos quitaron.<br \/>\nY cr\u00e9eme, que el caf\u00e9 que beb\u00ed cuando el bar volvi\u00f3 a abrir, aunque se hizo con el mismo grano que antes, estaba delicioso.<\/p>\n<p style=\"text-align: justify;\">\u00bb Por qu\u00e9?\u00bb<\/p>\n<p style=\"text-align: justify;\">-\u00bb Porque sabr\u00eda a un pa\u00eds que lo hab\u00eda logrado.\u00bb <span class=\"_5mfr\"><span class=\"_6qdm\">\u2764\ufe0f<\/span><\/span><\/p>\n<p><span id=\"u_ps_jsonp_21_5_w\" class=\"_1nb_ fwn fcg\" data-ft=\"{&quot;tn&quot;:&quot;C&quot;}\"><span class=\"fwb\" data-ft=\"{&quot;tn&quot;:&quot;k&quot;}\"><a id=\"js_3pw\" href=\"https:\/\/www.facebook.com\/ningunpequesincenar\/?__tn__=kCH-R&amp;eid=ARCmIvWDxDnkgbmYqvtiNJYsMiKrbyLwSC1Myp7MMQh0QUj_-iwgtqH-Yra1-TwFT7-nSg-5o5ZHV2Nv&amp;hc_ref=ARSHCAAdMGJJqS9tlmli4oJdYZwX4sqyrxOzwckfvtGDf88VTrhe0_omy0njKm8_Ggw&amp;fref=nf&amp;__xts__%5B0%5D=68.ARB9cz7LUXzizV93YmQ5pImaNsNsPPXKEiwLlWuXPrzdYjyHWDxWXZ-Ocej7Lm8EQPpfLMslQUbh1vw-jUbZfm5FmZFUoinq49fgqJsY1zr5I2jFzcH2k1-Rcqs8DKDxOoQ2G3NV8Mx8y5QFwft9Gq1Un87CzXzzlXBQIghp3DKWaUKNng9CrZOKIbfChXAojusMQQv_fwseP8Lf0Oun8S-TuH_TXBSTC4D_wEh0Or0b5Oxuo2TmMr6MVmoNSLLP79POYBBqJR7B_zyLJve_OXS1i68FkIqbp4slgl1XoDeqzqmbZL6U0rY3nXI_dwZ1MpuOkz8B1ev7w4KGiffrkg\" data-hovercard=\"\/ajax\/hovercard\/page.php?id=1436837253235896&amp;extragetparams=%7B%22__tn__%22%3A%22%2CdkCH-R-R%22%2C%22eid%22%3A%22ARCmIvWDxDnkgbmYqvtiNJYsMiKrbyLwSC1Myp7MMQh0QUj_-iwgtqH-Yra1-TwFT7-nSg-5o5ZHV2Nv%22%2C%22hc_ref%22%3A%22ARSHCAAdMGJJqS9tlmli4oJdYZwX4sqyrxOzwckfvtGDf88VTrhe0_omy0njKm8_Ggw%22%2C%22fref%22%3A%22nf%22%7D\" data-hovercard-prefer-more-content-show=\"1\" data-hovercard-referer=\"ARSHCAAdMGJJqS9tlmli4oJdYZwX4sqyrxOzwckfvtGDf88VTrhe0_omy0njKm8_Ggw\" aria-describedby=\"u_9u_1\" aria-owns=\"\">ONG Ning\u00fan Ni\u00f1o Sin Cenar<\/a><\/span><\/span> EN FACEBOOK<\/p>\n<\/div>\n","protected":false},"excerpt":{"rendered":"<p>Abuelo&#8230; Abuelo! en mi libro de historia dice que en marzo de 2020 hubo una&#8230;<\/p>\n","protected":false},"author":1,"featured_media":38479,"comment_status":"closed","ping_status":"closed","sticky":false,"template":"","format":"standard","meta":{"_coblocks_attr":"","_coblocks_dimensions":"","_coblocks_responsive_height":"","_coblocks_accordion_ie_support":"","jetpack_post_was_ever_published":false,"_jetpack_newsletter_access":"","_jetpack_dont_email_post_to_subs":false,"_jetpack_newsletter_tier_id":0,"_jetpack_memberships_contains_paywalled_content":false,"_jetpack_memberships_contains_paid_content":false,"footnotes":"","jetpack_publicize_message":"","jetpack_publicize_feature_enabled":true,"jetpack_social_post_already_shared":false,"jetpack_social_options":{"image_generator_settings":{"template":"highway","default_image_id":0,"enabled":false},"version":2}},"categories":[7149,44,6937,15],"tags":[358,1125,360],"class_list":["post-38477","post","type-post","status-publish","format-standard","has-post-thumbnail","hentry","category-coronavirus","category-noticias-de-hoy","category-sociedad","category-ultimas-noticias","tag-abuelos","tag-historia","tag-nietos"],"jetpack_publicize_connections":[],"jetpack_featured_media_url":"https:\/\/i0.wp.com\/miradordeatarfe.es\/wp-content\/uploads\/2020\/03\/abuelo-contando-historias-nieto_23-2148294873.jpg?fit=626%2C417&ssl=1","jetpack_likes_enabled":true,"jetpack_sharing_enabled":true,"_links":{"self":[{"href":"https:\/\/miradordeatarfe.es\/index.php?rest_route=\/wp\/v2\/posts\/38477","targetHints":{"allow":["GET"]}}],"collection":[{"href":"https:\/\/miradordeatarfe.es\/index.php?rest_route=\/wp\/v2\/posts"}],"about":[{"href":"https:\/\/miradordeatarfe.es\/index.php?rest_route=\/wp\/v2\/types\/post"}],"author":[{"embeddable":true,"href":"https:\/\/miradordeatarfe.es\/index.php?rest_route=\/wp\/v2\/users\/1"}],"replies":[{"embeddable":true,"href":"https:\/\/miradordeatarfe.es\/index.php?rest_route=%2Fwp%2Fv2%2Fcomments&post=38477"}],"version-history":[{"count":3,"href":"https:\/\/miradordeatarfe.es\/index.php?rest_route=\/wp\/v2\/posts\/38477\/revisions"}],"predecessor-version":[{"id":38482,"href":"https:\/\/miradordeatarfe.es\/index.php?rest_route=\/wp\/v2\/posts\/38477\/revisions\/38482"}],"wp:featuredmedia":[{"embeddable":true,"href":"https:\/\/miradordeatarfe.es\/index.php?rest_route=\/wp\/v2\/media\/38479"}],"wp:attachment":[{"href":"https:\/\/miradordeatarfe.es\/index.php?rest_route=%2Fwp%2Fv2%2Fmedia&parent=38477"}],"wp:term":[{"taxonomy":"category","embeddable":true,"href":"https:\/\/miradordeatarfe.es\/index.php?rest_route=%2Fwp%2Fv2%2Fcategories&post=38477"},{"taxonomy":"post_tag","embeddable":true,"href":"https:\/\/miradordeatarfe.es\/index.php?rest_route=%2Fwp%2Fv2%2Ftags&post=38477"}],"curies":[{"name":"wp","href":"https:\/\/api.w.org\/{rel}","templated":true}]}}