{"id":38496,"date":"2020-03-28T09:19:50","date_gmt":"2020-03-28T08:19:50","guid":{"rendered":"http:\/\/miradordeatarfe.es\/?p=38496"},"modified":"2020-03-25T17:27:57","modified_gmt":"2020-03-25T16:27:57","slug":"por-que-el-coronavirus-tambien-mata-a-algunos-jovenes-sanos","status":"publish","type":"post","link":"https:\/\/miradordeatarfe.es\/?p=38496","title":{"rendered":"Por qu\u00e9 el coronavirus tambi\u00e9n mata a algunos j\u00f3venes sanos"},"content":{"rendered":"<header>\n<h2 style=\"text-align: justify;\">La muerte por Covid-19 de j\u00f3venes sanos es la excepci\u00f3n que confirma la regla y la estad\u00edstica dice que ir\u00e1 a m\u00e1s con el aumento del n\u00famero de casos si no se frena el contagio. \u00abEn ning\u00fan momento hemos dicho que los j\u00f3venes se libren\u00bb, recuerda el m\u00e9dico Jaime Barrio<\/h2>\n<\/header>\n<aside class=\"ssnn estirar\"><\/aside>\n<div class=\"cnt-izq\">\n<div class=\"cnt-body\">\n<div id=\"cuerpo_noticia_r\" class=\"cuerpo\">\n<p style=\"text-align: justify;\">Nadie est\u00e1 a salvo del Covid-19. Como bien se encargan de recordar las autoridades estos d\u00edas, el coronavirus no conoce fronteras ni necesita pasaporte. Aunque la atenci\u00f3n se centra en el impacto del virus en los grupos m\u00e1s vulnerables por edad o patolog\u00edas previas, la realidad es que <strong>tambi\u00e9n es letal en personas j\u00f3venes y sanas.<\/strong> En las \u00faltimas horas hemos conocido la muerte de un guardia civil de 37 a\u00f1os y sin patolog\u00edas previas en Madrid y <a href=\"https:\/\/cadenaser.com\/ser\/2020\/03\/18\/internacional\/1584551125_083166.html\">la advertencia de la OMS de que hay un n\u00famero significativo de j\u00f3venes<\/a> que han muerto por el coronavirus.<\/p>\n<div id=\"cadenaser_gpt-INTEXT\" style=\"text-align: justify;\" data-google-query-id=\"COjKh_3zpugCFUXW7QodE9wBGQ\">\n<div id=\"google_ads_iframe_7811748\/cadenaser_web\/sociedad\/intext_0__container__\">El portavoz de Sanidad, Fernando Sim\u00f3n, ha confirmado esta ma\u00f1ana que <a href=\"https:\/\/cadenaser.com\/ser\/2020\/03\/18\/sociedad\/1584513430_066777.html\">tres de los fallecidos son personas menores de 65 a\u00f1os<\/a>. \u201cEl impacto en estas personas j\u00f3venes es menor pero no quiere decir que no haya casos graves\u00bb, explica Sim\u00f3n, a la vez que advierte de que \u00abhay que ser prudentes con estos datos porque son preliminares\u201d. El lehandakari<strong> \u00cd\u00f1igo Urkullu <\/strong>ha confirmado que en las \u00faltimas 24 horas han fallecido 13 personas en Euskadi, entre ellas <strong>una enfermera de Osakidetza de 52 a\u00f1os.<\/strong><\/div>\n<\/div>\n<p style=\"text-align: justify;\">La l\u00f3gica estad\u00edstica indica que el n\u00famero de j\u00f3venes o personas sanas afectadas ir\u00e1 a m\u00e1s con el repunte de casos que no cesa. Los especialistas calculan que en la actualidad hay alrededor de 20.000 casos sospechosos en Espa\u00f1a. <strong>Frenar el contagio es la clave.<\/strong> Con unas Unidades de Cuidados Intensivos saturadas en las que no todos caben, los sanitarios se ven obligados, como en tiempos de guerra, a dar prioridad a los pacientes con m\u00e1s posibilidades de salir adelante. Esto provoca el aumento de fallecidos en las franjas de m\u00e1s edad, seg\u00fan se est\u00e1 viendo en Italia.<\/p>\n<h2 class=\"ladillo\" style=\"text-align: justify;\">Lo que se sabe y lo que no de c\u00f3mo afecta a los j\u00f3venes<\/h2>\n<p style=\"text-align: justify;\">Los virus mutan. No se sabe si algunas de las personas que est\u00e1n muriendo lo hicieron infectadas por una cepa m\u00e1s letal del Covid-19. Conocemos que el coronavirus mata preferentemente a personas de edad avanzada pero <strong>tambi\u00e9n se da en gente joven y en este segmento de la poblaci\u00f3n puede ser mortal.<\/strong><\/p>\n<p style=\"text-align: justify;\">\u201cHay factores a tener en cuenta, pero aun no hay nada demostrado. Factores como la carga viral a la que te expones; es decir, el n\u00famero de virus con los que entras en contacto, aunque no est\u00e1 confirmado. <strong>El Covid-19 afecta especialmente a las c\u00e9lulas del pulm\u00f3n y si la persona tiene una predisposici\u00f3n gen\u00e9tica puede ocasionarle m\u00e1s da\u00f1o.<\/strong> Hay que tener en cuenta tambi\u00e9n si el paciente tiene problemas no detectados en el sistema inmune <strong>o si son hipertensos no diagnosticados.<\/strong> Hay muchas explicaciones pero a\u00fan no se ha podido llegar a ninguna certeza. Se ver\u00e1 a posteriori\u201d, <strong>explica el investigador y m\u00e9dico Jaime Barrio.<\/strong><\/p>\n<h2 class=\"ladillo\" style=\"text-align: justify;\">J\u00f3venes, en la UCI<\/h2>\n<p style=\"text-align: justify;\">Las inc\u00f3gnitas son muchas pero si aumenta el n\u00famero de afectados se incrementar\u00e1 tambi\u00e9n el de los m\u00e1s j\u00f3venes. \u201cNo hay que ponerse nerviosos ni entrar en p\u00e1nico pero es como la loter\u00eda y te puede tocar<strong>\u00ab,<\/strong> recuerda Barrio.<\/p>\n<p style=\"text-align: justify;\">\u201cEn ning\u00fan momento hemos dicho que los j\u00f3venes se libren. <strong>Quiz\u00e1 haya patolog\u00edas subyacentes que no se conozcan.<\/strong> Hay j\u00f3venes que tienen pocos s\u00edntomas y se ponen muy malitos y tienen en ingresar en la UCI\u201d , afirma el m\u00e9dico. El mensaje es no bajar la guardia y respetar el confinamiento.<\/p>\n<h2 class=\"ladillo\" style=\"text-align: justify;\">Radiograf\u00eda de los muertos en Italia<\/h2>\n<p style=\"text-align: justify;\">En Espa\u00f1a aun no conocemos los datos de fallecidos de forma segmentada. En Italia, el Instituto Superior de la Salud ha aportado datos basados en un muestreo sobre 2.003 personas que hab\u00edan perdido la vida hasta el lunes. <strong>La edad media de las v\u00edctimas mortales del Covid-19 es de 79,5 a\u00f1os y los hombres representan el 70%.<\/strong><\/p>\n<p style=\"text-align: justify;\">Los datos concretan c\u00f3mo el coronavirus se est\u00e1 ensa\u00f1ando con la poblaci\u00f3n de mayor edad. 707 muertos se encontraban en la franja de edad de 70-79 a\u00f1os, 852 en la franja de 80-89 a\u00f1os y 198 ten\u00edan m\u00e1s de 90 a\u00f1os, seg\u00fan recoge un comunicado del ISS. Pero la letalidad no se limita de forma exclusiva a ese colectivo. 17 personas de menos de 50 a\u00f1os que dieron positivo al Covid-19 murieron. En particular, <strong>cinco de ellas ten\u00edan menos de 40 a\u00f1os.<\/strong><\/p>\n<p style=\"text-align: justify;\">Sanidad ha anunciado la puesta en marcha de test r\u00e1pidos. El diagn\u00f3stico har\u00e1 que la cifra de afectados se eleve y baje el \u00edndice de letalidad. Ahora solo se hace la prueba a los casos m\u00e1s graves. <strong>\u201cLas pr\u00f3ximas dos semanas van a ser muy malas.<\/strong> Esperemos que luego comiencen a verse los efectos\u201d, conf\u00eda Barrio.<\/p>\n<p style=\"text-align: justify;\"><a title=\"Twitter de Maika \u00c1vila \" href=\"https:\/\/twitter.com\/maikaavila\" target=\"_blank\" rel=\"nofollow noopener noreferrer\"><span class=\"icono\">Twitter de Maika \u00c1vila <\/span><\/a><a href=\"https:\/\/cadenaser.com\/autor\/maria_del_carmen_avila_garcia\/a\/\" rel=\"nofollow\">Maika \u00c1vila<\/a><\/p>\n<p>FOTO: Dos personas protegidas con mascarillas en los aleda\u00f1os del hospital La Paz de Madrid este jueves durante la cuarta jornada laboral de aislamiento para frenar el avance del coronavirus. \/ Mariscal (EFE)<\/p>\n<\/div>\n<\/div>\n<\/div>\n","protected":false},"excerpt":{"rendered":"<p>La muerte por Covid-19 de j\u00f3venes sanos es la excepci\u00f3n que confirma la regla y&#8230;<\/p>\n","protected":false},"author":1,"featured_media":0,"comment_status":"closed","ping_status":"closed","sticky":false,"template":"","format":"standard","meta":{"_coblocks_attr":"","_coblocks_dimensions":"","_coblocks_responsive_height":"","_coblocks_accordion_ie_support":"","jetpack_post_was_ever_published":false,"_jetpack_newsletter_access":"","_jetpack_dont_email_post_to_subs":false,"_jetpack_newsletter_tier_id":0,"_jetpack_memberships_contains_paywalled_content":false,"_jetpack_memberships_contains_paid_content":false,"footnotes":"","jetpack_publicize_message":"","jetpack_publicize_feature_enabled":true,"jetpack_social_post_already_shared":false,"jetpack_social_options":{"image_generator_settings":{"template":"highway","default_image_id":0,"enabled":false},"version":2}},"categories":[7149,44,6937,15],"tags":[7021,1273],"class_list":["post-38496","post","type-post","status-publish","format-standard","hentry","category-coronavirus","category-noticias-de-hoy","category-sociedad","category-ultimas-noticias","tag-coronavirus","tag-jovenes"],"jetpack_publicize_connections":[],"jetpack_featured_media_url":"","jetpack_likes_enabled":true,"jetpack_sharing_enabled":true,"_links":{"self":[{"href":"https:\/\/miradordeatarfe.es\/index.php?rest_route=\/wp\/v2\/posts\/38496","targetHints":{"allow":["GET"]}}],"collection":[{"href":"https:\/\/miradordeatarfe.es\/index.php?rest_route=\/wp\/v2\/posts"}],"about":[{"href":"https:\/\/miradordeatarfe.es\/index.php?rest_route=\/wp\/v2\/types\/post"}],"author":[{"embeddable":true,"href":"https:\/\/miradordeatarfe.es\/index.php?rest_route=\/wp\/v2\/users\/1"}],"replies":[{"embeddable":true,"href":"https:\/\/miradordeatarfe.es\/index.php?rest_route=%2Fwp%2Fv2%2Fcomments&post=38496"}],"version-history":[{"count":1,"href":"https:\/\/miradordeatarfe.es\/index.php?rest_route=\/wp\/v2\/posts\/38496\/revisions"}],"predecessor-version":[{"id":38497,"href":"https:\/\/miradordeatarfe.es\/index.php?rest_route=\/wp\/v2\/posts\/38496\/revisions\/38497"}],"wp:attachment":[{"href":"https:\/\/miradordeatarfe.es\/index.php?rest_route=%2Fwp%2Fv2%2Fmedia&parent=38496"}],"wp:term":[{"taxonomy":"category","embeddable":true,"href":"https:\/\/miradordeatarfe.es\/index.php?rest_route=%2Fwp%2Fv2%2Fcategories&post=38496"},{"taxonomy":"post_tag","embeddable":true,"href":"https:\/\/miradordeatarfe.es\/index.php?rest_route=%2Fwp%2Fv2%2Ftags&post=38496"}],"curies":[{"name":"wp","href":"https:\/\/api.w.org\/{rel}","templated":true}]}}