{"id":38509,"date":"2020-03-21T11:43:45","date_gmt":"2020-03-21T10:43:45","guid":{"rendered":"http:\/\/miradordeatarfe.es\/?p=38509"},"modified":"2020-03-19T18:48:34","modified_gmt":"2020-03-19T17:48:34","slug":"gracias-escuela-plural-como-padre-y-como-abuelo-por-juande-dios-fernandez","status":"publish","type":"post","link":"https:\/\/miradordeatarfe.es\/?p=38509","title":{"rendered":"\u00abGRACIAS, ESCUELA PLURAL. C\u00f3mo padre, y como abuelo\u00bb por Juande Dios Fern\u00e1ndez"},"content":{"rendered":"<h3 style=\"text-align: justify;\"><span lang=\"es-ES\">Ahora que estamos en pleno periodo de matriculaci\u00f3n, quiero exteriorizar, hacer p\u00fablico un sentimiento que como padre he tenido siempre presente:<\/span><\/h3>\n<h4 style=\"text-align: justify;\"><span lang=\"es-ES\"> \u201c<\/span><span lang=\"es-ES\"><i>Dar las gracias a la escuela plural, la escuela de la diversidad, la escuela de todas y para todas las personas<\/i><\/span><span lang=\"es-ES\">\u201d, <\/span><span lang=\"es-ES\"><i>por lo que ha aportado en la formaci\u00f3n de mi hijo y de mi hija, por lo que ha colaborado para que sean las personas que son ahora.<\/i><\/span><\/h4>\n<p style=\"text-align: justify;\"><span lang=\"es-ES\">Desde que comenzaron su escolarizaci\u00f3n, M\u00aa \u00c1ngeles y yo tuvimos claro que ten\u00edamos que prepararles para vivir en un mundo complejo y plural, que dese\u00e1bamos que aprendieran a valorar a todas la personas, a apreciar a todas las que le rodeasen a lo largo de su vida, que quisieran y supieran ponerse en su lugar, comprenderlas, disfrutar y sufrir con ellas. Todos estos aprendizajes son claves para poder tener una comunicaci\u00f3n emp\u00e1tica y colaborativa con todo el mundo, para tener compromiso con la mejora social y ambiental para todas y todos, para aprender a convivir, entenderse y colaborar con todas las personas, con las que se entend\u00edan y con las que no opinaban igual. <\/span><\/p>\n<p style=\"text-align: justify;\"><span lang=\"es-ES\">Por ello, desde el primer momento, tuvimos claro que ten\u00edan que escolarizarse en centros p\u00fablicos plurales. Donde admitieran a toda la poblaci\u00f3n, sin excepciones. Incluso hemos procurado que fuesen asignados a la clase con m\u00e1s diversidad de su curso, para que su desarrollo y aprendizaje fuese m\u00e1s amplio y completo. Porque el mundo es diverso y ten\u00edan que disfrutar de esa diversidad. <\/span><\/p>\n<p style=\"text-align: justify;\"><span lang=\"es-ES\">Todo eso, junto con lo aprendido en casa y en la calle, ha dado evidente buen resultado. \u00c9ramos y somos conscientes que la casa sola hubiese sido manifiestamente insuficiente, sin el complemento imprescindible de la escuela plural no se hubiese conseguido. El conocer y convivir con gente que no viv\u00eda en nuestro barrio, conocer y convivir con otras culturas, con otros posicionamientos religiosos y pol\u00edticos. Damos las gracias, por haber hecho posible que nuestros hijos conocieran a personas diversas, aprendieran a valorarlas y respetarlas, aprendieran a convivir y disfrutar con la diferencia. <\/span><\/p>\n<p style=\"text-align: justify;\"><span lang=\"es-ES\">Ahora que como abuelo pienso en mi nieto (en singular transitoriamente), tengo muy claro lo que quiero y deseo para Dar\u00edo y sucesivos y, como siempre, queremos m\u00e1s: UNA ESCUELA PLURAL Y CON PR\u00c1CTICAS DOCENTES INCLUSIVAS Y SOSTENIBLES.<\/span><\/p>\n<p style=\"text-align: justify;\"><span lang=\"es-ES\"><i>D\u00f3nde est\u00e1 la escuela plural, en la oferta p\u00fablica (salvo raras excepciones) y en algunos centros privados concertados.<\/i><\/span><\/p>\n<p style=\"text-align: justify;\" align=\"RIGHT\"><span lang=\"es-ES\"><i>Por Juan de Dios Fern\u00e1ndez G\u00e1lvez<\/i><\/span><\/p>\n<p style=\"text-align: justify;\" align=\"RIGHT\"><span lang=\"es-ES\"><i>Orientador escolar. Jubilado<\/i><\/span><\/p>\n","protected":false},"excerpt":{"rendered":"<p>Ahora que estamos en pleno periodo de matriculaci\u00f3n, quiero exteriorizar, hacer p\u00fablico un sentimiento que&#8230;<\/p>\n","protected":false},"author":1,"featured_media":38510,"comment_status":"closed","ping_status":"closed","sticky":false,"template":"","format":"standard","meta":{"_coblocks_attr":"","_coblocks_dimensions":"","_coblocks_responsive_height":"","_coblocks_accordion_ie_support":"","jetpack_post_was_ever_published":false,"_jetpack_newsletter_access":"","_jetpack_dont_email_post_to_subs":false,"_jetpack_newsletter_tier_id":0,"_jetpack_memberships_contains_paywalled_content":false,"_jetpack_memberships_contains_paid_content":false,"footnotes":"","jetpack_publicize_message":"","jetpack_publicize_feature_enabled":true,"jetpack_social_post_already_shared":false,"jetpack_social_options":{"image_generator_settings":{"template":"highway","default_image_id":0,"enabled":false},"version":2}},"categories":[187,3130,44,6937,15],"tags":[7153,463,7152],"class_list":["post-38509","post","type-post","status-publish","format-standard","has-post-thumbnail","hentry","category-centros-educativos","category-opinion-de-juan-de-dios-fernandez","category-noticias-de-hoy","category-sociedad","category-ultimas-noticias","tag-diversos","tag-escuela-publica","tag-plural"],"jetpack_publicize_connections":[],"jetpack_featured_media_url":"https:\/\/i0.wp.com\/miradordeatarfe.es\/wp-content\/uploads\/2020\/03\/%C3%ADndice-9.jpg?fit=256%2C197&ssl=1","jetpack_likes_enabled":true,"jetpack_sharing_enabled":true,"_links":{"self":[{"href":"https:\/\/miradordeatarfe.es\/index.php?rest_route=\/wp\/v2\/posts\/38509","targetHints":{"allow":["GET"]}}],"collection":[{"href":"https:\/\/miradordeatarfe.es\/index.php?rest_route=\/wp\/v2\/posts"}],"about":[{"href":"https:\/\/miradordeatarfe.es\/index.php?rest_route=\/wp\/v2\/types\/post"}],"author":[{"embeddable":true,"href":"https:\/\/miradordeatarfe.es\/index.php?rest_route=\/wp\/v2\/users\/1"}],"replies":[{"embeddable":true,"href":"https:\/\/miradordeatarfe.es\/index.php?rest_route=%2Fwp%2Fv2%2Fcomments&post=38509"}],"version-history":[{"count":1,"href":"https:\/\/miradordeatarfe.es\/index.php?rest_route=\/wp\/v2\/posts\/38509\/revisions"}],"predecessor-version":[{"id":38511,"href":"https:\/\/miradordeatarfe.es\/index.php?rest_route=\/wp\/v2\/posts\/38509\/revisions\/38511"}],"wp:featuredmedia":[{"embeddable":true,"href":"https:\/\/miradordeatarfe.es\/index.php?rest_route=\/wp\/v2\/media\/38510"}],"wp:attachment":[{"href":"https:\/\/miradordeatarfe.es\/index.php?rest_route=%2Fwp%2Fv2%2Fmedia&parent=38509"}],"wp:term":[{"taxonomy":"category","embeddable":true,"href":"https:\/\/miradordeatarfe.es\/index.php?rest_route=%2Fwp%2Fv2%2Fcategories&post=38509"},{"taxonomy":"post_tag","embeddable":true,"href":"https:\/\/miradordeatarfe.es\/index.php?rest_route=%2Fwp%2Fv2%2Ftags&post=38509"}],"curies":[{"name":"wp","href":"https:\/\/api.w.org\/{rel}","templated":true}]}}