{"id":38517,"date":"2020-03-19T20:05:58","date_gmt":"2020-03-19T19:05:58","guid":{"rendered":"http:\/\/miradordeatarfe.es\/?p=38517"},"modified":"2020-03-19T20:05:58","modified_gmt":"2020-03-19T19:05:58","slug":"mujeres-de-domingo-perez-cosen-mascarillas-en-una-cadena-solidaria-para-luchar-contra-el-coronavirus","status":"publish","type":"post","link":"https:\/\/miradordeatarfe.es\/?p=38517","title":{"rendered":"Mujeres de Domingo P\u00e9rez cosen mascarillas, en una cadena solidaria para luchar contra el coronavirus"},"content":{"rendered":"<h2>Cada gesto suma. Te contamos el que se ha puesto en marcha en esta localidad granadina.<\/h2>\n<p>La crisis que ha provocado el coronavirus ha tambaleado nuestras vidas pero tambi\u00e9n ha hecho aflorar algo que nos caracteriza y que nadie ni nada, tampoco el COVID-19, nos va a hacer perder: la solidaridad.\u00a0<\/p>\n<p>Un maravilloso ejemplo de ello son las mujeres de Domingo P\u00e9rez de Granada, que cosen mascarillas para los profesionales sanitarios. No saben ni siquiera si podr\u00e1n hac\u00e9rselas llegar, pero su gesto es una prueba de la grandeza de la red de mujeres que se ha activado en toda la provincia de Granada.\u00a0<\/p>\n<p>Seg\u00fan ha explicado a <em>El Independiente de Granada <\/em><strong>la concejala de Igualdad de Domingo P\u00e9rez, Mar\u00eda del Mar Barrera<\/strong>, la idea surgi\u00f3 a ra\u00edz de que una enfermera de la localidad que trabaja en el Hospital Materno les trasladara que se iban apa\u00f1ando como pod\u00edan, ante la escasez del material sanitario.\u00a0<\/p>\n<p>As\u00ed que algunas de las vecinas de la localidad, con m\u00e1quina de coser y habilidad y conocimientos para ello, han echado mano de telas y se han puesto manos a la obra. Su intenci\u00f3n es que pueda llev\u00e1rselas al hospital, si no, tampoco la farmacia tiene disponibilidad de mascarillas. De algo servir\u00e1n, est\u00e1n convencidas. Ya lo hacen, demuestran que se puede tejer una s\u00f3lida red solidaria.\u00a0<\/p>\n<div class=\"divdest\">\n<div class=\"media media-element-container media-default\">\n<div id=\"file-50132\" class=\"file file-image file-image-jpeg\">\n<h2 class=\"element-invisible\"><img data-recalc-dims=\"1\" loading=\"lazy\" decoding=\"async\" class=\"media-element file-default\" src=\"https:\/\/i0.wp.com\/www.elindependientedegranada.es\/sites\/default\/files\/mascarilla_domingo_perez_4.jpg?resize=600%2C800&#038;ssl=1\" alt=\"\" width=\"600\" height=\"800\" data-delta=\"1\" \/><\/h2>\n<\/div>\n<\/div>\n<div class=\"media media-element-container media-default\">\n<div id=\"file-50133\" class=\"file file-image file-image-jpeg\">\n<h2 class=\"element-invisible\"><a href=\"https:\/\/www.elindependientedegranada.es\/file\/mascarilladomingoperez5jpg\">mascarilla_domingo_perez_5.jpg<\/a><\/h2>\n<div class=\"content\"><img data-recalc-dims=\"1\" loading=\"lazy\" decoding=\"async\" class=\"media-element file-default\" src=\"https:\/\/i0.wp.com\/www.elindependientedegranada.es\/sites\/default\/files\/mascarilla_domingo_perez_5.jpg?resize=600%2C800&#038;ssl=1\" alt=\"\" width=\"600\" height=\"800\" data-delta=\"2\" \/><\/div>\n<\/div>\n<\/div>\n<div class=\"media media-element-container media-default\">\n<div id=\"file-50139\" class=\"file file-image file-image-jpeg\">\n<h2 class=\"element-invisible\"><a href=\"https:\/\/www.elindependientedegranada.es\/file\/mascarillasdomingoperez10jpg\">mascarillas_domingo_perez_10.jpg<\/a><\/h2>\n<div class=\"content\"><img data-recalc-dims=\"1\" loading=\"lazy\" decoding=\"async\" class=\"media-element file-default\" src=\"https:\/\/i0.wp.com\/www.elindependientedegranada.es\/sites\/default\/files\/mascarillas_domingo_perez_10.jpg?resize=600%2C800&#038;ssl=1\" alt=\"\" width=\"600\" height=\"800\" data-delta=\"8\" \/><\/div>\n<\/div>\n<\/div>\n<div class=\"media media-element-container media-default\">\n<div id=\"file-50138\" class=\"file file-image file-image-jpeg\">\n<h2 class=\"element-invisible\"><a href=\"https:\/\/www.elindependientedegranada.es\/file\/mascarillasdomingoperezjpg\">mascarillas_domingo_perez.jpg<\/a><\/h2>\n<div class=\"content\"><img data-recalc-dims=\"1\" loading=\"lazy\" decoding=\"async\" class=\"media-element file-default\" src=\"https:\/\/i0.wp.com\/www.elindependientedegranada.es\/sites\/default\/files\/mascarillas_domingo_perez.jpg?resize=600%2C800&#038;ssl=1\" alt=\"\" width=\"600\" height=\"800\" data-delta=\"7\" \/><\/div>\n<\/div>\n<\/div>\n<div class=\"media media-element-container media-default\">\n<div id=\"file-50136\" class=\"file file-image file-image-jpeg\">\n<h2 class=\"element-invisible\"><a href=\"https:\/\/www.elindependientedegranada.es\/file\/mascarilladomingoperez6jpg\">mascarilla_domingo_perez_6.jpg<\/a><\/h2>\n<div class=\"content\"><img data-recalc-dims=\"1\" loading=\"lazy\" decoding=\"async\" class=\"media-element file-default\" src=\"https:\/\/i0.wp.com\/www.elindependientedegranada.es\/sites\/default\/files\/mascarilla_domingo_perez_6.jpg?resize=600%2C815&#038;ssl=1\" alt=\"\" width=\"600\" height=\"815\" data-delta=\"5\" \/><\/div>\n<\/div>\n<\/div>\n<div class=\"media media-element-container media-default\">\n<div id=\"file-50137\" class=\"file file-image file-image-jpeg\">\n<h2 class=\"element-invisible\"><a href=\"https:\/\/www.elindependientedegranada.es\/file\/mascarilladomingoperez7jpg-0\">mascarilla_domingo_perez_7.jpg<\/a><\/h2>\n<div class=\"content\"><img data-recalc-dims=\"1\" loading=\"lazy\" decoding=\"async\" class=\"media-element file-default\" src=\"https:\/\/i0.wp.com\/www.elindependientedegranada.es\/sites\/default\/files\/mascarilla_domingo_perez_7_0.jpg?resize=600%2C609&#038;ssl=1\" alt=\"\" width=\"600\" height=\"609\" data-delta=\"6\" \/><\/div>\n<\/div>\n<\/div>\n<div class=\"media media-element-container media-default\">\n<div id=\"file-50134\" class=\"file file-image file-image-jpeg\">\n<h2 class=\"element-invisible\"><a href=\"https:\/\/www.elindependientedegranada.es\/file\/mascarilladomingoperezjpg\">mascarilla_domingo_perez.jpg<\/a><\/h2>\n<div class=\"content\"><img data-recalc-dims=\"1\" loading=\"lazy\" decoding=\"async\" class=\"media-element file-default\" src=\"https:\/\/i0.wp.com\/www.elindependientedegranada.es\/sites\/default\/files\/mascarilla_domingo_perez.jpg?resize=600%2C450&#038;ssl=1\" alt=\"\" width=\"600\" height=\"450\" data-delta=\"3\" \/><\/div>\n<\/div>\n<\/div>\n<\/div>\n<p><strong>\u00a0<\/strong><\/p>\n<p>FOTO: Una de las vecinas de Domingo P\u00e9rez cosiendo mascarillas.<\/p>\n","protected":false},"excerpt":{"rendered":"<p>Cada gesto suma. Te contamos el que se ha puesto en marcha en esta localidad&#8230;<\/p>\n","protected":false},"author":1,"featured_media":38518,"comment_status":"closed","ping_status":"closed","sticky":false,"template":"","format":"standard","meta":{"_coblocks_attr":"","_coblocks_dimensions":"","_coblocks_responsive_height":"","_coblocks_accordion_ie_support":"","jetpack_post_was_ever_published":false,"_jetpack_newsletter_access":"","_jetpack_dont_email_post_to_subs":false,"_jetpack_newsletter_tier_id":0,"_jetpack_memberships_contains_paywalled_content":false,"_jetpack_memberships_contains_paid_content":false,"footnotes":"","jetpack_publicize_message":"","jetpack_publicize_feature_enabled":true,"jetpack_social_post_already_shared":false,"jetpack_social_options":{"image_generator_settings":{"template":"highway","default_image_id":0,"enabled":false},"version":2}},"categories":[1161,7149,44,6937,15,10],"tags":[7155,1864],"class_list":["post-38517","post","type-post","status-publish","format-standard","has-post-thumbnail","hentry","category-ciudadania","category-coronavirus","category-noticias-de-hoy","category-sociedad","category-ultimas-noticias","category-salud","tag-mascarillas","tag-solidaridad"],"jetpack_publicize_connections":[],"jetpack_featured_media_url":"https:\/\/i0.wp.com\/miradordeatarfe.es\/wp-content\/uploads\/2020\/03\/mascarilla_domingo_perez_2_ok.jpeg?fit=750%2C738&ssl=1","jetpack_likes_enabled":true,"jetpack_sharing_enabled":true,"_links":{"self":[{"href":"https:\/\/miradordeatarfe.es\/index.php?rest_route=\/wp\/v2\/posts\/38517","targetHints":{"allow":["GET"]}}],"collection":[{"href":"https:\/\/miradordeatarfe.es\/index.php?rest_route=\/wp\/v2\/posts"}],"about":[{"href":"https:\/\/miradordeatarfe.es\/index.php?rest_route=\/wp\/v2\/types\/post"}],"author":[{"embeddable":true,"href":"https:\/\/miradordeatarfe.es\/index.php?rest_route=\/wp\/v2\/users\/1"}],"replies":[{"embeddable":true,"href":"https:\/\/miradordeatarfe.es\/index.php?rest_route=%2Fwp%2Fv2%2Fcomments&post=38517"}],"version-history":[{"count":1,"href":"https:\/\/miradordeatarfe.es\/index.php?rest_route=\/wp\/v2\/posts\/38517\/revisions"}],"predecessor-version":[{"id":38519,"href":"https:\/\/miradordeatarfe.es\/index.php?rest_route=\/wp\/v2\/posts\/38517\/revisions\/38519"}],"wp:featuredmedia":[{"embeddable":true,"href":"https:\/\/miradordeatarfe.es\/index.php?rest_route=\/wp\/v2\/media\/38518"}],"wp:attachment":[{"href":"https:\/\/miradordeatarfe.es\/index.php?rest_route=%2Fwp%2Fv2%2Fmedia&parent=38517"}],"wp:term":[{"taxonomy":"category","embeddable":true,"href":"https:\/\/miradordeatarfe.es\/index.php?rest_route=%2Fwp%2Fv2%2Fcategories&post=38517"},{"taxonomy":"post_tag","embeddable":true,"href":"https:\/\/miradordeatarfe.es\/index.php?rest_route=%2Fwp%2Fv2%2Ftags&post=38517"}],"curies":[{"name":"wp","href":"https:\/\/api.w.org\/{rel}","templated":true}]}}