{"id":38520,"date":"2020-03-21T10:17:56","date_gmt":"2020-03-21T09:17:56","guid":{"rendered":"http:\/\/miradordeatarfe.es\/?p=38520"},"modified":"2020-03-20T20:25:54","modified_gmt":"2020-03-20T19:25:54","slug":"elayuntamiento-de-atarfe-informa","status":"publish","type":"post","link":"https:\/\/miradordeatarfe.es\/?p=38520","title":{"rendered":"EL AYUNTAMIENTO DE ATARFE INFORMA"},"content":{"rendered":"<h3>LA CALLE REAL SE CIERRA AL TR\u00c1FICO<\/h3>\n<p>Se cierra al tr\u00e1fico particular la Calle Real (Avenida de Andaluc\u00eda) en el tramo que va desde el cruce con la Avenida de la Diputaci\u00f3n hasta el comienzo del Paseo de Santa Ana.<\/p>\n<p>S\u00f3lo estar\u00e1 permitido el acceso a los servicios de urgencia, transporte p\u00fablico y veh\u00edculos autorizados.<\/p>\n<div class=\"text_exposed_show\">\n<p>Esta medida se toma por criterios exclusivos de seguridad y hacemos un llamamiento a vuestra comprensi\u00f3n y colaboraci\u00f3n.<\/p>\n<p><a href=\"https:\/\/i0.wp.com\/miradordeatarfe.es\/wp-content\/uploads\/2020\/03\/90386300_2951583941572123_917616249507151872_o.jpg?ssl=1\"><img data-recalc-dims=\"1\" loading=\"lazy\" decoding=\"async\" class=\"alignnone wp-image-38522 size-full\" src=\"https:\/\/i0.wp.com\/miradordeatarfe.es\/wp-content\/uploads\/2020\/03\/90386300_2951583941572123_917616249507151872_o.jpg?resize=640%2C358&#038;ssl=1\" alt=\"\" width=\"640\" height=\"358\" srcset=\"https:\/\/i0.wp.com\/miradordeatarfe.es\/wp-content\/uploads\/2020\/03\/90386300_2951583941572123_917616249507151872_o.jpg?w=960&amp;ssl=1 960w, https:\/\/i0.wp.com\/miradordeatarfe.es\/wp-content\/uploads\/2020\/03\/90386300_2951583941572123_917616249507151872_o.jpg?resize=300%2C168&amp;ssl=1 300w, https:\/\/i0.wp.com\/miradordeatarfe.es\/wp-content\/uploads\/2020\/03\/90386300_2951583941572123_917616249507151872_o.jpg?resize=768%2C430&amp;ssl=1 768w, https:\/\/i0.wp.com\/miradordeatarfe.es\/wp-content\/uploads\/2020\/03\/90386300_2951583941572123_917616249507151872_o.jpg?resize=600%2C336&amp;ssl=1 600w\" sizes=\"auto, (max-width: 640px) 100vw, 640px\" \/><\/a><\/p>\n<h3>SI EST\u00c1S EN SITUACI\u00d3N DE DESEMPLEO, LA SIGUIENTE INFORMACI\u00d3N TE INTERESA<\/h3>\n<p>Debido a la situaci\u00f3n excepcional que ha provocado el cierre al p\u00fablico de las oficinas del SAE (Servicio Andaluz de Empleo) y del SEPE (Servicio P\u00fablico de Empleo Estatal), desde el Ayuntamiento de Atarfe facilitamos los enlaces a las p\u00e1ginas informativas donde se explican los procedimientos para realizar las gestiones telem\u00e1ticas y\/o telef\u00f3nicas con estos organismos.<\/p>\n<p>Enlace SAE:<span class=\"text_exposed_show\"><br \/>\n<a href=\"https:\/\/www.juntadeandalucia.es\/organismos\/empleoformacionytrabajoautonomo\/sae\/areas\/demanda-empleo\/inscripcion-demandante\/paginas\/telefonos-covid19.html?fbclid=IwAR03ap92zDjuoHPmL4K3BuFOYRJ85vLLVDZMjSeLvsriwGWNuxmrISJzinQ\" target=\"_blank\" rel=\"noopener nofollow noreferrer\" data-ft=\"{&quot;tn&quot;:&quot;-U&quot;}\" data-lynx-mode=\"async\" data-lynx-uri=\"https:\/\/l.facebook.com\/l.php?u=https%3A%2F%2Fwww.juntadeandalucia.es%2Forganismos%2Fempleoformacionytrabajoautonomo%2Fsae%2Fareas%2Fdemanda-empleo%2Finscripcion-demandante%2Fpaginas%2Ftelefonos-covid19.html%3Ffbclid%3DIwAR03ap92zDjuoHPmL4K3BuFOYRJ85vLLVDZMjSeLvsriwGWNuxmrISJzinQ&amp;h=AT3kihae19_Of086eZu-6dVY0BAd4too9HUd6QWfUWOYDVAkqof8wR7z8NV9n5IBY6m4CeeAc_dLy5RbJbScIdiMd4AbyZdx9vV9VplJkZcq_N_j4Hp_ZH6XzVF3bw7-5qFV6RqVyW3Vtg5GJX5owH0ke33ftavSb4NqvhY4hTqT4U6DnuvfoVJUTBcHJbFyt_yYJ78p7Ts4BUoifsD9h4tSUUp58-R8T3EpUgISYF0Euisl0rSFWAQtz9X-efuYPKYU7f_q-bP5XHvtqKm0mSJYCKs_nTtEffnubkzLETDIWeqBh1t6r2LmuvBySjK3ae1lC9xeFS3lMxHlWv8WZ_zPGs5F615fgLL0b-3d_gHQb4H--5dvmO5HqOml8AmfeGo59TDnG_-crAv7sepfzMlevVqn0i3oFcCEMT8ArlyXBabyJr4_geg4ToVtNFXCwW4wcIpFH7glt7yeXUGYg4TNh6dZVvwuaH7W70zn4yvEbqIsxTo2Q9dLhH-Joips6WStvyTWHSoUkXM0HTBCZOWhFlICaF_todi4tXkQ-xQRY5c3sY5agIUGh7RIVH3jA_DewjvI3tTeuau_FvNK5sf9iAcAm2Uw1kBGNDSGXYYaOrObhVc9NvC78JnhK9bD0BQ\">https:\/\/www.juntadeandalucia.es\/\u2026\/pa\u2026\/telefonos-covid19.html<\/a><\/span><\/p>\n<div class=\"text_exposed_show\">\n<p>Enlace SEPE: <br \/>\n<a href=\"https:\/\/www.sepe.es\/HomeSepe\/que-es-el-sepe\/comunicacion-institucional\/noticias\/detalle-noticia.html?folder=%2F2020%2FMarzo%2F&amp;detail=medidas-excepcionales-de-atencion-en-las-oficinas-del-SEPE-a-consecuencia-del-coronavirus&amp;fbclid=IwAR3UIGMq2il4iXbEtUVT6h5Kf45LDxN9NuKSccGv2WwDoL9q9ffuNnafqzU\" target=\"_blank\" rel=\"noopener nofollow noreferrer\" data-ft=\"{&quot;tn&quot;:&quot;-U&quot;}\" data-lynx-mode=\"async\" data-lynx-uri=\"https:\/\/l.facebook.com\/l.php?u=https%3A%2F%2Fwww.sepe.es%2FHomeSepe%2Fque-es-el-sepe%2Fcomunicacion-institucional%2Fnoticias%2Fdetalle-noticia.html%3Ffolder%3D%252F2020%252FMarzo%252F%26detail%3Dmedidas-excepcionales-de-atencion-en-las-oficinas-del-SEPE-a-consecuencia-del-coronavirus%26fbclid%3DIwAR3UIGMq2il4iXbEtUVT6h5Kf45LDxN9NuKSccGv2WwDoL9q9ffuNnafqzU&amp;h=AT2DFUPvkweMsRYbuGbz6wEYN0wFL0KJLM_OOOMo-T0I6e433NqjdsbtynL_rkbz5GKb-T4LgPJQePpsT16geCASO52mQbo_i191Fdk2yhPDJmOLCfJ9SCo5X3OtcHdjLKk41FAszL0wcVr2zPXtzE3nLxwL9wRnjQgeqtqwfMpqmSeDS-0PsQwsi5GRHzKytFkghAT6PmPyPSk833gvtKHbkRHF5ZzoqD5SpWmTwpcQMTrQypUCuA1Z3KiVXfcqZsT382E4ZByHGV_gscJZ1gkkl3-TG0qo8lihLmfa02HOxnYNVXpTrYp-jnkjSfifDVS7sLSrtL2NJGtW5n8tnqtwMU4iAg3IxWKK57We4BjZ98fHeBeymzfP-PfcY_TXwnEzsTq_ie8DlJqcElgepfqzErzxRMDNn0LKjz9T0ULOdjQK_LoWHe9xIkvwa-jLX4fU_6qCzuW4fCisrw9DSVv-dDrQz3JQYbJzxOwNSqol3jV9c0teu4PefzcsCLokC7tJYpwTiNnpd22s_EzmcLyC_BLOEprm6x1zHY_Te1TAb-cM3E4M-cf3SV5S6DI8JqeeDwlIjRzNY_2l2i3xFgdVg7zC-3mQgbsXev9la-JG0uiIqHGBrSpzo9W-zt57_LM\">https:\/\/www.sepe.es\/\u2026\/comuni\u2026\/noticias\/detalle-noticia.html\u2026<\/a><\/p>\n<p><a href=\"https:\/\/i0.wp.com\/miradordeatarfe.es\/wp-content\/uploads\/2020\/03\/90759694_2951495048247679_2137260930050818048_n.jpg?ssl=1\"><img data-recalc-dims=\"1\" loading=\"lazy\" decoding=\"async\" class=\"wp-image-38523 size-full aligncenter\" src=\"https:\/\/i0.wp.com\/miradordeatarfe.es\/wp-content\/uploads\/2020\/03\/90759694_2951495048247679_2137260930050818048_n.jpg?resize=640%2C359&#038;ssl=1\" alt=\"\" width=\"640\" height=\"359\" srcset=\"https:\/\/i0.wp.com\/miradordeatarfe.es\/wp-content\/uploads\/2020\/03\/90759694_2951495048247679_2137260930050818048_n.jpg?w=657&amp;ssl=1 657w, https:\/\/i0.wp.com\/miradordeatarfe.es\/wp-content\/uploads\/2020\/03\/90759694_2951495048247679_2137260930050818048_n.jpg?resize=300%2C168&amp;ssl=1 300w, https:\/\/i0.wp.com\/miradordeatarfe.es\/wp-content\/uploads\/2020\/03\/90759694_2951495048247679_2137260930050818048_n.jpg?resize=600%2C337&amp;ssl=1 600w\" sizes=\"auto, (max-width: 640px) 100vw, 640px\" \/><\/a><\/p>\n<div id=\"js_dx\" class=\"_5pbx userContent _3576\" data-testid=\"post_message\" data-ft=\"{&quot;tn&quot;:&quot;K&quot;}\">\n<div id=\"id_5e7516c08e48f9f95670127\" class=\"text_exposed_root text_exposed\">\n<h3>ACTUALIZADOS LOS TEL\u00c9FONOS DE LOS SERVICIOS SANITARIOS DE ATENCI\u00d3N PRIMARIA<\/h3>\n<p>Ante la situaci\u00f3n de colapso de los sistemas de atenci\u00f3n telef\u00f3nica, el Distrito Sanitario Metropolitano ha actualizado la informaci\u00f3n de los tel\u00e9fonos y horarios.<\/p>\n<p>Centro de Salud de Atarfe [Horario: 08:00 &#8211; 15:00]<span class=\"text_exposed_show\"><br \/>\n600 161 748<br \/>\n958 893 546<br \/>\n958 893 634<\/span><\/p>\n<div class=\"text_exposed_show\">\n<p>Centro Base [Horario: 08:00 &#8211; 20:00]<br \/>\n958 897 621<br \/>\n958 897 622<\/p>\n<p>Hacemos un llamamiento a que sean pacientes, ya que los sistemas se encuentran sobrecargados y colapsados en muchas ocasiones.<\/p>\n<p><a href=\"https:\/\/i0.wp.com\/miradordeatarfe.es\/wp-content\/uploads\/2020\/03\/89517911_2942398079157376_1164027383796203520_o.jpg?ssl=1\"><img data-recalc-dims=\"1\" loading=\"lazy\" decoding=\"async\" class=\"alignnone wp-image-38524 size-full\" src=\"https:\/\/i0.wp.com\/miradordeatarfe.es\/wp-content\/uploads\/2020\/03\/89517911_2942398079157376_1164027383796203520_o.jpg?resize=640%2C443&#038;ssl=1\" alt=\"\" width=\"640\" height=\"443\" srcset=\"https:\/\/i0.wp.com\/miradordeatarfe.es\/wp-content\/uploads\/2020\/03\/89517911_2942398079157376_1164027383796203520_o.jpg?w=960&amp;ssl=1 960w, https:\/\/i0.wp.com\/miradordeatarfe.es\/wp-content\/uploads\/2020\/03\/89517911_2942398079157376_1164027383796203520_o.jpg?resize=300%2C208&amp;ssl=1 300w, https:\/\/i0.wp.com\/miradordeatarfe.es\/wp-content\/uploads\/2020\/03\/89517911_2942398079157376_1164027383796203520_o.jpg?resize=768%2C532&amp;ssl=1 768w, https:\/\/i0.wp.com\/miradordeatarfe.es\/wp-content\/uploads\/2020\/03\/89517911_2942398079157376_1164027383796203520_o.jpg?resize=600%2C416&amp;ssl=1 600w\" sizes=\"auto, (max-width: 640px) 100vw, 640px\" \/><\/a><\/p>\n<\/div>\n<\/div>\n<\/div>\n<\/div>\n<\/div>\n","protected":false},"excerpt":{"rendered":"<p>LA CALLE REAL SE CIERRA AL TR\u00c1FICO Se cierra al tr\u00e1fico particular la Calle Real&#8230;<\/p>\n","protected":false},"author":1,"featured_media":38525,"comment_status":"closed","ping_status":"closed","sticky":false,"template":"","format":"standard","meta":{"_coblocks_attr":"","_coblocks_dimensions":"","_coblocks_responsive_height":"","_coblocks_accordion_ie_support":"","jetpack_post_was_ever_published":false,"_jetpack_newsletter_access":"","_jetpack_dont_email_post_to_subs":false,"_jetpack_newsletter_tier_id":0,"_jetpack_memberships_contains_paywalled_content":false,"_jetpack_memberships_contains_paid_content":false,"footnotes":"","jetpack_publicize_message":"","jetpack_publicize_feature_enabled":true,"jetpack_social_post_already_shared":false,"jetpack_social_options":{"image_generator_settings":{"template":"highway","default_image_id":0,"enabled":false},"version":2}},"categories":[6916,1161,7149,44,15],"tags":[4293,590],"class_list":["post-38520","post","type-post","status-publish","format-standard","has-post-thumbnail","hentry","category-ayuntamiento-de-atarfe","category-ciudadania","category-coronavirus","category-noticias-de-hoy","category-ultimas-noticias","tag-ayuntamiento-de-atarfe","tag-informacion"],"jetpack_publicize_connections":[],"jetpack_featured_media_url":"https:\/\/i0.wp.com\/miradordeatarfe.es\/wp-content\/uploads\/2020\/03\/unnamed-3.jpg?fit=222%2C108&ssl=1","jetpack_likes_enabled":true,"jetpack_sharing_enabled":true,"_links":{"self":[{"href":"https:\/\/miradordeatarfe.es\/index.php?rest_route=\/wp\/v2\/posts\/38520","targetHints":{"allow":["GET"]}}],"collection":[{"href":"https:\/\/miradordeatarfe.es\/index.php?rest_route=\/wp\/v2\/posts"}],"about":[{"href":"https:\/\/miradordeatarfe.es\/index.php?rest_route=\/wp\/v2\/types\/post"}],"author":[{"embeddable":true,"href":"https:\/\/miradordeatarfe.es\/index.php?rest_route=\/wp\/v2\/users\/1"}],"replies":[{"embeddable":true,"href":"https:\/\/miradordeatarfe.es\/index.php?rest_route=%2Fwp%2Fv2%2Fcomments&post=38520"}],"version-history":[{"count":3,"href":"https:\/\/miradordeatarfe.es\/index.php?rest_route=\/wp\/v2\/posts\/38520\/revisions"}],"predecessor-version":[{"id":38527,"href":"https:\/\/miradordeatarfe.es\/index.php?rest_route=\/wp\/v2\/posts\/38520\/revisions\/38527"}],"wp:featuredmedia":[{"embeddable":true,"href":"https:\/\/miradordeatarfe.es\/index.php?rest_route=\/wp\/v2\/media\/38525"}],"wp:attachment":[{"href":"https:\/\/miradordeatarfe.es\/index.php?rest_route=%2Fwp%2Fv2%2Fmedia&parent=38520"}],"wp:term":[{"taxonomy":"category","embeddable":true,"href":"https:\/\/miradordeatarfe.es\/index.php?rest_route=%2Fwp%2Fv2%2Fcategories&post=38520"},{"taxonomy":"post_tag","embeddable":true,"href":"https:\/\/miradordeatarfe.es\/index.php?rest_route=%2Fwp%2Fv2%2Ftags&post=38520"}],"curies":[{"name":"wp","href":"https:\/\/api.w.org\/{rel}","templated":true}]}}