{"id":38529,"date":"2020-03-21T18:50:12","date_gmt":"2020-03-21T17:50:12","guid":{"rendered":"http:\/\/miradordeatarfe.es\/?p=38529"},"modified":"2020-03-21T18:50:12","modified_gmt":"2020-03-21T17:50:12","slug":"el-ayuntamiento-permanecera-operativo-durante-el-fin-de-semana","status":"publish","type":"post","link":"https:\/\/miradordeatarfe.es\/?p=38529","title":{"rendered":"EL AYUNTAMIENTO PERMANECER\u00c1 OPERATIVO DURANTE EL FIN DE SEMANA"},"content":{"rendered":"<h3 style=\"text-align: justify;\">Mientras dure la situaci\u00f3n de Crisis Sanitaria, el Ayuntamiento de Atarfe permanecer\u00e1 operativo los fines de semana para atender a los Atarfe\u00f1os y Atarfe\u00f1as en aquellas cuestiones de urgencia que puedan presentarse.<\/h3>\n<p>S\u00e1bado y Domingo<span class=\"text_exposed_show\"><br \/>\nMa\u00f1ana: 10:00 &#8211; 14:00<br \/>\nTarde: 17:00 &#8211; 20:00<\/span><\/p>\n<div class=\"text_exposed_show\">\n<p>Tel\u00e9fono: 958 43 60 11<br \/>\nWhatsApp: 680 43 19 98<br \/>\nE-Mail: urgencias-covid19@atarfe.es<\/p>\n<p>Adem\u00e1s puedes seguir realizando tus tr\u00e1mites a trav\u00e9s de la Sede Electr\u00f3nica: atarfe.sedelectronica.es<\/p>\n<p><a href=\"https:\/\/i0.wp.com\/miradordeatarfe.es\/wp-content\/uploads\/2020\/03\/90095868_2952411951489322_1004689603262676992_o.jpg?ssl=1\"><img data-recalc-dims=\"1\" loading=\"lazy\" decoding=\"async\" class=\"alignnone wp-image-38530 size-full\" src=\"https:\/\/i0.wp.com\/miradordeatarfe.es\/wp-content\/uploads\/2020\/03\/90095868_2952411951489322_1004689603262676992_o.jpg?resize=640%2C443&#038;ssl=1\" alt=\"\" width=\"640\" height=\"443\" srcset=\"https:\/\/i0.wp.com\/miradordeatarfe.es\/wp-content\/uploads\/2020\/03\/90095868_2952411951489322_1004689603262676992_o.jpg?w=960&amp;ssl=1 960w, https:\/\/i0.wp.com\/miradordeatarfe.es\/wp-content\/uploads\/2020\/03\/90095868_2952411951489322_1004689603262676992_o.jpg?resize=300%2C208&amp;ssl=1 300w, https:\/\/i0.wp.com\/miradordeatarfe.es\/wp-content\/uploads\/2020\/03\/90095868_2952411951489322_1004689603262676992_o.jpg?resize=768%2C532&amp;ssl=1 768w, https:\/\/i0.wp.com\/miradordeatarfe.es\/wp-content\/uploads\/2020\/03\/90095868_2952411951489322_1004689603262676992_o.jpg?resize=600%2C416&amp;ssl=1 600w\" sizes=\"auto, (max-width: 640px) 100vw, 640px\" \/><\/a><\/p>\n<p><a class=\"_58cn\" href=\"https:\/\/www.facebook.com\/hashtag\/atarfetenecesita?source=feed_text&amp;epa=HASHTAG&amp;__xts__%5B0%5D=68.ARBzNldaAW_qyA_GAcEWw_3A0C0h4Xp30xBBOvnBL7V1GSZ1gceZutZRvDvr1kfF7SE05-Z5X5Hi299yYXjL6W4s-JnHVY3vjteKT4OyFMD-Qs764O350IZSbqNyQ7dbWzPoEsMnrILUanJdNTY-gPwHkUninMmXy6hsz-iZ-tNQJQYdru74U7Bn__yprnoJ1fFufUtoXBJQ2-DHgPTEOQShrawPWd4Imip5PxbvQwexjyDj1lKUJncDRjrFPaRN6Fn5W6FZWacwP7OLeAxu5wz2-S0sI-1OgzZ-OSqTVeVUhXaew5hfbo-GoALIVyNv8EuHC51s-2Ar-N_eDByvonwKOg&amp;__tn__=%2ANK-R\" data-ft=\"{&quot;type&quot;:104,&quot;tn&quot;:&quot;*N&quot;}\"><span class=\"_5afx\"><span class=\"_58cl _5afz\" aria-label=\"hashtag\">#<\/span><span class=\"_58cm\">AtarfeTeNecesita<\/span><\/span><\/a><br \/>\n<a class=\"_58cn\" href=\"https:\/\/www.facebook.com\/hashtag\/atarfesequedaencasa?source=feed_text&amp;epa=HASHTAG&amp;__xts__%5B0%5D=68.ARBzNldaAW_qyA_GAcEWw_3A0C0h4Xp30xBBOvnBL7V1GSZ1gceZutZRvDvr1kfF7SE05-Z5X5Hi299yYXjL6W4s-JnHVY3vjteKT4OyFMD-Qs764O350IZSbqNyQ7dbWzPoEsMnrILUanJdNTY-gPwHkUninMmXy6hsz-iZ-tNQJQYdru74U7Bn__yprnoJ1fFufUtoXBJQ2-DHgPTEOQShrawPWd4Imip5PxbvQwexjyDj1lKUJncDRjrFPaRN6Fn5W6FZWacwP7OLeAxu5wz2-S0sI-1OgzZ-OSqTVeVUhXaew5hfbo-GoALIVyNv8EuHC51s-2Ar-N_eDByvonwKOg&amp;__tn__=%2ANK-R\" data-ft=\"{&quot;type&quot;:104,&quot;tn&quot;:&quot;*N&quot;}\"><span class=\"_5afx\"><span class=\"_58cl _5afz\" aria-label=\"hashtag\">#<\/span><span class=\"_58cm\">AtarfeSeQuedaEnCasa<\/span><\/span><\/a><br \/>\n<a class=\"_58cn\" href=\"https:\/\/www.facebook.com\/hashtag\/todovaasalirbien?source=feed_text&amp;epa=HASHTAG&amp;__xts__%5B0%5D=68.ARBzNldaAW_qyA_GAcEWw_3A0C0h4Xp30xBBOvnBL7V1GSZ1gceZutZRvDvr1kfF7SE05-Z5X5Hi299yYXjL6W4s-JnHVY3vjteKT4OyFMD-Qs764O350IZSbqNyQ7dbWzPoEsMnrILUanJdNTY-gPwHkUninMmXy6hsz-iZ-tNQJQYdru74U7Bn__yprnoJ1fFufUtoXBJQ2-DHgPTEOQShrawPWd4Imip5PxbvQwexjyDj1lKUJncDRjrFPaRN6Fn5W6FZWacwP7OLeAxu5wz2-S0sI-1OgzZ-OSqTVeVUhXaew5hfbo-GoALIVyNv8EuHC51s-2Ar-N_eDByvonwKOg&amp;__tn__=%2ANK-R\" data-ft=\"{&quot;type&quot;:104,&quot;tn&quot;:&quot;*N&quot;}\"><span class=\"_5afx\"><span class=\"_58cl _5afz\" aria-label=\"hashtag\">#<\/span><span class=\"_58cm\">TodoVaASalirBien<\/span><\/span><\/a><\/p>\n<\/div>\n","protected":false},"excerpt":{"rendered":"<p>Mientras dure la situaci\u00f3n de Crisis Sanitaria, el Ayuntamiento de Atarfe permanecer\u00e1 operativo los fines&#8230;<\/p>\n","protected":false},"author":1,"featured_media":38525,"comment_status":"closed","ping_status":"closed","sticky":false,"template":"","format":"standard","meta":{"_coblocks_attr":"","_coblocks_dimensions":"","_coblocks_responsive_height":"","_coblocks_accordion_ie_support":"","jetpack_post_was_ever_published":false,"_jetpack_newsletter_access":"","_jetpack_dont_email_post_to_subs":false,"_jetpack_newsletter_tier_id":0,"_jetpack_memberships_contains_paywalled_content":false,"_jetpack_memberships_contains_paid_content":false,"footnotes":"","jetpack_publicize_message":"","jetpack_publicize_feature_enabled":true,"jetpack_social_post_already_shared":false,"jetpack_social_options":{"image_generator_settings":{"template":"highway","default_image_id":0,"enabled":false},"version":2}},"categories":[6916,44,15],"tags":[6919],"class_list":["post-38529","post","type-post","status-publish","format-standard","has-post-thumbnail","hentry","category-ayuntamiento-de-atarfe","category-noticias-de-hoy","category-ultimas-noticias","tag-ayuntamiento-atarfe"],"jetpack_publicize_connections":[],"jetpack_featured_media_url":"https:\/\/i0.wp.com\/miradordeatarfe.es\/wp-content\/uploads\/2020\/03\/unnamed-3.jpg?fit=222%2C108&ssl=1","jetpack_likes_enabled":true,"jetpack_sharing_enabled":true,"_links":{"self":[{"href":"https:\/\/miradordeatarfe.es\/index.php?rest_route=\/wp\/v2\/posts\/38529","targetHints":{"allow":["GET"]}}],"collection":[{"href":"https:\/\/miradordeatarfe.es\/index.php?rest_route=\/wp\/v2\/posts"}],"about":[{"href":"https:\/\/miradordeatarfe.es\/index.php?rest_route=\/wp\/v2\/types\/post"}],"author":[{"embeddable":true,"href":"https:\/\/miradordeatarfe.es\/index.php?rest_route=\/wp\/v2\/users\/1"}],"replies":[{"embeddable":true,"href":"https:\/\/miradordeatarfe.es\/index.php?rest_route=%2Fwp%2Fv2%2Fcomments&post=38529"}],"version-history":[{"count":1,"href":"https:\/\/miradordeatarfe.es\/index.php?rest_route=\/wp\/v2\/posts\/38529\/revisions"}],"predecessor-version":[{"id":38531,"href":"https:\/\/miradordeatarfe.es\/index.php?rest_route=\/wp\/v2\/posts\/38529\/revisions\/38531"}],"wp:featuredmedia":[{"embeddable":true,"href":"https:\/\/miradordeatarfe.es\/index.php?rest_route=\/wp\/v2\/media\/38525"}],"wp:attachment":[{"href":"https:\/\/miradordeatarfe.es\/index.php?rest_route=%2Fwp%2Fv2%2Fmedia&parent=38529"}],"wp:term":[{"taxonomy":"category","embeddable":true,"href":"https:\/\/miradordeatarfe.es\/index.php?rest_route=%2Fwp%2Fv2%2Fcategories&post=38529"},{"taxonomy":"post_tag","embeddable":true,"href":"https:\/\/miradordeatarfe.es\/index.php?rest_route=%2Fwp%2Fv2%2Ftags&post=38529"}],"curies":[{"name":"wp","href":"https:\/\/api.w.org\/{rel}","templated":true}]}}