{"id":38536,"date":"2020-03-27T11:58:37","date_gmt":"2020-03-27T10:58:37","guid":{"rendered":"http:\/\/miradordeatarfe.es\/?p=38536"},"modified":"2020-03-21T19:10:14","modified_gmt":"2020-03-21T18:10:14","slug":"hemos-aprendidomucho-por-alberto-granados","status":"publish","type":"post","link":"https:\/\/miradordeatarfe.es\/?p=38536","title":{"rendered":"\u00bb HEMOS APRENDIDO MUCHO\u00bb por Alberto Granados"},"content":{"rendered":"<div class=\"entry-content\">\n<h3 style=\"text-align: justify;\">\u00a0\u00a0\u00a0\u00a0\u00a0\u00a0 Siempre se ha contrapuesto el aprendizaje acad\u00e9mico y reglado, \u00e9se que cubre desde la escuela al doctorado, y el otro aprendizaje, el que ense\u00f1a la propia existencia de cada uno, no siempre f\u00e1cil y privilegiada e incluso dur\u00edsima en algunos momentos hist\u00f3ricos y en algunas biograf\u00edas. Y en ese aprendizaje de la realidad, directo y emp\u00edrico, la actual crisis del coronavirus est\u00e1 haci\u00e9ndonos aprender mucho y muy positivo.<\/h3>\n<p style=\"text-align: justify;\">\u00a0\u00a0\u00a0\u00a0\u00a0\u00a0\u00a0\u00a0 Tal vez lo m\u00e1s valioso que hemos interiorizado estos d\u00edas es la dimensi\u00f3n social, global, de nuestra vida. La pandemia nos ha hecho salir del individualismo salvaje en que hemos estado viviendo y nos hemos dado cuenta de que vivimos dentro de una colectividad (de barrio, local, nacional, europea, mundial) de la que no podemos sustraernos. Hemos descubierto algo tan obvio como que el virus es <em>cosa de todos<\/em>, as\u00ed como su peligro impl\u00edcito, como la necesidad com\u00fan de combatirlo a trav\u00e9s del confinamiento. Ahora, nos hemos vuelto m\u00e1s sociales, m\u00e1s solidarios y salimos cada tarde a aplaudir a los sanitarios y comerciantes que nos est\u00e1n salvando dentro de sus posibilidades. Ayer mismo, toda mi comunidad dedicamos un aplauso a una nonagenaria que celebraba (por decirlo de alguna forma) en su soledad su onom\u00e1stica. Todo el bloque, asomados a nuestras ventanas interiores le cantamos lo de <em>Feliz, feliz en tu d\u00eda<\/em>\u2026 y la se\u00f1ora se emocion\u00f3. Y en las escasas calles del barrio de Los Pajaritos est\u00e1n surgiendo iniciativas para ayudar con las compras y recados a las personas que no pueden salir. Y se est\u00e1n cruzando a trav\u00e9s de las redes cientos de propuestas en que cada cual ofrece lo que ha elaborado para los dem\u00e1s: desde su m\u00fasica, su voz, o su ingenio, hasta tablas de gimnasia de mantenimiento, dietas y recetas de cocina o pasatiempos para entretener a los ni\u00f1os, tambi\u00e9n encerrados. Esta corriente solidaria y tan olvidada, ha llegado con el virus y nos regenera y enriquece a cada uno de nosotros como seres humanos. Es probable que os haya llegado un v\u00eddeo en que un funcionario de la Agencia Tributaria de Gij\u00f3n reflexiona sobre la posibilidad de renunciar a las dos pagas extras para reconstruir lo que quede del nivel productivo en nuestra fr\u00e1gil econom\u00eda, que va a lanzar el paro a cifras astron\u00f3micas y va a dejar a mucha gente en situaciones dificil\u00edsimas.<\/p>\n<p class=\"wp-caption alignnone\" style=\"text-align: justify;\" data-shortcode=\"caption\"><a href=\"https:\/\/albertogranados.files.wordpress.com\/2020\/03\/desinfeccic3b3n-en-valencia-imagen-de-juan-carlos-cc3a1rdenas-en-el-pac3ads.jpg\"><img data-recalc-dims=\"1\" loading=\"lazy\" decoding=\"async\" class=\"size-full wp-image-8397\" src=\"https:\/\/albertogranados.files.wordpress.com\/2020\/03\/desinfeccic3b3n-en-valencia-imagen-de-juan-carlos-cc3a1rdenas-en-el-pac3ads.jpg?w=560&#038;h=381&#038;fit=560%2C381&#038;resize=560%2C381\" sizes=\"auto, (max-width: 560px) 100vw, 560px\" srcset=\"https:\/\/albertogranados.files.wordpress.com\/2020\/03\/desinfeccic3b3n-en-valencia-imagen-de-juan-carlos-cc3a1rdenas-en-el-pac3ads.jpg?w=560&amp;h=381 560w, https:\/\/albertogranados.files.wordpress.com\/2020\/03\/desinfeccic3b3n-en-valencia-imagen-de-juan-carlos-cc3a1rdenas-en-el-pac3ads.jpg?w=150&amp;h=102 150w, https:\/\/albertogranados.files.wordpress.com\/2020\/03\/desinfeccic3b3n-en-valencia-imagen-de-juan-carlos-cc3a1rdenas-en-el-pac3ads.jpg?w=300&amp;h=204 300w, https:\/\/albertogranados.files.wordpress.com\/2020\/03\/desinfeccic3b3n-en-valencia-imagen-de-juan-carlos-cc3a1rdenas-en-el-pac3ads.jpg?w=768&amp;h=522 768w, https:\/\/albertogranados.files.wordpress.com\/2020\/03\/desinfeccic3b3n-en-valencia-imagen-de-juan-carlos-cc3a1rdenas-en-el-pac3ads.jpg 980w\" alt=\"\" width=\"560\" height=\"381\" aria-describedby=\"caption-attachment-8397\" data-attachment-id=\"8397\" data-permalink=\"https:\/\/albertogranados.wordpress.com\/2020\/03\/21\/hemos-aprendido-mucho\/desinfeccion-en-valencia-imagen-de-juan-carlos-cardenas-en-el-pais\/\" data-orig-file=\"https:\/\/albertogranados.files.wordpress.com\/2020\/03\/desinfeccic3b3n-en-valencia-imagen-de-juan-carlos-cc3a1rdenas-en-el-pac3ads.jpg\" data-orig-size=\"980,666\" data-comments-opened=\"1\" data-image-meta=\"{&quot;aperture&quot;:&quot;0&quot;,&quot;credit&quot;:&quot;&quot;,&quot;camera&quot;:&quot;&quot;,&quot;caption&quot;:&quot;&quot;,&quot;created_timestamp&quot;:&quot;0&quot;,&quot;copyright&quot;:&quot;&quot;,&quot;focal_length&quot;:&quot;0&quot;,&quot;iso&quot;:&quot;0&quot;,&quot;shutter_speed&quot;:&quot;0&quot;,&quot;title&quot;:&quot;&quot;,&quot;orientation&quot;:&quot;0&quot;}\" data-image-title=\"Desinfecci\u00f3n en Valencia Imagen de Juan Carlos C\u00e1rdenas en El Pa\u00eds\" data-image-description=\"\" data-medium-file=\"https:\/\/albertogranados.files.wordpress.com\/2020\/03\/desinfeccic3b3n-en-valencia-imagen-de-juan-carlos-cc3a1rdenas-en-el-pac3ads.jpg?w=300\" data-large-file=\"https:\/\/albertogranados.files.wordpress.com\/2020\/03\/desinfeccic3b3n-en-valencia-imagen-de-juan-carlos-cc3a1rdenas-en-el-pac3ads.jpg?w=560\" \/><\/a><\/p>\n<p id=\"caption-attachment-8397\" class=\"wp-caption-text\">Desinfecci\u00f3n en Valencia Imagen de Juan Carlos C\u00e1rdenas en El Pa\u00eds<\/p>\n<p style=\"text-align: justify;\" data-adtags-visited=\"true\">\u00a0<\/p>\n<p style=\"text-align: justify;\">\u00a0\u00a0\u00a0\u00a0\u00a0\u00a0\u00a0\u00a0 Otra cosa que hemos aprendido, especialmente los m\u00e1s j\u00f3venes, es que podemos vivir perfectamente dentro de un contexto de privaciones que s\u00f3lo recordamos los que nacimos en la sociedad de una posguerra m\u00e1s o menos inmediata a la contienda. Mi ni\u00f1ez fue una magn\u00edfica escuela de sobriedad, de frustraci\u00f3n ante los mil deseos que sab\u00edamos que jam\u00e1s se iban a cumplir. Esa econom\u00eda aut\u00e1rquica, ese estilo de vida que descartaba todo lo superfluo, nos hizo fuertes y nos ense\u00f1\u00f3 a vivir con la costumbre de seleccionar lo realmente importante. Nos lo ense\u00f1\u00f3 tan profundamente que, cuando nos toc\u00f3 ser padres, criamos a nuestros hijos como pr\u00edncipes a los que nunca les faltar\u00eda ni siquiera el m\u00ednimo pre-capricho, porque los acostumbramos a tenerlo todo, incluso antes de haber llegado a un deseo. Nos equivocamos, pero la pandemia nos est\u00e1 ense\u00f1ando a fabricarnos una realidad en que nos basta con sobrevivir y el consumo pasa a ser algo relativo. Se acabaron las tonter\u00edas y seguimos adelante con lo que hay a mano y si le tememos a algo es a que los suministros fallen y volvamos a aquellos legendarios <em>a\u00f1os del hambre<\/em>, de los que yo solo viv\u00ed los \u00faltimos coletazos. Sufrimos cierta precariedad (no encuentro guantes ni mascarillas, pero el supermercado est\u00e1 razonablemente abastecido, tanto como la fruter\u00eda o la pescader\u00eda y hay pan tierno cada d\u00eda), pero no nos falta nada de lo esencial.<\/p>\n<p style=\"text-align: justify;\">\u00a0\u00a0\u00a0\u00a0\u00a0\u00a0\u00a0\u00a0 Tambi\u00e9n hemos aprendido una nueva solidaridad que nos hace responsables. Sabemos que todos somos potenciales infecciosos, en activo y en pasivo, y nos ponemos los guantes y la insufrible mascarilla, aguantamos las ya olvidadas colas y el desesperante confinamiento, cambiamos nuestros h\u00e1bitos diarios, ofrecemos ayuda, nos llamamos por tel\u00e9fono con la urgencia de saber que en la casa de tal amigo todos est\u00e1n bien, nos preocupamos por los conocidos que han tenido patolog\u00edas previas o por los mayores\u2026 Hemos vuelto a ser humanos, como lo fuimos en otros tiempos que barri\u00f3 eso que llamamos progreso y ahora resucitan en nuestro interior. Hay que contar, claro est\u00e1, con la persona desabrida, d\u00edscola, indisciplinada\u2026, que tiende a hacer lo que quiere, pero que se encuentra con el rechazo de los dem\u00e1s, si no con las distintas fuerzas de seguridad que sancionan su prepotencia. Pero eso es simple estad\u00edstica.<\/p>\n<p class=\"wp-caption aligncenter\" style=\"text-align: justify;\" data-shortcode=\"caption\"><a href=\"https:\/\/albertogranados.files.wordpress.com\/2020\/03\/esta-es-la-verdad.jpg\"><img data-recalc-dims=\"1\" loading=\"lazy\" decoding=\"async\" class=\"size-full wp-image-8398\" src=\"https:\/\/albertogranados.files.wordpress.com\/2020\/03\/esta-es-la-verdad.jpg?w=560&#038;h=830&#038;fit=560%2C830&#038;resize=560%2C830\" sizes=\"auto, (max-width: 560px) 100vw, 560px\" srcset=\"https:\/\/albertogranados.files.wordpress.com\/2020\/03\/esta-es-la-verdad.jpg?w=560&amp;h=830 560w, https:\/\/albertogranados.files.wordpress.com\/2020\/03\/esta-es-la-verdad.jpg?w=101&amp;h=150 101w, https:\/\/albertogranados.files.wordpress.com\/2020\/03\/esta-es-la-verdad.jpg?w=203&amp;h=300 203w, https:\/\/albertogranados.files.wordpress.com\/2020\/03\/esta-es-la-verdad.jpg 648w\" alt=\"\" width=\"560\" height=\"830\" aria-describedby=\"caption-attachment-8398\" data-attachment-id=\"8398\" data-permalink=\"https:\/\/albertogranados.wordpress.com\/2020\/03\/21\/hemos-aprendido-mucho\/esta-es-la-verdad\/\" data-orig-file=\"https:\/\/albertogranados.files.wordpress.com\/2020\/03\/esta-es-la-verdad.jpg\" data-orig-size=\"648,960\" data-comments-opened=\"1\" data-image-meta=\"{&quot;aperture&quot;:&quot;0&quot;,&quot;credit&quot;:&quot;&quot;,&quot;camera&quot;:&quot;&quot;,&quot;caption&quot;:&quot;&quot;,&quot;created_timestamp&quot;:&quot;0&quot;,&quot;copyright&quot;:&quot;&quot;,&quot;focal_length&quot;:&quot;0&quot;,&quot;iso&quot;:&quot;0&quot;,&quot;shutter_speed&quot;:&quot;0&quot;,&quot;title&quot;:&quot;&quot;,&quot;orientation&quot;:&quot;0&quot;}\" data-image-title=\"Esta es la verdad\" data-image-description=\"\" data-medium-file=\"https:\/\/albertogranados.files.wordpress.com\/2020\/03\/esta-es-la-verdad.jpg?w=203\" data-large-file=\"https:\/\/albertogranados.files.wordpress.com\/2020\/03\/esta-es-la-verdad.jpg?w=560\" \/><\/a><\/p>\n<p id=\"caption-attachment-8398\" class=\"wp-caption-text\">Esta es la verdad<\/p>\n<p style=\"text-align: justify;\">\u00a0\u00a0\u00a0\u00a0\u00a0\u00a0\u00a0 Hemos comprendido, adem\u00e1s, que el planeta que hemos enfermado entre todos con nuestro estilo de vida (\u00bfo es de muerte?) se ha regenerado parcialmente en solo unos pocos d\u00edas de confinamiento. Y que las empresas y negocios que han mandado a sus empleados a eso tan nuevo que es el teletrabajo es una pr\u00e1ctica que puede favorecer en muchos casos la deseada conciliaci\u00f3n, especialmente en el caso de las mujeres. En definitiva, que hay modelos distintos de sociedad, diferentes en todo al sistema cl\u00e1sico, siempre despreocupado con la conservaci\u00f3n de la Naturaleza, con el estr\u00e9s del modelo de vida usual, con la deshumanizaci\u00f3n del trabajo.<\/p>\n<p style=\"text-align: justify;\">\u00a0\u00a0\u00a0\u00a0\u00a0\u00a0\u00a0 Y esa dimensi\u00f3n liberadora que es el humor ha florecido con una creatividad y una gracia que nos arrancan mil sonrisas al d\u00eda, algo que agradecer cuando las circunstancias son tan peligrosamente adversas. Y con el humor, la preocupaci\u00f3n, la visi\u00f3n de un horizonte muy negro que, pese a todo, nos tomamos con esperanza y optimismo.<\/p>\n<p class=\"wp-caption aligncenter\" style=\"text-align: justify;\" data-shortcode=\"caption\"><a href=\"https:\/\/albertogranados.files.wordpress.com\/2020\/03\/la-ahambra-cerrada.-imagen-de-la-web-de-cadena-ser.jpg\"><img data-recalc-dims=\"1\" loading=\"lazy\" decoding=\"async\" class=\"size-full wp-image-8400\" src=\"https:\/\/albertogranados.files.wordpress.com\/2020\/03\/la-ahambra-cerrada.-imagen-de-la-web-de-cadena-ser.jpg?w=560&#038;h=315&#038;fit=560%2C315&#038;resize=560%2C315\" sizes=\"auto, (max-width: 560px) 100vw, 560px\" srcset=\"https:\/\/albertogranados.files.wordpress.com\/2020\/03\/la-ahambra-cerrada.-imagen-de-la-web-de-cadena-ser.jpg?w=560&amp;h=315 560w, https:\/\/albertogranados.files.wordpress.com\/2020\/03\/la-ahambra-cerrada.-imagen-de-la-web-de-cadena-ser.jpg?w=1120&amp;h=630 1120w, https:\/\/albertogranados.files.wordpress.com\/2020\/03\/la-ahambra-cerrada.-imagen-de-la-web-de-cadena-ser.jpg?w=150&amp;h=84 150w, https:\/\/albertogranados.files.wordpress.com\/2020\/03\/la-ahambra-cerrada.-imagen-de-la-web-de-cadena-ser.jpg?w=300&amp;h=169 300w, https:\/\/albertogranados.files.wordpress.com\/2020\/03\/la-ahambra-cerrada.-imagen-de-la-web-de-cadena-ser.jpg?w=768&amp;h=432 768w, https:\/\/albertogranados.files.wordpress.com\/2020\/03\/la-ahambra-cerrada.-imagen-de-la-web-de-cadena-ser.jpg?w=1024&amp;h=576 1024w\" alt=\"\" width=\"560\" height=\"315\" aria-describedby=\"caption-attachment-8400\" data-attachment-id=\"8400\" data-permalink=\"https:\/\/albertogranados.wordpress.com\/2020\/03\/21\/hemos-aprendido-mucho\/la-ahambra-cerrada-imagen-de-la-web-de-cadena-ser\/\" data-orig-file=\"https:\/\/albertogranados.files.wordpress.com\/2020\/03\/la-ahambra-cerrada.-imagen-de-la-web-de-cadena-ser.jpg\" data-orig-size=\"1280,720\" data-comments-opened=\"1\" data-image-meta=\"{&quot;aperture&quot;:&quot;0&quot;,&quot;credit&quot;:&quot;&quot;,&quot;camera&quot;:&quot;&quot;,&quot;caption&quot;:&quot;&quot;,&quot;created_timestamp&quot;:&quot;0&quot;,&quot;copyright&quot;:&quot;&quot;,&quot;focal_length&quot;:&quot;0&quot;,&quot;iso&quot;:&quot;0&quot;,&quot;shutter_speed&quot;:&quot;0&quot;,&quot;title&quot;:&quot;&quot;,&quot;orientation&quot;:&quot;0&quot;}\" data-image-title=\"La Ahambra cerrada. Imagen de la web de Cadena Ser\" data-image-description=\"\" data-medium-file=\"https:\/\/albertogranados.files.wordpress.com\/2020\/03\/la-ahambra-cerrada.-imagen-de-la-web-de-cadena-ser.jpg?w=300\" data-large-file=\"https:\/\/albertogranados.files.wordpress.com\/2020\/03\/la-ahambra-cerrada.-imagen-de-la-web-de-cadena-ser.jpg?w=560\" \/><\/a><\/p>\n<p id=\"caption-attachment-8400\" class=\"wp-caption-text\">La Alhambra cerrada. Imagen de la web de Cadena Ser<\/p>\n<p style=\"text-align: justify;\">\u00a0\u00a0\u00a0\u00a0\u00a0\u00a0\u00a0 Otro aprendizaje, forzado y angustioso, es la fragilidad del sistema. A ra\u00edz de la crisis econ\u00f3mica de 2008, Mu\u00f1oz Molina formul\u00f3 la idea de que <a href=\"https:\/\/albertogranados.wordpress.com\/2013\/04\/10\/todo-lo-que-era-solido\/\">todo lo que era s\u00f3lido<\/a> (un sistema sanitario, una forma de vida, un nivel de bienestar y complacencia, un h\u00e1bito de lujos y caprichos, etc.) puede quebrarse en un instante y dejarnos en un caos de desorientaci\u00f3n y carencias, como nos pas\u00f3 hace doce a\u00f1os. Conviene recordar siempre lo relativo del acomodo complaciente, porque es una simple pompa de jab\u00f3n en manos del viento.<\/p>\n<p style=\"text-align: justify;\">La pena es que tengamos que vernos ante una cat\u00e1strofe para recuperar nuestra humanidad, para llegar a aprender mucho.<\/p>\n<p style=\"text-align: justify;\">Alberto Granados<\/p>\n<p style=\"text-align: justify;\" data-adtags-visited=\"true\"><span class=\"copyfoto\">Foto: Getty<\/span><\/p>\n<blockquote class=\"wp-embedded-content\" data-secret=\"qybyrUWggG\"><p><a href=\"https:\/\/albertogranados.wordpress.com\/2020\/03\/21\/hemos-aprendido-mucho\/\">Hemos aprendido mucho<\/a><\/p><\/blockquote>\n<p><iframe loading=\"lazy\" class=\"wp-embedded-content\" sandbox=\"allow-scripts\" security=\"restricted\" style=\"position: absolute; visibility: hidden;\" title=\"\u00abHemos aprendido mucho\u00bb \u2014 Alberto Granados\" src=\"https:\/\/albertogranados.wordpress.com\/2020\/03\/21\/hemos-aprendido-mucho\/embed\/#?secret=gj8duYQ9BL#?secret=qybyrUWggG\" data-secret=\"qybyrUWggG\" width=\"600\" height=\"338\" frameborder=\"0\" marginwidth=\"0\" marginheight=\"0\" scrolling=\"no\"><\/iframe><\/p>\n<\/div>\n","protected":false},"excerpt":{"rendered":"<p>\u00a0\u00a0\u00a0\u00a0\u00a0\u00a0 Siempre se ha contrapuesto el aprendizaje acad\u00e9mico y reglado, \u00e9se que cubre desde la&#8230;<\/p>\n","protected":false},"author":1,"featured_media":0,"comment_status":"closed","ping_status":"closed","sticky":false,"template":"","format":"standard","meta":{"_coblocks_attr":"","_coblocks_dimensions":"","_coblocks_responsive_height":"","_coblocks_accordion_ie_support":"","jetpack_post_was_ever_published":false,"_jetpack_newsletter_access":"","_jetpack_dont_email_post_to_subs":false,"_jetpack_newsletter_tier_id":0,"_jetpack_memberships_contains_paywalled_content":false,"_jetpack_memberships_contains_paid_content":false,"footnotes":"","jetpack_publicize_message":"","jetpack_publicize_feature_enabled":true,"jetpack_social_post_already_shared":false,"jetpack_social_options":{"image_generator_settings":{"template":"highway","default_image_id":0,"enabled":false},"version":2}},"categories":[39,1161,9,44,15],"tags":[7021,701],"class_list":["post-38536","post","type-post","status-publish","format-standard","hentry","category-opinion-de-alberto-granados","category-ciudadania","category-medio-ambiente","category-noticias-de-hoy","category-ultimas-noticias","tag-coronavirus","tag-crisis"],"jetpack_publicize_connections":[],"jetpack_featured_media_url":"","jetpack_likes_enabled":true,"jetpack_sharing_enabled":true,"_links":{"self":[{"href":"https:\/\/miradordeatarfe.es\/index.php?rest_route=\/wp\/v2\/posts\/38536","targetHints":{"allow":["GET"]}}],"collection":[{"href":"https:\/\/miradordeatarfe.es\/index.php?rest_route=\/wp\/v2\/posts"}],"about":[{"href":"https:\/\/miradordeatarfe.es\/index.php?rest_route=\/wp\/v2\/types\/post"}],"author":[{"embeddable":true,"href":"https:\/\/miradordeatarfe.es\/index.php?rest_route=\/wp\/v2\/users\/1"}],"replies":[{"embeddable":true,"href":"https:\/\/miradordeatarfe.es\/index.php?rest_route=%2Fwp%2Fv2%2Fcomments&post=38536"}],"version-history":[{"count":2,"href":"https:\/\/miradordeatarfe.es\/index.php?rest_route=\/wp\/v2\/posts\/38536\/revisions"}],"predecessor-version":[{"id":38539,"href":"https:\/\/miradordeatarfe.es\/index.php?rest_route=\/wp\/v2\/posts\/38536\/revisions\/38539"}],"wp:attachment":[{"href":"https:\/\/miradordeatarfe.es\/index.php?rest_route=%2Fwp%2Fv2%2Fmedia&parent=38536"}],"wp:term":[{"taxonomy":"category","embeddable":true,"href":"https:\/\/miradordeatarfe.es\/index.php?rest_route=%2Fwp%2Fv2%2Fcategories&post=38536"},{"taxonomy":"post_tag","embeddable":true,"href":"https:\/\/miradordeatarfe.es\/index.php?rest_route=%2Fwp%2Fv2%2Ftags&post=38536"}],"curies":[{"name":"wp","href":"https:\/\/api.w.org\/{rel}","templated":true}]}}