{"id":38540,"date":"2020-03-22T11:24:55","date_gmt":"2020-03-22T10:24:55","guid":{"rendered":"http:\/\/miradordeatarfe.es\/?p=38540"},"modified":"2020-03-23T20:16:44","modified_gmt":"2020-03-23T19:16:44","slug":"virus-por-albeerto-granados","status":"publish","type":"post","link":"https:\/\/miradordeatarfe.es\/?p=38540","title":{"rendered":"\u00abVIRUS\u00bb por Albeerto Granados"},"content":{"rendered":"<div class=\"entry-content\">\n<h3>A Federico, Alberto, Esther, Carmen, Eva, Lola\u2026 todos ellos sanitarios en activo, que se est\u00e1n comiendo el marr\u00f3n del coronavirus.<\/h3>\n<p style=\"text-align: justify;\">NOTA PREVIA: Suelo ser muy exigente cuando decido incluir un relato en este blog y no lo hago hasta haberle dedicado muchas horas a retocar el borrador y pulirlo. Sin embargo, el desarrollo atropellado de los hechos me obliga a colgar esta f\u00e1bula casi futurista porque muchos de los argumentos del protagonista est\u00e1n siendo desmontados por la realidad, as\u00ed que mi c\u00ednico borrador de hace tres d\u00edas sale hoy sin la calidad y el refinado que yo hubiese querido. Por eso lo pongo en la categor\u00eda \u201cComplicidades\u201d, y no en la de \u201cRelatos\u201d, como era mi intenci\u00f3n. Os pido benevolencia.<\/p>\n<p style=\"text-align: justify;\">\u00a0<\/p>\n<p style=\"text-align: justify;\">\u00a0<\/p>\n<p style=\"text-align: justify;\">\u00a0\u00a0\u00a0\u00a0\u00a0\u00a0\u00a0 A estas alturas ya ni los gobiernos nos mienten. \u00bfPara qu\u00e9? Muchos de los encargados de la sanidad p\u00fablica, muchos expertos, mucha gente han ido muriendo en sus pa\u00edses, en ocasiones s\u00f3lo unas horas despu\u00e9s de haber aparecido en los medios lanzando campanudos mensajes destinados a tranquilizar a la poblaci\u00f3n, a lo que va quedando de poblaci\u00f3n. Los poderosos han echado mano a sus aviones o yates privados y han huido adonde han podido. A su isla, a su refugio, a una finca tan apartada como inexpugnable. Deber\u00e1n volver cuando la soledad los destroce, cuando se les acaben las reservas de productos que seguramente habr\u00e1n atesorado con gula, cuando sus criados y auxiliares vayan desertando del aislamiento y el miedo. Tal vez se salven de la pandemia, pero cuando regresen ser\u00e1n extranjeros del mundo que dejaron atr\u00e1s, extra\u00f1os de s\u00ed mismos, alucinados ante este apocalipsis, ante el panorama de ciudades fantasmales en un mundo irreal, como de pel\u00edcula apocal\u00edptica.<\/p>\n<p style=\"text-align: justify;\">\u00a0\u00a0\u00a0\u00a0\u00a0\u00a0\u00a0 Toda la tecnolog\u00eda de nuestra civilizaci\u00f3n no ha previsto estas contingencias y el caos se ense\u00f1orea sobre el triste planeta que hemos destrozado. Nadie se f\u00eda de nadie y desde que se supo que los alimentos convencionales tambi\u00e9n eran portadores del virus, nadie sabe qu\u00e9 debe hacer, c\u00f3mo protegerse del contagio, del hambre, del miedo a morir. Las raras veces que me echo a la calle me cruzo con muy poca gente, huidiza, temerosa y desconfiada, que se aparta de m\u00ed como si yo fuera un apestado (tal vez lo sea, aunque no puedo saberlo todav\u00eda). Normal, si se considera que hasta hace unos meses un encuentro de dos personas siempre conten\u00eda un doble 50% de posibilidad de contagio: cada uno corr\u00eda el riesgo de infectar al otro o de ser infectado por \u00e9l. Ahora, las calles est\u00e1n desiertas. Ya no se ven familias que desayunan en alguna cafeter\u00eda, ni tr\u00e1fico ocupando la ciudad, ni viejos en los parques jugando a la petanca o cont\u00e1ndose historias a\u00f1ejas. En las proximidades de los hospitales hay miles de coches estacionados donde buenamente pudo hacerlo alg\u00fan conductor que, de buen seguro, no sali\u00f3 vivo de las consultas de urgencias, desde hace semanas definitivamente cerradas, abandonadas por el personal sanitario cuando conocieron la dimensi\u00f3n real de la pandemia.<\/p>\n<p style=\"text-align: justify;\">\u00a0\u00a0\u00a0\u00a0\u00a0\u00a0\u00a0 Los centros educativos se cerraron hace tres meses, al igual que las bibliotecas, las salas de exposiciones, los cines y teatros, los estadios y gimnasios. Finalmente, fueron los supermercados, las tiendas, las farmacias, los bares\u2026 los que echaron el cierre, especialmente porque las empresas de transporte no les suministraban g\u00e9nero desde semanas antes y tambi\u00e9n porque hab\u00edan sufrido tal cantidad de saqueos que pr\u00e1cticamente eran locales desmantelados, sucumbidos a la barbarie del \u201cs\u00e1lvese quien pueda\u201d.<\/p>\n<p style=\"text-align: justify;\">\u00a0\u00a0\u00a0\u00a0\u00a0\u00a0\u00a0 Los peri\u00f3dicos hace tiempo que no se publican en papel ni se reparten por los kioscos. Afortunadamente aqu\u00ed a\u00fan funciona internet y puedo recibir alguna informaci\u00f3n, no muy actualizada, eso es verdad, pero algo es algo, pues en otros pa\u00edses los gobiernos cerraron el acceso a la red cuando las cifras de muertos proporcionadas supon\u00edan una acusaci\u00f3n global a sus negligencias, a su ineficacia y falta de previsi\u00f3n.<\/p>\n<p style=\"text-align: justify;\">\u00a0\u00a0\u00a0\u00a0\u00a0\u00a0\u00a0 Me consuela que esta vez, cuando esta peste insospechable en el s. XXI nos ha diezmado la poblaci\u00f3n mundial, la iglesia cat\u00f3lica no pueda hacer una lectura revanchista, como la que hizo cuando la aparici\u00f3n del SIDA: en el pecado llev\u00e1is la penitencia por conductas depravadas, promiscuidad y pecados nefandos. Esta vez no sirven ni las rogativas de entonces, ni las admoniciones sulfurosas de un infierno para toda la eternidad. Esta vez, el alto clero ha ca\u00eddo, incluido el Papa, y las iglesias est\u00e1n cerradas y solo sirven para que duerman temerariamente juntos los <em>okupas<\/em>.<\/p>\n<p style=\"text-align: justify;\" data-adtags-visited=\"true\">\u00a0<\/p>\n<p style=\"text-align: justify;\" data-adtags-visited=\"true\"><a href=\"https:\/\/albertogranados.files.wordpress.com\/2020\/03\/josc389-gutic389rrez-solana-el-fin-del-mundo.jpg\"><img data-recalc-dims=\"1\" loading=\"lazy\" decoding=\"async\" class=\"size-full wp-image-8383 aligncenter\" src=\"https:\/\/albertogranados.files.wordpress.com\/2020\/03\/josc389-gutic389rrez-solana-el-fin-del-mundo.jpg?w=560&#038;h=355&#038;fit=560%2C355&#038;resize=560%2C355\" sizes=\"auto, (max-width: 560px) 100vw, 560px\" srcset=\"https:\/\/albertogranados.files.wordpress.com\/2020\/03\/josc389-gutic389rrez-solana-el-fin-del-mundo.jpg?w=560&amp;h=355 560w, https:\/\/albertogranados.files.wordpress.com\/2020\/03\/josc389-gutic389rrez-solana-el-fin-del-mundo.jpg?w=150&amp;h=95 150w, https:\/\/albertogranados.files.wordpress.com\/2020\/03\/josc389-gutic389rrez-solana-el-fin-del-mundo.jpg?w=300&amp;h=190 300w, https:\/\/albertogranados.files.wordpress.com\/2020\/03\/josc389-gutic389rrez-solana-el-fin-del-mundo.jpg 564w\" alt=\"\" width=\"560\" height=\"355\" data-attachment-id=\"8383\" data-permalink=\"https:\/\/albertogranados.wordpress.com\/2020\/03\/12\/virus\/jose-gutierrez-solana-el-fin-del-mundo\/\" data-orig-file=\"https:\/\/albertogranados.files.wordpress.com\/2020\/03\/josc389-gutic389rrez-solana-el-fin-del-mundo.jpg\" data-orig-size=\"564,358\" data-comments-opened=\"1\" data-image-meta=\"{&quot;aperture&quot;:&quot;0&quot;,&quot;credit&quot;:&quot;&quot;,&quot;camera&quot;:&quot;&quot;,&quot;caption&quot;:&quot;&quot;,&quot;created_timestamp&quot;:&quot;0&quot;,&quot;copyright&quot;:&quot;&quot;,&quot;focal_length&quot;:&quot;0&quot;,&quot;iso&quot;:&quot;0&quot;,&quot;shutter_speed&quot;:&quot;0&quot;,&quot;title&quot;:&quot;&quot;,&quot;orientation&quot;:&quot;0&quot;}\" data-image-title=\"JOS\u00c9 GUTI\u00c9RREZ SOLANA, El fin del mundo\" data-image-description=\"\" data-medium-file=\"https:\/\/albertogranados.files.wordpress.com\/2020\/03\/josc389-gutic389rrez-solana-el-fin-del-mundo.jpg?w=300\" data-large-file=\"https:\/\/albertogranados.files.wordpress.com\/2020\/03\/josc389-gutic389rrez-solana-el-fin-del-mundo.jpg?w=560\" \/>JOS\u00c9 GUTI\u00c9RREZ SOLANA, El fin del mundo<\/a><\/p>\n<p style=\"text-align: justify;\" data-adtags-visited=\"true\">\u00a0<\/p>\n<p style=\"text-align: justify;\">\u00a0\u00a0\u00a0\u00a0\u00a0\u00a0\u00a0<\/p>\n<p style=\"text-align: justify;\">\u00a0\u00a0\u00a0\u00a0\u00a0\u00a0\u00a0 Yo me he quedado definitivamente solo. Todos los m\u00edos han muerto y han sido incinerados. Espero, con paciencia y sin prisa, que me llegue la hora. No creo haberle hecho da\u00f1o a nadie y estoy en paz conmigo mismo. Recibo mi pensi\u00f3n cada final de mes, aunque no haya nada en qu\u00e9 poder gastar ese dinero, que pasar\u00e1 no s\u00e9 a qui\u00e9n, tal vez a eso que llamamos Estado, en ausencia de sucesores sobrevivientes. El colmo. Todo lo m\u00edo para una organizaci\u00f3n que ha permitido eventos multitudinarios (partidos deportivos, misas, procesiones y rogativas, conciertos, cines y teatros) con una irresponsabilidad notable hasta el \u00faltimo momento, pero que no ha sido capaz de primar la industria de las mascarillas que tantas vidas hubieran podido salvar. \u00a1Pandilla de ineptos, con sus mensajes de tranquilidad, tan falsos como sus caras de normalidad!<\/p>\n<p style=\"text-align: justify;\">\u00a0\u00a0\u00a0\u00a0\u00a0\u00a0\u00a0 Pens\u00e9 llamar a amigos para despedirme, pero al final he desistido porque no deseo comprobar nuevas bajas, como los generales de las grandes batallas. Adem\u00e1s, contactar con alg\u00fan amigo puede suponer la propuesta de asociarnos para darnos consuelo, algo que detesto profundamente, acostumbrado a mi hermetismo de siempre. Solamente me apetecer\u00eda compartir esta agon\u00eda con una de mis amigas de muchos a\u00f1os. Ya ni merece la pena ocultar su nombre: Emilia, la esposa, o tal vez viuda, si es que sigue viva, de mi compa\u00f1ero Javier. Siempre me apeteci\u00f3 un escarceo con ella, tan rotunda, tan bella y tan bien arreglada y a la vez tan en su sitio. Hace dos noches llam\u00e9 a su casa y nadie me cogi\u00f3 el tel\u00e9fono. Hoy acabo de localizar en el m\u00f3vil de mi difunta su n\u00famero. Voy a llamarla, por si quiere que compartamos los \u00faltimos momentos de esta vida que pende de un hilo. Ser\u00eda un dulce refugio para tan trascendental episodio. Morir saciado de m\u00fasica, de delicias, de besos, de un bonito cuerpo femenino que siempre dese\u00e9 en secreto\u2026 Dadas las circunstancias, y en el caso de que accediera a meterse entre mis brazos, se lo dejar\u00eda claro desde el primer momento: \u00abSin compromiso, \u00bfeh? Nada de comprometernos, Emilia. Ya no estamos en edad de esas veleidades adolescentes ni podemos pensar en un plazo largo\u00bb. Revivir\u00edamos la situaci\u00f3n de Bocaccio, cont\u00e1ndonos historias picantes, haci\u00e9ndolas realidad, vivi\u00e9ndolas como si fuera nuestra \u00faltima noche. Y despu\u00e9s ya se ver\u00e1\u2026 Morir as\u00ed no debe de ser tan malo, \u00bfno?<\/p>\n<p style=\"text-align: justify;\">\u00a0\u00a0\u00a0\u00a0\u00a0\u00a0\u00a0 Tras varios tonos:<\/p>\n<p style=\"text-align: justify;\">\u00a0\u00a0\u00a0\u00a0\u00a0\u00a0 \u2014Emilia, \u00bferes t\u00fa? \u00bfC\u00f3mo est\u00e1s, bonita? \u00a1Qu\u00e9 alegr\u00eda o\u00edrte\u00a1\u2026 Te llamaba para\u2026<\/p>\n<p class=\"mceTemp\" style=\"text-align: justify;\">Alberto Granados<\/p>\n<\/div>\n","protected":false},"excerpt":{"rendered":"<p>A Federico, Alberto, Esther, Carmen, Eva, Lola\u2026 todos ellos sanitarios en activo, que se est\u00e1n&#8230;<\/p>\n","protected":false},"author":1,"featured_media":38541,"comment_status":"closed","ping_status":"closed","sticky":false,"template":"","format":"standard","meta":{"_coblocks_attr":"","_coblocks_dimensions":"","_coblocks_responsive_height":"","_coblocks_accordion_ie_support":"","jetpack_post_was_ever_published":false,"_jetpack_newsletter_access":"","_jetpack_dont_email_post_to_subs":false,"_jetpack_newsletter_tier_id":0,"_jetpack_memberships_contains_paywalled_content":false,"_jetpack_memberships_contains_paid_content":false,"footnotes":"","jetpack_publicize_message":"","jetpack_publicize_feature_enabled":true,"jetpack_social_post_already_shared":false,"jetpack_social_options":{"image_generator_settings":{"template":"highway","default_image_id":0,"enabled":false},"version":2}},"categories":[39,1161,44,6937,15],"tags":[7021,7156,697],"class_list":["post-38540","post","type-post","status-publish","format-standard","has-post-thumbnail","hentry","category-opinion-de-alberto-granados","category-ciudadania","category-noticias-de-hoy","category-sociedad","category-ultimas-noticias","tag-coronavirus","tag-fin-del-mundo","tag-virus"],"jetpack_publicize_connections":[],"jetpack_featured_media_url":"https:\/\/i0.wp.com\/miradordeatarfe.es\/wp-content\/uploads\/2020\/03\/59d0dedf08f3d9765b8b4567.jpg?fit=460%2C258&ssl=1","jetpack_likes_enabled":true,"jetpack_sharing_enabled":true,"_links":{"self":[{"href":"https:\/\/miradordeatarfe.es\/index.php?rest_route=\/wp\/v2\/posts\/38540","targetHints":{"allow":["GET"]}}],"collection":[{"href":"https:\/\/miradordeatarfe.es\/index.php?rest_route=\/wp\/v2\/posts"}],"about":[{"href":"https:\/\/miradordeatarfe.es\/index.php?rest_route=\/wp\/v2\/types\/post"}],"author":[{"embeddable":true,"href":"https:\/\/miradordeatarfe.es\/index.php?rest_route=\/wp\/v2\/users\/1"}],"replies":[{"embeddable":true,"href":"https:\/\/miradordeatarfe.es\/index.php?rest_route=%2Fwp%2Fv2%2Fcomments&post=38540"}],"version-history":[{"count":1,"href":"https:\/\/miradordeatarfe.es\/index.php?rest_route=\/wp\/v2\/posts\/38540\/revisions"}],"predecessor-version":[{"id":38542,"href":"https:\/\/miradordeatarfe.es\/index.php?rest_route=\/wp\/v2\/posts\/38540\/revisions\/38542"}],"wp:featuredmedia":[{"embeddable":true,"href":"https:\/\/miradordeatarfe.es\/index.php?rest_route=\/wp\/v2\/media\/38541"}],"wp:attachment":[{"href":"https:\/\/miradordeatarfe.es\/index.php?rest_route=%2Fwp%2Fv2%2Fmedia&parent=38540"}],"wp:term":[{"taxonomy":"category","embeddable":true,"href":"https:\/\/miradordeatarfe.es\/index.php?rest_route=%2Fwp%2Fv2%2Fcategories&post=38540"},{"taxonomy":"post_tag","embeddable":true,"href":"https:\/\/miradordeatarfe.es\/index.php?rest_route=%2Fwp%2Fv2%2Ftags&post=38540"}],"curies":[{"name":"wp","href":"https:\/\/api.w.org\/{rel}","templated":true}]}}