{"id":38543,"date":"2020-03-23T11:11:19","date_gmt":"2020-03-23T10:11:19","guid":{"rendered":"http:\/\/miradordeatarfe.es\/?p=38543"},"modified":"2020-06-26T13:41:36","modified_gmt":"2020-06-26T11:41:36","slug":"gente-de-fiar-por-remedios-sanchez","status":"publish","type":"post","link":"https:\/\/miradordeatarfe.es\/?p=38543","title":{"rendered":"\u00abGENTE DE FIAR\u00bb por Remedios S\u00e1nchez"},"content":{"rendered":"<h3 style=\"text-align: justify;\" align=\"CENTER\"><span lang=\"es-ES\">Hay un hilo invisible que los une a todos, y es que est\u00e1n protegi\u00e9ndonos a costa, incluso, de su salud y su futuro.<\/span><\/h3>\n<p align=\"JUSTIFY\"><span style=\"font-family: Times New Roman, serif;\"><span style=\"font-size: medium;\"><span lang=\"es-ES\">Ahora que la primavera da sus primeros pasos de ni\u00f1a y los \u00e1rboles van cubri\u00e9ndose de verdor apacible con la lentitud de quien no tiene prisa, nos ha llegado esta pandemia, esta grisura de d\u00edas que empiezan siempre con una cifra de muertos cada ma\u00f1ana. Nos toca ser fuertes, resistir la angustia, dar una demostraci\u00f3n de civismo y compromiso, recobrar esa dimensi\u00f3n de humanidad que se nos hab\u00eda ido escapando un poco cada d\u00eda hasta llegar a conformar una sociedad que cada vez resultaba menos reconocible.<\/span><\/span><\/span><\/p>\n<p align=\"JUSTIFY\"><span style=\"font-family: Times New Roman, serif;\"><span style=\"font-size: medium;\"><span lang=\"es-ES\">Son momentos estos de guardar la calma, de estar en casa, de respetar un confinamiento imprescindible en el que nos va la supervivencia. Poca gente sale a la calle estos d\u00edas y s\u00f3lo para las cuestiones m\u00e1s perentorias: comprar comida o a la farmacia, en una demostraci\u00f3n de que se puede seguir confiando en las ciudadan\u00eda normal. Sin embargo, hemos descubierto con alivio que entre nosotros hab\u00eda seres especiales. No son superh\u00e9roes, pero casi. Algunas llevan batas blancas, otras verdes; zuecos multicolor y, por fin, mascarillas para resguardarse. No son los \u00fanicos. Otros van vestidos de militares, de polic\u00edas, de guardia civil y patrullan las calles, ayudan cargando bolsas de ancianos y saludan a los ni\u00f1os que los miran desde los balcones. Orientan la conciencia si alguien la tiene ese d\u00eda despistada. <\/span><\/span><\/span><\/p>\n<p align=\"JUSTIFY\"><span style=\"font-family: Times New Roman, serif;\"><span style=\"font-size: medium;\"><span lang=\"es-ES\">Hay un hilo invisible que los une a todos, y es que est\u00e1n protegi\u00e9ndonos a costa, incluso, de su salud y su futuro. En estos hospitales colapsados, m\u00e9dicos, enfermeros, personal de administraci\u00f3n, de limpieza\u2026 todo el mundo es importante y se est\u00e1 dejando el alma para intentar que los enfermos regresen a sus hogares sanos y salvos. En los centros de control, las fuerzas de seguridad del Estado coordinan las decisiones que hay que tomar porque son las que m\u00e1s nos convienen. <\/span><\/span><\/span><\/p>\n<p align=\"JUSTIFY\"><span style=\"font-family: Times New Roman, serif;\"><span style=\"font-size: medium;\"><span lang=\"es-ES\">Por eso hay que darles las gracias por estar donde m\u00e1s se necesita. Aguantan sin quejarse horarios interminables, enlazan una guardia con otra sin perder la concentraci\u00f3n para tomar decisiones arriesgadas que, en ocasiones, separan la vida de la muerte en un instante. Y est\u00e1n preparados, y son valientes, porque tienen la fuerza del conocimiento y del compromiso con salvar vidas como br\u00fajula \u00e9tica. Eso nos defiende, porque los medios, desgraciadamente, son escasos para atajar un virus que est\u00e1 intentado masacrar Espa\u00f1a despu\u00e9s de haberlo hecho con China y con Italia.<\/span><\/span><\/span><\/p>\n<p align=\"JUSTIFY\">\u201c<span style=\"font-family: Times New Roman, serif;\"><span style=\"font-size: medium;\"><span lang=\"es-ES\">Espa\u00f1a, camisa blanca de mi esperanza\/la negra pena nos atenaza\u201d escribi\u00f3 Blas de Otero y cant\u00f3 luego Ana Bel\u00e9n. Pero nosotros, que somos multitud, no nos rendiremos nunca y, cada tarde, cuando el sol cierre el horizonte y encienda la luz de la noche antes de marcharse, abriremos las ventanas un instante y aplaudiremos con fuerza su generosidad. Somos c\u00f3mplices del secreto: en este pa\u00eds todav\u00eda queda gente de fiar, solidaria, con coraz\u00f3n inmenso y conciencia limpia. Hombres y mujeres que nos cobijan cuando amenaza tormenta. Personal sanitario, fuerzas de seguridad, gente decente que cuando todo esto pase merece el abrazo m\u00e1s grande que pueda darse.<\/span><\/span><\/span><\/p>\n","protected":false},"excerpt":{"rendered":"<p>Hay un hilo invisible que los une a todos, y es que est\u00e1n protegi\u00e9ndonos a&#8230;<\/p>\n","protected":false},"author":1,"featured_media":38544,"comment_status":"closed","ping_status":"closed","sticky":false,"template":"","format":"standard","meta":{"_coblocks_attr":"","_coblocks_dimensions":"","_coblocks_responsive_height":"","_coblocks_accordion_ie_support":"","jetpack_post_was_ever_published":false,"_jetpack_newsletter_access":"","_jetpack_dont_email_post_to_subs":false,"_jetpack_newsletter_tier_id":0,"_jetpack_memberships_contains_paywalled_content":false,"_jetpack_memberships_contains_paid_content":false,"footnotes":"","jetpack_publicize_message":"","jetpack_publicize_feature_enabled":true,"jetpack_social_post_already_shared":false,"jetpack_social_options":{"image_generator_settings":{"template":"highway","default_image_id":0,"enabled":false},"version":2}},"categories":[1161,7149,44,6914,15,10],"tags":[7157,7021,1864],"class_list":["post-38543","post","type-post","status-publish","format-standard","has-post-thumbnail","hentry","category-ciudadania","category-coronavirus","category-noticias-de-hoy","category-opinion-de-reme-sanchez","category-ultimas-noticias","category-salud","tag-aplausos","tag-coronavirus","tag-solidaridad"],"jetpack_publicize_connections":[],"jetpack_featured_media_url":"https:\/\/i0.wp.com\/miradordeatarfe.es\/wp-content\/uploads\/2020\/03\/img_xcervera_20200314-222425_imagenes_lv_propias_xcervera_xcervera7s9a0367aplausossanitarios-kA3E-U474141480761kS-992x558%40LaVanguardia-Web.jpg?fit=992%2C558&ssl=1","jetpack_likes_enabled":true,"jetpack_sharing_enabled":true,"_links":{"self":[{"href":"https:\/\/miradordeatarfe.es\/index.php?rest_route=\/wp\/v2\/posts\/38543","targetHints":{"allow":["GET"]}}],"collection":[{"href":"https:\/\/miradordeatarfe.es\/index.php?rest_route=\/wp\/v2\/posts"}],"about":[{"href":"https:\/\/miradordeatarfe.es\/index.php?rest_route=\/wp\/v2\/types\/post"}],"author":[{"embeddable":true,"href":"https:\/\/miradordeatarfe.es\/index.php?rest_route=\/wp\/v2\/users\/1"}],"replies":[{"embeddable":true,"href":"https:\/\/miradordeatarfe.es\/index.php?rest_route=%2Fwp%2Fv2%2Fcomments&post=38543"}],"version-history":[{"count":1,"href":"https:\/\/miradordeatarfe.es\/index.php?rest_route=\/wp\/v2\/posts\/38543\/revisions"}],"predecessor-version":[{"id":38545,"href":"https:\/\/miradordeatarfe.es\/index.php?rest_route=\/wp\/v2\/posts\/38543\/revisions\/38545"}],"wp:featuredmedia":[{"embeddable":true,"href":"https:\/\/miradordeatarfe.es\/index.php?rest_route=\/wp\/v2\/media\/38544"}],"wp:attachment":[{"href":"https:\/\/miradordeatarfe.es\/index.php?rest_route=%2Fwp%2Fv2%2Fmedia&parent=38543"}],"wp:term":[{"taxonomy":"category","embeddable":true,"href":"https:\/\/miradordeatarfe.es\/index.php?rest_route=%2Fwp%2Fv2%2Fcategories&post=38543"},{"taxonomy":"post_tag","embeddable":true,"href":"https:\/\/miradordeatarfe.es\/index.php?rest_route=%2Fwp%2Fv2%2Ftags&post=38543"}],"curies":[{"name":"wp","href":"https:\/\/api.w.org\/{rel}","templated":true}]}}