{"id":38546,"date":"2020-03-24T11:19:06","date_gmt":"2020-03-24T10:19:06","guid":{"rendered":"http:\/\/miradordeatarfe.es\/?p=38546"},"modified":"2020-05-27T11:39:47","modified_gmt":"2020-05-27T09:39:47","slug":"desde-palma-con-nostalgia-por-f-l-rajoy-varela","status":"publish","type":"post","link":"https:\/\/miradordeatarfe.es\/?p=38546","title":{"rendered":"\u00abDESDE PALMA CON NOSTALGIA\u00bb por F.L Rajoy Varela"},"content":{"rendered":"<h3 align=\"JUSTIFY\">Mi infancia y juventud, se desarrollaron en Atarfe, en lenguaje atarfe\u00f1o, nacido y criado en Atarfe. Y aunque f\u00edsicamente ausente, sigo ejerciendo y me siento orgulloso de ser atarfe\u00f1o.<\/h3>\n<p align=\"JUSTIFY\">Pero con la nostalgia serena, madura y equilibrada que se obtiene con el paso de los a\u00f1os. Hay vivencias que siguen habitando en nuestra mente y nuestro esp\u00edritu, y curiosamente a medida que se acerca el final de la vida y comienza a cerrarse el c\u00edrculo vital, se hacen m\u00e1s intensas, m\u00e1s luminosas. Rilke dijo que la patria de un hombre es la infancia. Y mi infancia y juventud, se desarrollaron en Atarfe, en lenguaje atarfe\u00f1o, nacido y criado en Atarfe. Y aunque f\u00edsicamente ausente, sigo ejerciendo y me siento orgulloso de ser atarfe\u00f1o.<\/p>\n<p align=\"JUSTIFY\">Por primera vez me asomo a este Mirador, y agradezco la confianza y la oportunidad que se me ofrece, para poder compartir con los atarfe\u00f1os que lo lean, mis recuerdos y vivencias de un tiempo que aunque lejano, lo siento muy cerca. La mano del ni\u00f1o de ayer gu\u00eda al hombre de hoy. Todo lo que narrar\u00e9 est\u00e1 escrito con el m\u00e1ximo de cari\u00f1o y respeto, pido de antemano disculpas si alguien puede sentirse ofendido.<\/p>\n<p align=\"JUSTIFY\">Toda historia tiene un principio y el m\u00edo comienza en la calle M\u00e1ximo Prados-18 (hoy Goz\u00e1lvez). Entonces la gente de mi generaci\u00f3n, nac\u00edamos en la casa asistidos por la comadrona Mar\u00eda Leiva, los partos en los hospitales llegaron m\u00e1s tarde. Hasta la edad de 5 a\u00f1os, uno no recuerda nada de lo vivido, s\u00f3lo algunas fotos. Despu\u00e9s, por lo le\u00eddo y contado s\u00e9 del intenso terremoto que me pill\u00f3 en brazos de mi abuela Emilia en el patio de casa y afortunadamente no hubo que lamentar ninguna desgracia personal y material.<\/p>\n<p align=\"JUSTIFY\">Mis primeros recuerdos l\u00facidos son la calle donde viv\u00eda, entonces sin asfaltar. Recuerdo el polvo en verano y el barro cuando llov\u00eda. Las huellas de las ruedas de los carros con su yunta de bueyes. Recuerdo a mis t\u00edos Pepe y Juan Varela entrando a los bueyes en casa y llev\u00e1ndolos a la cuadra o al tinao, los pesebres llenos de comida y el carro durmiendo en la puerta de la casa. Y me acuerdo los d\u00edas de lluvia con las botas negras de goma yendo a la escuela. Creo recordar que con cuatro o cinco a\u00f1os, me llevaron a la escuela de p\u00e1rvulos, \u201cla escuela de los cagones\u201d se dec\u00eda. Fueron mis primeras maestras, las hermanas Pilar y Adoraci\u00f3n, hijas de D. Santiago. Ten\u00edan la escuela al lado de la de D. Octavio y all\u00ed aprend\u00ed los palotes y las primeras letras. Aparte de D. Octavio al que luego fui, recuerdo a los maestros de aquella \u00e9poca, D. Jes\u00fas, D. Onofre, D. Aurelio y D\u00aa Anita que se encargaba de la formaci\u00f3n de las ni\u00f1as. Mi maestro fue D. Octavio durante muchos a\u00f1os hasta que pas\u00e9 al Instituto. En recuerdo a su memoria y como homenaje por todo lo que me ense\u00f1o, compuse el siguiente poema:<\/p>\n<p>L\u00e1grimas de tiza<\/p>\n<p>que por la pizarra se derraman.<\/p>\n<p>L\u00e1grimas de tinta<\/p>\n<p>que a las hojas blancas empapan.<\/p>\n<p>As\u00ed los primeros n\u00fameros aprend\u00ed.<\/p>\n<p>As\u00ed las primeras letras escrib\u00ed.<\/p>\n<p>Sobre un mapa y con el puntero,<\/p>\n<p>aprend\u00ed a recorrer el pa\u00eds entero.<\/p>\n<p>A lomos de Rocinante,<\/p>\n<p>en mon\u00f3tonas y grises tardes,<\/p>\n<p>caballero hidalgo me sent\u00ed.<\/p>\n<p>Y el ni\u00f1o, como caballero andante,<\/p>\n<p>cabalgando sobre fantas\u00edas, a leer aprend\u00ed.<\/p>\n<p>Aun hoy, tan lejano en el tiempo,<\/p>\n<p>a mi memoria viene el recuerdo<\/p>\n<p>de aquellas tardes a la salida del colegio.<\/p>\n<p>Tardes con sabor a pan y chocolate,<\/p>\n<p>sabor a risas y juegos, en las eras o en la calle.<\/p>\n<p>Sabor a fr\u00edas tardes de invierno<\/p>\n<p>leyendo tebeos a la sombra del brasero<\/p>\n<p>donde se consum\u00eda lentamente mi tiempo.<\/p>\n<p>A\u00f1os de felicidad, ilusi\u00f3n e inocencia<\/p>\n<p>perdidas, que el tiempo quem\u00f3 en su hoguera.<\/p>\n<p>Infancia, \u00a1alameda perdida en la Vega!<\/p>\n<p><strong>F.L Rajoy Varela<\/strong><\/p>\n<p><a href=\"https:\/\/i0.wp.com\/miradordeatarfe.es\/wp-content\/uploads\/2020\/03\/IMG-20200128-WA0004.jpg?ssl=1\"><img data-recalc-dims=\"1\" loading=\"lazy\" decoding=\"async\" class=\"alignnone wp-image-38547 size-medium\" src=\"https:\/\/i0.wp.com\/miradordeatarfe.es\/wp-content\/uploads\/2020\/03\/IMG-20200128-WA0004.jpg?resize=225%2C300&#038;ssl=1\" alt=\"\" width=\"225\" height=\"300\" srcset=\"https:\/\/i0.wp.com\/miradordeatarfe.es\/wp-content\/uploads\/2020\/03\/IMG-20200128-WA0004.jpg?resize=225%2C300&amp;ssl=1 225w, https:\/\/i0.wp.com\/miradordeatarfe.es\/wp-content\/uploads\/2020\/03\/IMG-20200128-WA0004.jpg?resize=768%2C1024&amp;ssl=1 768w, https:\/\/i0.wp.com\/miradordeatarfe.es\/wp-content\/uploads\/2020\/03\/IMG-20200128-WA0004.jpg?resize=600%2C800&amp;ssl=1 600w, https:\/\/i0.wp.com\/miradordeatarfe.es\/wp-content\/uploads\/2020\/03\/IMG-20200128-WA0004.jpg?resize=1152%2C1536&amp;ssl=1 1152w, https:\/\/i0.wp.com\/miradordeatarfe.es\/wp-content\/uploads\/2020\/03\/IMG-20200128-WA0004.jpg?w=1200&amp;ssl=1 1200w\" sizes=\"auto, (max-width: 225px) 100vw, 225px\" \/><\/a><\/p>\n<p>PAISANO ATARFE\u00d1O QUE VIVE EN PALMA<\/p>\n<p>Palma Marzo 2020<\/p>\n","protected":false},"excerpt":{"rendered":"<p>Mi infancia y juventud, se desarrollaron en Atarfe, en lenguaje atarfe\u00f1o, nacido y criado en&#8230;<\/p>\n","protected":false},"author":1,"featured_media":38548,"comment_status":"closed","ping_status":"closed","sticky":false,"template":"","format":"standard","meta":{"_coblocks_attr":"","_coblocks_dimensions":"","_coblocks_responsive_height":"","_coblocks_accordion_ie_support":"","jetpack_post_was_ever_published":false,"_jetpack_newsletter_access":"","_jetpack_dont_email_post_to_subs":false,"_jetpack_newsletter_tier_id":0,"_jetpack_memberships_contains_paywalled_content":false,"_jetpack_memberships_contains_paid_content":false,"footnotes":"","jetpack_publicize_message":"","jetpack_publicize_feature_enabled":true,"jetpack_social_post_already_shared":false,"jetpack_social_options":{"image_generator_settings":{"template":"highway","default_image_id":0,"enabled":false},"version":2}},"categories":[2,7167,1225,44,15],"tags":[1114,7158],"class_list":["post-38546","post","type-post","status-publish","format-standard","has-post-thumbnail","hentry","category-atarfe","category-opinion-de-fco-luis-rajoy","category-ha-de-atarfe","category-noticias-de-hoy","category-ultimas-noticias","tag-atarfeno","tag-vivencias"],"jetpack_publicize_connections":[],"jetpack_featured_media_url":"https:\/\/i0.wp.com\/miradordeatarfe.es\/wp-content\/uploads\/2020\/03\/53010539-A.jpg?fit=555%2C362&ssl=1","jetpack_likes_enabled":true,"jetpack_sharing_enabled":true,"_links":{"self":[{"href":"https:\/\/miradordeatarfe.es\/index.php?rest_route=\/wp\/v2\/posts\/38546","targetHints":{"allow":["GET"]}}],"collection":[{"href":"https:\/\/miradordeatarfe.es\/index.php?rest_route=\/wp\/v2\/posts"}],"about":[{"href":"https:\/\/miradordeatarfe.es\/index.php?rest_route=\/wp\/v2\/types\/post"}],"author":[{"embeddable":true,"href":"https:\/\/miradordeatarfe.es\/index.php?rest_route=\/wp\/v2\/users\/1"}],"replies":[{"embeddable":true,"href":"https:\/\/miradordeatarfe.es\/index.php?rest_route=%2Fwp%2Fv2%2Fcomments&post=38546"}],"version-history":[{"count":3,"href":"https:\/\/miradordeatarfe.es\/index.php?rest_route=\/wp\/v2\/posts\/38546\/revisions"}],"predecessor-version":[{"id":40085,"href":"https:\/\/miradordeatarfe.es\/index.php?rest_route=\/wp\/v2\/posts\/38546\/revisions\/40085"}],"wp:featuredmedia":[{"embeddable":true,"href":"https:\/\/miradordeatarfe.es\/index.php?rest_route=\/wp\/v2\/media\/38548"}],"wp:attachment":[{"href":"https:\/\/miradordeatarfe.es\/index.php?rest_route=%2Fwp%2Fv2%2Fmedia&parent=38546"}],"wp:term":[{"taxonomy":"category","embeddable":true,"href":"https:\/\/miradordeatarfe.es\/index.php?rest_route=%2Fwp%2Fv2%2Fcategories&post=38546"},{"taxonomy":"post_tag","embeddable":true,"href":"https:\/\/miradordeatarfe.es\/index.php?rest_route=%2Fwp%2Fv2%2Ftags&post=38546"}],"curies":[{"name":"wp","href":"https:\/\/api.w.org\/{rel}","templated":true}]}}