{"id":38550,"date":"2020-03-23T08:43:11","date_gmt":"2020-03-23T07:43:11","guid":{"rendered":"http:\/\/miradordeatarfe.es\/?p=38550"},"modified":"2020-03-22T12:06:29","modified_gmt":"2020-03-22T11:06:29","slug":"la-crisis-de-los-desplazados-de-siria-afecta-a-casi-medio-millon-de-ninos","status":"publish","type":"post","link":"https:\/\/miradordeatarfe.es\/?p=38550","title":{"rendered":"La crisis de los desplazados de Siria afecta a casi medio mill\u00f3n de ni\u00f1os"},"content":{"rendered":"<h2 class=\"d-subtitle__txt\" style=\"text-align: justify;\">No hay lugar seguro en una de las peores crisis de desplazados en 9 a\u00f1os de guerra<\/h2>\n<p class=\"p\" style=\"text-align: justify;\">La guerra en Idlib se ceba en los ni\u00f1os. La mitad de los tres millones de habitantes de esta provincia siria son menores, seg\u00fan la oeneg\u00e9 Save the Children. Estamos cerca del mill\u00f3n de desplazados internos, 948.000 es el n\u00famero oficial, en datos de Naciones Unidas con fecha del 26 de febrero. De este total, unos 398.000 son menores en edad escolar, chavales de entre cinco y diecisiete a\u00f1os.<\/p>\n<p class=\"p\" style=\"text-align: justify;\">Pero, \u00bfcu\u00e1nto puede demorarse la cifra oficialmente alarmante del mill\u00f3n? No mucho tiempo&#8230;<\/p>\n<p style=\"text-align: justify;\">Diez escuelas, dos de ellas de p\u00e1rvulos, fueron atacadas el martes; casi todos los muertos eran menores<\/p>\n<p class=\"p\" style=\"text-align: justify;\">Tan s\u00f3lo el pasado enero 464.800 personas cambiaron de ubicaci\u00f3n, en el mayor \u00e9xodo registrado hasta el momento en la provincia de Idlib, tal como lo ha registrado la Oficina de Coordinaci\u00f3n de Asuntos Humanitarios de la ONU, OCHA. Unos 300.000 eran desplazados internos y el resto proced\u00eda de la provincia vecina de Alepo.<\/p>\n<p class=\"p\" style=\"text-align: justify;\">La situaci\u00f3n ha llegado a tal punto que los desplazados se mueven de un lugar en peligro extremo a zonas que tambi\u00e9n est\u00e1n en riesgo. Muchos han tenido que cambiar de lugar varias veces en esta guerra. \u201cSe est\u00e1n produciendo ataques en \u00e1reas que se consideraban seguras\u201d, afirma Julien Delozanne, coordinador de MSF para Siria, en un informe de la oeneg\u00e9. En efecto, a mediados de febrero los bombardeos (no vale la pena discriminar si rusos o sirios) alcanzaron campos de desplazados, causando heridos y destrucci\u00f3n. Un m\u00e9dico local que trabaja para MSF afirmaba que \u201cno queda ning\u00fan lugar al que ir para los sirios en Idlib. Si consideramos todas las dificultades que afrontamos, solo este a\u00f1o equivale a los \u00faltimos nueve\u201d.<\/p>\n<p class=\"p\" style=\"text-align: justify;\">Otras evaluaciones, entre ellas la de OCHA, confirman que, en efecto, la crisis actual no tiene parang\u00f3n en la guerra siria. El martirio de Idlib hace a\u00f1os que dura, pero ahora este territorio que se disputan yihadistas, rebeldes apoyados por Turqu\u00eda y el ej\u00e9rcito de Bashar el Asad se ha convertido en una trampa.<\/p>\n<p class=\"p\" style=\"text-align: justify;\">Existen al menos una treintena de campos de desplazados y de asentamientos informales, muchos de ellos pegados a la frontera turca, los \u00fanicos medianamente seguros. Pero en los \u00faltimos d\u00edas unas 170.000 personas de entre los nuevos desplazados no han encontrado espacio en esos campos saturados ni han podido conseguir una sencilla tienda de campa\u00f1a y duermen al raso entre los olivos, con temperaturas bajo cero en uno de los inviernos m\u00e1s crudos en la regi\u00f3n. Tambi\u00e9n se ha sabido de familias refugiadas en cuevas fr\u00edas y h\u00famedas. Han muerto beb\u00e9s de hipotermia y se ha dado tambi\u00e9n el caso contrario, de asfixia al calentarse con combustible de p\u00e9sima calidad en un ambiente abigarrado. La malnutrici\u00f3n infantil causa estragos.<\/p>\n<p class=\"p\" style=\"text-align: justify;\">Los desplazados de Idlib no pueden llegar a otra provincia \u2013al norte, Azaz, Afrin o a Alepo\u2013 por falta de dinero para pagar el transporte y porque las rutas son ahora extremadamente peligrosas para los conductores. En m\u00e1s de una ocasi\u00f3n los miembros de las agencias humanitarias y las oeneg\u00e9s han tenido que escapar en m\u00e1s de una ocasi\u00f3n junto a los desplazados dejando atr\u00e1s sus equipos y material.<\/p>\n<p class=\"p\" style=\"text-align: justify;\">Hasta diez escuelas \u2013dos de ellas de p\u00e1rvulos\u2013 fueron bombardeadas en Idlib en una sola jornada, el pasado martes, seg\u00fan Save the Children y la Syrian American Medical Society, que presta asistencia a los hospitales de Idlib en estos a\u00f1os de guerra. As\u00ed, su centro de Marat el Masrin registr\u00f3 once muertos, seis de ellos ni\u00f1os, y 31 heridos graves, de ellos 14 menores.<\/p>\n<p class=\"topo fin\" style=\"text-align: justify;\">En total son 10 centros m\u00e9dicos y 19 escuelas las estructuras civiles atacadas desde el 1 de enero. Las escuelas, obviamente, se hab\u00edan convertido en refugios. Ataques de este tipo constituyen crimen de guerra.<\/p>\n<p><a class=\"d-signature__name\" href=\"https:\/\/www.lavanguardia.com\/autores\/felix-flores.html\" rel=\"author\" data-link-name=\"auto tag link\">F\u00e9lix Flores,<\/a><\/p>\n<p>FOTO:Una familia siria se instalaba en una colina frente al inmenso campo de refugiados de Atmeh, junto a la frontera turca, el 22 de febrero (Burak Kara \/ Getty)<\/p>\n<p>https:\/\/www.lavanguardia.com\/internacional\/20200229\/473829119790\/crisis-desplazados-siria-afecta-medio-millon-ninos.html<\/p>\n","protected":false},"excerpt":{"rendered":"<p>No hay lugar seguro en una de las peores crisis de desplazados en 9 a\u00f1os&#8230;<\/p>\n","protected":false},"author":1,"featured_media":38551,"comment_status":"closed","ping_status":"closed","sticky":false,"template":"","format":"standard","meta":{"_coblocks_attr":"","_coblocks_dimensions":"","_coblocks_responsive_height":"","_coblocks_accordion_ie_support":"","jetpack_post_was_ever_published":false,"_jetpack_newsletter_access":"","_jetpack_dont_email_post_to_subs":false,"_jetpack_newsletter_tier_id":0,"_jetpack_memberships_contains_paywalled_content":false,"_jetpack_memberships_contains_paid_content":false,"footnotes":"","jetpack_publicize_message":"","jetpack_publicize_feature_enabled":true,"jetpack_social_post_already_shared":false,"jetpack_social_options":{"image_generator_settings":{"template":"highway","default_image_id":0,"enabled":false},"version":2}},"categories":[1161,44,15],"tags":[7159],"class_list":["post-38550","post","type-post","status-publish","format-standard","has-post-thumbnail","hentry","category-ciudadania","category-noticias-de-hoy","category-ultimas-noticias","tag-pueblo-sirio"],"jetpack_publicize_connections":[],"jetpack_featured_media_url":"https:\/\/i0.wp.com\/miradordeatarfe.es\/wp-content\/uploads\/2020\/03\/4.7.3821264324_LaVanguardia_20200229_guardia-992x558%40LaVanguardia-Web.jpg?fit=1223%2C817&ssl=1","jetpack_likes_enabled":true,"jetpack_sharing_enabled":true,"_links":{"self":[{"href":"https:\/\/miradordeatarfe.es\/index.php?rest_route=\/wp\/v2\/posts\/38550","targetHints":{"allow":["GET"]}}],"collection":[{"href":"https:\/\/miradordeatarfe.es\/index.php?rest_route=\/wp\/v2\/posts"}],"about":[{"href":"https:\/\/miradordeatarfe.es\/index.php?rest_route=\/wp\/v2\/types\/post"}],"author":[{"embeddable":true,"href":"https:\/\/miradordeatarfe.es\/index.php?rest_route=\/wp\/v2\/users\/1"}],"replies":[{"embeddable":true,"href":"https:\/\/miradordeatarfe.es\/index.php?rest_route=%2Fwp%2Fv2%2Fcomments&post=38550"}],"version-history":[{"count":1,"href":"https:\/\/miradordeatarfe.es\/index.php?rest_route=\/wp\/v2\/posts\/38550\/revisions"}],"predecessor-version":[{"id":38552,"href":"https:\/\/miradordeatarfe.es\/index.php?rest_route=\/wp\/v2\/posts\/38550\/revisions\/38552"}],"wp:featuredmedia":[{"embeddable":true,"href":"https:\/\/miradordeatarfe.es\/index.php?rest_route=\/wp\/v2\/media\/38551"}],"wp:attachment":[{"href":"https:\/\/miradordeatarfe.es\/index.php?rest_route=%2Fwp%2Fv2%2Fmedia&parent=38550"}],"wp:term":[{"taxonomy":"category","embeddable":true,"href":"https:\/\/miradordeatarfe.es\/index.php?rest_route=%2Fwp%2Fv2%2Fcategories&post=38550"},{"taxonomy":"post_tag","embeddable":true,"href":"https:\/\/miradordeatarfe.es\/index.php?rest_route=%2Fwp%2Fv2%2Ftags&post=38550"}],"curies":[{"name":"wp","href":"https:\/\/api.w.org\/{rel}","templated":true}]}}