{"id":38559,"date":"2020-03-26T10:09:14","date_gmt":"2020-03-26T09:09:14","guid":{"rendered":"http:\/\/miradordeatarfe.es\/?p=38559"},"modified":"2020-03-22T12:12:32","modified_gmt":"2020-03-22T11:12:32","slug":"un-confinamiento-productivo","status":"publish","type":"post","link":"https:\/\/miradordeatarfe.es\/?p=38559","title":{"rendered":"Un confinamiento productivo"},"content":{"rendered":"<div id=\"article_header\" class=\"article-header opinion | flex container_column align_items_center text_align_center padding_h_xxl\">\n<h3 class=\"font_secondary color_gray_dark normal\" style=\"text-align: justify;\">La temporada de aislamiento de Isaac Newton en la peste de 1665 es el mayor regalo que ha hecho una pandemia a la historia del conocimiento<\/h3>\n<\/div>\n<div class=\"article | col desktop_8 tablet_8 mobile_4\">\n<section class=\"article_body | color_gray_dark\">\n<p class=\"\" style=\"text-align: justify;\">En el verano de 1665, la Universidad de Cambridge tuvo que echar el cerrojazo por la amenaza mortal de la peste. Un joven reci\u00e9n licenciado all\u00ed, que se hab\u00eda pagado la carrera limpiando los orinales de otros estudiantes m\u00e1s pudientes, tuvo que salir pitando de ese epicentro del conocimiento mundial y volverse a su pueblo, Woolsthorpe, en el condado de Lincolnshire (Reino Unido), donde se tir\u00f3 confinado casi dos a\u00f1os. El tipo se llamaba <a href=\"https:\/\/elpais.com\/elpais\/2017\/07\/31\/ciencia\/1501499450_270522.html\" target=\"_blank\" rel=\"noopener noreferrer\" data-link-track-dtm=\"\">Isaac Newton<\/a>, y su temporada de aislamiento es seguramente el mayor regalo que ha hecho una pandemia a la historia del conocimiento.<\/p>\n<p class=\"\" style=\"text-align: justify;\">Fue all\u00ed cuando ocurri\u00f3 la c\u00e9lebre epifan\u00eda de la manzana. Casi todo el mundo la considera una f\u00e1bula, pero quiz\u00e1 no lo sea. El propio Newton cit\u00f3 la an\u00e9cdota varias veces en a\u00f1os posteriores, y adem\u00e1s no tiene nada de absurda. Sup\u00f3n que est\u00e1s pensando en la Luna \u2013incluso vi\u00e9ndola en el cielo del atardecer de Woolsthorpe\u2014 y de pronto cae una manzana al suelo. Es casi inevitable preguntarte por qu\u00e9 cae la manzana y no la Luna.<\/p>\n<p class=\"\" style=\"text-align: justify;\">La soluci\u00f3n que hall\u00f3 el joven confinado es que la Luna tambi\u00e9n ca\u00eda, que girar sobre la Tierra era una forma de caer, y que la manzana y la Luna se pod\u00edan explicar por la misma abstracci\u00f3n matem\u00e1tica, <a href=\"https:\/\/elpais.com\/elpais\/2018\/08\/29\/ciencia\/1535562692_980552.html\" target=\"_blank\" rel=\"noopener noreferrer\" data-link-track-dtm=\"\">la fuerza de la gravedad<\/a>. Junto a la invenci\u00f3n del c\u00e1lculo (derivadas, integrales), no es exagerado decir que el confinamiento pueblerino del joven Isaac fund\u00f3 la ciencia moderna y cambi\u00f3 el mundo por entero. Ojal\u00e1 alguna joven lectora tenga ese mismo esp\u00edritu inquisitivo y esa creatividad sublime.<\/p>\n<blockquote class=\"quote quote_block | font_secondary border border_1 border_solid border_gray_dark border-box\">\n<div>\u201cEl confinamiento pueblerino del joven Isaac fund\u00f3 la ciencia moderna y cambi\u00f3 el mundo por entero\u201d<\/div>\n<\/blockquote>\n<p class=\"\" style=\"text-align: justify;\">Incluso sin llegar a tanto, todos podemos ser un peque\u00f1o Newton por unos meses, aparcar el avispero de las redes en la cuneta que merece y ponernos a pensar con un poco de profundidad, aunque sea la primera vez que lo hacemos en nuestras vidas. Nadie os ha dado vacaciones. Para ocuparse de lo obvio, que es controlar la pandemia hasta unos niveles gestionables con nuestros recursos sanitarios, imponer medidas de aislamiento e <a href=\"https:\/\/elpais.com\/ciencia\/2020-03-20\/nuestra-motivacion-para-lograr-una-vacuna-lo-antes-posible-es-poder-abrazar-a-nuestros-padres-otra-vez.html\" target=\"_blank\" rel=\"noopener noreferrer\" data-link-track-dtm=\"\">investigar en f\u00e1rmacos y vacunas<\/a>, ya tenemos a algunos de los mejores cerebros del planeta. Dejad de leer chats de cu\u00f1ados y centraos en las cuestiones importantes.<\/p>\n<p class=\"\" style=\"text-align: justify;\">Por ejemplo, \u00bfcu\u00e1ntos casos de coronavirus han pasado inadvertidos? \u00bfY cu\u00e1ntos de ellos han quedado inmunizados? No tenemos ni idea, y sin embargo son dos n\u00fameros cruciales para decidir las medidas que hay que tomar, y hasta cu\u00e1ndo hay que tomarlas. Las pruebas que estamos aplicando buscan la presencia de genes v\u00edricos en un frotis de saliva, y no se hacen a la poblaci\u00f3n general, sino solo a los casos graves. Necesitamos una prueba serol\u00f3gica que detecte anticuerpos contra el virus, revelando as\u00ed el total de la poblaci\u00f3n que ha estado expuesto a \u00e9l. \u00bfSe te ocurre algo? Piensa, ahora tienes tiempo.<\/p>\n<p style=\"text-align: justify;\"><span class=\"margin_bottom uppercase flex align_items_center margin_right\"><a class=\"color_black\" title=\"Ver todas las noticias de Javier Sampedro\" href=\"https:\/\/elpais.com\/autor\/javier_sampedro\/a\/\">Javier Sampedro<\/a><\/span><\/p>\n<p>FOTO:Una mujer lee en un balc\u00f3n de Barcelona durante el confinamiento por el nuevo coronavirus.<span class=\"color_black margin_left uppercase light\">\u00a9Consuelo Bautista<\/span><\/p>\n<\/section>\n<\/div>\n","protected":false},"excerpt":{"rendered":"<p>La temporada de aislamiento de Isaac Newton en la peste de 1665 es el mayor&#8230;<\/p>\n","protected":false},"author":1,"featured_media":38560,"comment_status":"closed","ping_status":"closed","sticky":false,"template":"","format":"standard","meta":{"_coblocks_attr":"","_coblocks_dimensions":"","_coblocks_responsive_height":"","_coblocks_accordion_ie_support":"","jetpack_post_was_ever_published":false,"_jetpack_newsletter_access":"","_jetpack_dont_email_post_to_subs":false,"_jetpack_newsletter_tier_id":0,"_jetpack_memberships_contains_paywalled_content":false,"_jetpack_memberships_contains_paid_content":false,"footnotes":"","jetpack_publicize_message":"","jetpack_publicize_feature_enabled":true,"jetpack_social_post_already_shared":false,"jetpack_social_options":{"image_generator_settings":{"template":"highway","default_image_id":0,"enabled":false},"version":2}},"categories":[1161,7149,44,15,10],"tags":[7021,407,804],"class_list":["post-38559","post","type-post","status-publish","format-standard","has-post-thumbnail","hentry","category-ciudadania","category-coronavirus","category-noticias-de-hoy","category-ultimas-noticias","category-salud","tag-coronavirus","tag-investigacion","tag-vacunas"],"jetpack_publicize_connections":[],"jetpack_featured_media_url":"https:\/\/i0.wp.com\/miradordeatarfe.es\/wp-content\/uploads\/2020\/03\/6QPKYWME2BDQFAPCARIATR2FRA.jpg?fit=1500%2C803&ssl=1","jetpack_likes_enabled":true,"jetpack_sharing_enabled":true,"_links":{"self":[{"href":"https:\/\/miradordeatarfe.es\/index.php?rest_route=\/wp\/v2\/posts\/38559","targetHints":{"allow":["GET"]}}],"collection":[{"href":"https:\/\/miradordeatarfe.es\/index.php?rest_route=\/wp\/v2\/posts"}],"about":[{"href":"https:\/\/miradordeatarfe.es\/index.php?rest_route=\/wp\/v2\/types\/post"}],"author":[{"embeddable":true,"href":"https:\/\/miradordeatarfe.es\/index.php?rest_route=\/wp\/v2\/users\/1"}],"replies":[{"embeddable":true,"href":"https:\/\/miradordeatarfe.es\/index.php?rest_route=%2Fwp%2Fv2%2Fcomments&post=38559"}],"version-history":[{"count":1,"href":"https:\/\/miradordeatarfe.es\/index.php?rest_route=\/wp\/v2\/posts\/38559\/revisions"}],"predecessor-version":[{"id":38561,"href":"https:\/\/miradordeatarfe.es\/index.php?rest_route=\/wp\/v2\/posts\/38559\/revisions\/38561"}],"wp:featuredmedia":[{"embeddable":true,"href":"https:\/\/miradordeatarfe.es\/index.php?rest_route=\/wp\/v2\/media\/38560"}],"wp:attachment":[{"href":"https:\/\/miradordeatarfe.es\/index.php?rest_route=%2Fwp%2Fv2%2Fmedia&parent=38559"}],"wp:term":[{"taxonomy":"category","embeddable":true,"href":"https:\/\/miradordeatarfe.es\/index.php?rest_route=%2Fwp%2Fv2%2Fcategories&post=38559"},{"taxonomy":"post_tag","embeddable":true,"href":"https:\/\/miradordeatarfe.es\/index.php?rest_route=%2Fwp%2Fv2%2Ftags&post=38559"}],"curies":[{"name":"wp","href":"https:\/\/api.w.org\/{rel}","templated":true}]}}